{"id":1104081,"date":"2026-06-18T17:09:16","date_gmt":"2026-06-18T17:09:16","guid":{"rendered":"https:\/\/www.europesays.com\/de\/1104081\/"},"modified":"2026-06-18T17:09:16","modified_gmt":"2026-06-18T17:09:16","slug":"bayreuther-festspiele-bayerische-regierung-kritisiert-absage-von-gedenkfeier-in-bayreuth","status":"publish","type":"post","link":"https:\/\/www.europesays.com\/de\/1104081\/","title":{"rendered":"Bayreuther Festspiele: Bayerische Regierung kritisiert Absage von Gedenkfeier in Bayreuth"},"content":{"rendered":"<p class=\"paragraph article__item\">Der bayerische Staatsminister f\u00fcr Wissenschaft und Kunst, Markus Blume (CSU), hat die Absage einer Gedenkveranstaltung bei den <a href=\"https:\/\/www.zeit.de\/thema\/bayreuther-festspiele\" target=\"_blank\" rel=\"nofollow noopener\">Bayreuther Festspielen<\/a> kritisiert. \u00bbIch erwarte von der Festspielleitung, dass sie eine L\u00f6sung f\u00fcr die<br \/>\nVeranstaltung findet und zeigt: Im Kampf gegen Antisemitismus stehen wir<br \/>\n zusammen\u00ab, sagte er. Der Umgang der Festspiele mit diesem Thema \u00bbwar leider mehr als ungl\u00fccklich in den letzten Tagen\u00ab, sagte Blume.\n<\/p>\n<p class=\"paragraph article__item\">Zuvor hatte die Vorsitzende der Israelitischen Kultusgemeinde f\u00fcr M\u00fcnchen und<br \/>\nOberbayern, <a href=\"https:\/\/www.zeit.de\/thema\/charlotte-knobloch\" target=\"_blank\" rel=\"nofollow noopener\">Charlotte Knobloch<\/a>, die Entscheidung verurteilt. \u00bbDiese Absage ist auf jeder Ebene eine Bankrotterkl\u00e4rung\u00ab, sagte sie.\n<\/p>\n<p>            Knobloch: \u00bbFaktisch eine Ausladung Friedmans\u00ab            <\/p>\n<p class=\"paragraph article__item\">Bei der <a href=\"https:\/\/www.zeit.de\/feuilleton\/musik\/2026-06\/bayreuther-festspiele-michel-friedman-absage-antisemitismus\" target=\"_blank\" rel=\"nofollow noopener\">abgesagten Veranstaltung<\/a> h\u00e4tte der j\u00fcdische Publizist <a href=\"https:\/\/www.zeit.de\/thema\/michel-friedman\" target=\"_blank\" rel=\"nofollow noopener\">Michel Friedman<\/a> eine Rede \u00fcber Antisemitismus und die Aufarbeitung der NS-Vergangenheit halten sollen. In <a class=\"rtr-entity\" href=\"https:\/\/www.zeit.de\/thema\/bayreuth\" rel=\"nofollow noopener\" target=\"_blank\">Bayreuth<\/a> war von einer Verschiebung aus Sicherheitsgr\u00fcnden die Rede. An dieser Begr\u00fcndung gibt es indes Zweifel. Auch Blume sagte dem ZDF: \u00bbMich \u00fcberzeugt diese Begr\u00fcndung nicht v\u00f6llig.\u00ab\n<\/p>\n<p class=\"paragraph article__item\">Knobloch sagte: \u00bbBei der vermeintlichen Verschiebung handelt es<br \/>\nsich faktisch um nichts anderes als eine Ausladung Friedmans durch die<br \/>\nFestspielleitung.\u00ab Durch die Begr\u00fcndung mit \u00bbSicherheitsbedenken\u00ab w\u00fcrde man ihm obendrein noch indirekt die Verantwortung zuschieben. \u00bbMir fehlen die<br \/>\nWorte, um meine Wut und Entt\u00e4uschung auszudr\u00fccken\u00ab, sagte die ehemalige Pr\u00e4sidentin des <a href=\"https:\/\/www.zeit.de\/thema\/zentralrat-der-juden-in-deutschland\" target=\"_blank\" rel=\"nofollow noopener\">Zentralrats der Juden in Deutschland<\/a>. Die Festspielleitung habe eine Gelegenheit zur<br \/>\nAufarbeitung ihrer eigenen NS-Vergangenheit nicht nur verpasst, sondern<br \/>\n\u00bbauch f\u00fcr die Zukunft erheblich erschwert\u00ab.\n<\/p>\n<p>            Antisemitismusbeauftragter warnt vor den Folgen            <\/p>\n<p class=\"paragraph article__item\">Auch der bayerische <a href=\"https:\/\/www.zeit.de\/thema\/antisemitismus\" target=\"_blank\" rel=\"nofollow noopener\">Antisemitismusbeauftragte<\/a> Ludwig Spaenle zeigte sich \u00fcber die Entscheidung \u00bbdeutlich irritiert\u00ab. Die Absage sei unverst\u00e4ndlich. Es sei m\u00f6glich, die Sicherheit f\u00fcr eine solche Veranstaltung zu gew\u00e4hrleisten, sagte er. \u00bbDie Veranstalter m\u00fcssen sich \u00fcber die Folgen einer m\u00f6glichen<br \/>\nTerminverlegung im Klaren sein: Die Aufmerksamkeit zu einem Zeitpunkt<br \/>\nau\u00dferhalb der Festspielzeit d\u00fcrfte dann deutlich geringer ausfallen.\u00ab Das schade dem<br \/>\nAnliegen einer kritischen Aufarbeitung erheblich.\n<\/p>\n<p>                            \u00a9\u00a0Lea Dohle<\/p>\n<p>\n                                        Newsletter<br \/>\n                                        Was jetzt? \u2013 Der t\u00e4gliche Morgen\u00fcberblick<\/p>\n<p class=\"newsletter-signup__text\">Starten Sie mit unserem kurzen Nachrichten-Newsletter in den Tag. Erhalten Sie zudem freitags das digitale Magazin ZEIT am Wochenende.<\/p>\n<p class=\"newsletter-signup__datapolicy\" hidden=\"\">\n            Mit Ihrer Registrierung nehmen Sie die <a href=\"https:\/\/datenschutz.zeit.de\/zon#Newsletter\" target=\"_blank\" rel=\"nofollow noopener\">Datenschutzerkl\u00e4rung<\/a> zur Kenntnis.\n        <\/p>\n<p>    Vielen Dank! Wir haben Ihnen eine E-Mail geschickt.<\/p>\n<p>Pr\u00fcfen Sie Ihr Postfach und best\u00e4tigen Sie das Newsletter-Abonnement.<\/p>\n<p class=\"paragraph article__item\">Friedman selbst hatte die Entscheidung der Festspielleitung bereits kritisiert. \u00bbIch mag es nicht, wenn man die \u00d6ffentlichkeit und mich f\u00fcr<br \/>\ndumm verkauft\u00ab, sagte er der S\u00fcddeutschen Zeitung. \u00bbDie Ernsthaftigkeit, sich mit dem Antisemiten <a href=\"https:\/\/www.zeit.de\/thema\/richard-wagner\" target=\"_blank\" rel=\"nofollow noopener\">Wagner<\/a> auseinanderzusetzen, ist durch diese Absage ad absurdum gef\u00fchrt\u00ab, sagte er demnach weiter.\n<\/p>\n<p>Mehr zum Thema<\/p>\n<p>            NS-Aufarbeitung        <\/p>\n<p>                <a href=\"https:\/\/www.zeit.de\/feuilleton\/musik\/2026-06\/bayreuther-festspiele-michel-friedman-absage-antisemitismus\" data-ct-label=\"Bayreuther Festspiele: Bayreuth schafft sich ab\" data-uuid=\"9a3fb409-e736-4241-b38f-91a78150afbd\" rel=\"nofollow noopener\" target=\"_blank\"><\/p>\n<p>        Z+ (abopflichtiger Inhalt);<\/p>\n<p>    Bayreuther Festspiele:<br \/>\n                        Bayreuth schafft sich ab<\/p>\n<p>                <\/a><\/p>\n<p>                <a href=\"https:\/\/www.zeit.de\/2024\/38\/charlotte-knobloch-ostdeutschland-landtagswahlen-antisemitismus-afd\" data-ct-label=\"Charlotte Knobloch: &quot;Ich kann nur noch sehr wenig ausrichten&quot; \" data-uuid=\"aa3c2884-a73d-4ac1-b59c-2851d887c600\" rel=\"nofollow noopener\" target=\"_blank\"><\/p>\n<p>        Z+ (abopflichtiger Inhalt);<\/p>\n<p>    Charlotte Knobloch:<br \/>\n                        &#8222;Ich kann nur noch sehr wenig ausrichten&#8220; <\/p>\n<p>                <\/a><\/p>\n<p>                <a href=\"https:\/\/www.zeit.de\/kultur\/2025-08\/michel-friedman-mensch-demokratie-erinnerungskultur-gaza-friedrich-merz\" data-ct-label=\"Michel Friedman: &quot;Die gr\u00f6\u00dfte Gefahr sind gleichg\u00fcltige Demokraten in der Mitte&quot;\" data-uuid=\"bc465db2-9555-4ede-945c-e52b931cb109\" rel=\"nofollow noopener\" target=\"_blank\"><\/p>\n<p>        Z+ (abopflichtiger Inhalt);<\/p>\n<p>    Michel Friedman:<br \/>\n                        &#8222;Die gr\u00f6\u00dfte Gefahr sind gleichg\u00fcltige Demokraten in der Mitte&#8220;<\/p>\n<p>                <\/a><\/p>\n","protected":false},"excerpt":{"rendered":"Der bayerische Staatsminister f\u00fcr Wissenschaft und Kunst, Markus Blume (CSU), hat die Absage einer Gedenkveranstaltung bei den Bayreuther&hellip;\n","protected":false},"author":2,"featured_media":1104082,"comment_status":"","ping_status":"","sticky":false,"template":"","format":"standard","meta":{"footnotes":"","_share_on_mastodon":"0"},"categories":[5],"tags":[5899,18703,54730,25771,13,19500,14,15,16,12,10,8,9,11],"class_list":["post-1104081","post","type-post","status-publish","format-standard","has-post-thumbnail","category-nachrichten","tag-bayreuth","tag-bayreuther-festspiele","tag-charlotte-knobloch","tag-gedenkfeier","tag-headlines","tag-michel-friedman","tag-nachrichten","tag-news","tag-politik","tag-schlagzeilen","tag-top-news","tag-top-meldungen","tag-topmeldungen","tag-topnews"],"share_on_mastodon":{"url":"https:\/\/pubeurope.com\/@de\/116772219670537617","error":""},"_links":{"self":[{"href":"https:\/\/www.europesays.com\/de\/wp-json\/wp\/v2\/posts\/1104081","targetHints":{"allow":["GET"]}}],"collection":[{"href":"https:\/\/www.europesays.com\/de\/wp-json\/wp\/v2\/posts"}],"about":[{"href":"https:\/\/www.europesays.com\/de\/wp-json\/wp\/v2\/types\/post"}],"author":[{"embeddable":true,"href":"https:\/\/www.europesays.com\/de\/wp-json\/wp\/v2\/users\/2"}],"replies":[{"embeddable":true,"href":"https:\/\/www.europesays.com\/de\/wp-json\/wp\/v2\/comments?post=1104081"}],"version-history":[{"count":0,"href":"https:\/\/www.europesays.com\/de\/wp-json\/wp\/v2\/posts\/1104081\/revisions"}],"wp:featuredmedia":[{"embeddable":true,"href":"https:\/\/www.europesays.com\/de\/wp-json\/wp\/v2\/media\/1104082"}],"wp:attachment":[{"href":"https:\/\/www.europesays.com\/de\/wp-json\/wp\/v2\/media?parent=1104081"}],"wp:term":[{"taxonomy":"category","embeddable":true,"href":"https:\/\/www.europesays.com\/de\/wp-json\/wp\/v2\/categories?post=1104081"},{"taxonomy":"post_tag","embeddable":true,"href":"https:\/\/www.europesays.com\/de\/wp-json\/wp\/v2\/tags?post=1104081"}],"curies":[{"name":"wp","href":"https:\/\/api.w.org\/{rel}","templated":true}]}}