{"id":1104133,"date":"2026-06-18T17:39:15","date_gmt":"2026-06-18T17:39:15","guid":{"rendered":"https:\/\/www.europesays.com\/de\/1104133\/"},"modified":"2026-06-18T17:39:15","modified_gmt":"2026-06-18T17:39:15","slug":"nach-unfall-polizei-fasst-gesuchten-frauenmoerder-in-italien-news","status":"publish","type":"post","link":"https:\/\/www.europesays.com\/de\/1104133\/","title":{"rendered":"Nach Unfall: Polizei fasst gesuchten Frauenm\u00f6rder in Italien | News"},"content":{"rendered":"<p><a class=\"skip-content skip-content--link\" href=\"#in-content-skip-link-target-v-0-0\">TTS-Player \u00fcberspringen\u21b5<\/a><a id=\"in-content-skip-link-target-v-0-0\" class=\"skip-content--target-link-hidden skip-content skip-content--target-link\" href=\"#in-content-skip-link-target-v-0-0\">Artikel weiterlesen<\/a><\/p>\n<p>Peine (Niedersachsen) \u2013 <b>Seit Dienstagnachmittag um 15.10 Uhr hatte die Polizei den gef\u00e4hrlichen Frauenm\u00f6rder Benjamin Fricke (42) gesucht. Der zu lebenslanger Haft verurteilte Straft\u00e4ter entkam bei einem streng geregelten Ausgang seinem JVA-Bewacher auf dem Motorrad. Jetzt ist er gefasst worden. Das best\u00e4tigte das LKA auf BILD-Anfrage. <\/b><\/p>\n<p>Fricke konnte in Italien gefasst werden. Dort war er zuvor in einen Verkehrsunfall verwickelt, wobei er schwer verletzt wurde. Aktuellen Informationen zufolge liegt der M\u00f6rder derzeit im Krankenhaus.<\/p>\n<p>M\u00f6rder gelang mit Trick die Flucht<\/p>\n<p>Der 42-J\u00e4hrige war bei einem begleiteten Ausgang am Dienstag in Peine-V\u00f6hrum (<a href=\"https:\/\/www.bild.de\/regional\/niedersachsen\/home-Pxo03tc7w7hEgqy6Clw4\" class=\"text-link\" rel=\"nofollow noopener\" target=\"_blank\">Niedersachsen<\/a>) geflohen. F\u00fcr den Ausgang zwischen 9 und 17 Uhr hatte er die entsprechende Erlaubnis bekommen. Es war bereits der 38. seit seiner Verurteilung 2011. Das Ziel: die Wohnung seiner Mutter in Peine \u2013 sein einziger Sozialkontakt au\u00dferhalb des <a href=\"https:\/\/www.bild.de\/themen\/specials\/gefaengnis\/news-fotos-videos-31693380.bild.html\" class=\"text-link\" rel=\"nofollow noopener\" target=\"_blank\">Gef\u00e4ngnisses<\/a>. Dort wollte er eine Einbauk\u00fcche abbauen und an seinem Motorrad schrauben.<\/p>\n<p><img decoding=\"async\" width=\"992\" height=\"1178\" alt=\"Mit dieser KTM konnte Fricke in einem unbeobachteten Moment fliehen\" loading=\"lazy\" src=\"https:\/\/www.europesays.com\/de\/wp-content\/uploads\/2026\/06\/2ea527960c7a616559c067f81dd4287d,5ce9e6ce.jpeg\"   class=\"portrait\"\/><\/p>\n<p class=\"fig__caption__text\">Mit dieser KTM konnte Fricke in einem unbeobachteten Moment fliehen<\/p>\n<p>Foto: Polizei<\/p>\n<p>Nach BILD-Informationen hatte der Frauenm\u00f6rder die Maschine, eine schwarz-orangefarbene KTM Duke 200, Jahre zuvor in der Haft auf sich zugelassen. Doch nach dem gemeinsamen Mittagessen mit der Mutter <a href=\"https:\/\/www.bild.de\/regional\/niedersachsen\/moerder-benjamin-fricke-untergetaucht-nach-einem-besuch-bei-mama-tuermte-er-6a32f27889de1613d5cd5c85\" class=\"text-link\" rel=\"nofollow noopener\" target=\"_blank\">lie\u00df der Bewacher den Verbrecher allein zur Garage gehen<\/a>. Ein riesiger Fehler! Denn auf diesen Moment hatte Fricke gewartet: Er floh und verschwand zun\u00e4chst spurlos.<\/p>\n<p>Polizei bekam mehrere Hinweise auf Fricke<\/p>\n<p>Nach Ver\u00f6ffentlichung der Fahndungsbilder <a href=\"https:\/\/www.bild.de\/regional\/niedersachsen\/polizei-jagt-frauenmoerder-benjamin-fricke-nach-flucht-beim-freigang-6a338f0c7e682fc37fbfec9d\" class=\"text-link\" rel=\"nofollow noopener\" target=\"_blank\">gingen zahlreiche Hinweise bei der Polizei ein<\/a>. Mehrere davon f\u00fchrten die Fahnder schlie\u00dflich auf eine Spur nach Italien. Parallel zu den Ermittlungen in Deutschland war Fricke in der Region Venetien offenbar in einen Verkehrsunfall verwickelt. Details zu den Hintergr\u00fcnden sind noch unklar. Jedoch wurde er von italienischen Beamten identifiziert und festgenommen.<\/p>\n<p><img decoding=\"async\" width=\"992\" height=\"1178\" alt=\"Floristin Melanie R. aus Peine wurde in eine t\u00f6dliche Falle gelockt\" loading=\"lazy\" src=\"https:\/\/www.europesays.com\/de\/wp-content\/uploads\/2026\/06\/8a5dc1075f55b8a38fe25c00207c5338,68cb9b0e.jpeg\"   class=\"portrait\"\/><\/p>\n<p class=\"fig__caption__text\">Floristin Melanie R. aus Peine wurde in eine t\u00f6dliche Falle gelockt<\/p>\n<p>Foto: Polizei<\/p>\n<p>Der Mordfall Melanie R.<\/p>\n<p>Benjamin Fricke ist nach BILD-Informationen der M\u00f6rder von Melanie R. (\u202023). Er wurde zu lebenslanger Haft verurteilt, das Gericht stellte zudem die besondere Schwere der Schuld fest. \u201eSo viel emotionale K\u00e4lte wie bei dem Angeklagten erlebt man selten\u201c, sagte der Vorsitzende Richter damals in seiner Urteilsbegr\u00fcndung.<\/p>\n<p>Mehr zum Thema<\/p>\n<p>Im Oktober 2010 lernte das sp\u00e4tere Opfer \u00fcber eine Internetplattform eine vermeintlich junge Frau namens \u201eSarah\u201c kennen. Die beiden chatteten, bauten Vertrauen auf. Doch hinter dem Profil steckte in Wahrheit der damals 27-j\u00e4hrige Fricke. Er gab eine falsche Identit\u00e4t an, um die 23-J\u00e4hrige zu einem Treffen zu bewegen. Er lockte Melanie R. unter einem Vorwand in seine Wohnung, <a href=\"https:\/\/www.bild.de\/news\/inland\/auf-motorrad-entkommen-ist-der-fluechtige-haeftling-der-moerder-von-melanie-6a32d29da7834e0047eed406\" class=\"text-link\" rel=\"nofollow noopener\" target=\"_blank\">t\u00f6tete sie und verging sich an ihrem Leichnam<\/a>.<\/p>\n","protected":false},"excerpt":{"rendered":"TTS-Player \u00fcberspringen\u21b5Artikel weiterlesen Peine (Niedersachsen) \u2013 Seit Dienstagnachmittag um 15.10 Uhr hatte die Polizei den gef\u00e4hrlichen Frauenm\u00f6rder Benjamin&hellip;\n","protected":false},"author":2,"featured_media":1104134,"comment_status":"","ping_status":"","sticky":false,"template":"","format":"standard","meta":{"footnotes":"","_share_on_mastodon":"0"},"categories":[5],"tags":[331,332,1737,3364,29,122,1736,3647,64686,30,5760,13,2183,14,15,1411,26047,12,1996,138370,1995],"class_list":["post-1104133","post","type-post","status-publish","format-standard","has-post-thumbnail","category-nachrichten","tag-aktuelle-nachrichten","tag-aktuelle-news","tag-breaking-news","tag-de","tag-deutschland","tag-fahndungen","tag-fb-instantarticles","tag-gefaengnis","tag-gefaengnisausbruch","tag-germany","tag-haeftling","tag-headlines","tag-mord","tag-nachrichten","tag-news","tag-niedersachsen","tag-peine","tag-schlagzeilen","tag-straftaten","tag-team-first","tag-verbrechen"],"share_on_mastodon":{"url":"https:\/\/pubeurope.com\/@de\/116772339481692212","error":""},"_links":{"self":[{"href":"https:\/\/www.europesays.com\/de\/wp-json\/wp\/v2\/posts\/1104133","targetHints":{"allow":["GET"]}}],"collection":[{"href":"https:\/\/www.europesays.com\/de\/wp-json\/wp\/v2\/posts"}],"about":[{"href":"https:\/\/www.europesays.com\/de\/wp-json\/wp\/v2\/types\/post"}],"author":[{"embeddable":true,"href":"https:\/\/www.europesays.com\/de\/wp-json\/wp\/v2\/users\/2"}],"replies":[{"embeddable":true,"href":"https:\/\/www.europesays.com\/de\/wp-json\/wp\/v2\/comments?post=1104133"}],"version-history":[{"count":0,"href":"https:\/\/www.europesays.com\/de\/wp-json\/wp\/v2\/posts\/1104133\/revisions"}],"wp:featuredmedia":[{"embeddable":true,"href":"https:\/\/www.europesays.com\/de\/wp-json\/wp\/v2\/media\/1104134"}],"wp:attachment":[{"href":"https:\/\/www.europesays.com\/de\/wp-json\/wp\/v2\/media?parent=1104133"}],"wp:term":[{"taxonomy":"category","embeddable":true,"href":"https:\/\/www.europesays.com\/de\/wp-json\/wp\/v2\/categories?post=1104133"},{"taxonomy":"post_tag","embeddable":true,"href":"https:\/\/www.europesays.com\/de\/wp-json\/wp\/v2\/tags?post=1104133"}],"curies":[{"name":"wp","href":"https:\/\/api.w.org\/{rel}","templated":true}]}}