{"id":1104135,"date":"2026-06-18T17:40:16","date_gmt":"2026-06-18T17:40:16","guid":{"rendered":"https:\/\/www.europesays.com\/de\/1104135\/"},"modified":"2026-06-18T17:40:16","modified_gmt":"2026-06-18T17:40:16","slug":"wm-2026-deutschland-elfenbeinkueste-live-im-free-tv-stream-uhrzeit-uebertragung-anstoss-3","status":"publish","type":"post","link":"https:\/\/www.europesays.com\/de\/1104135\/","title":{"rendered":"WM 2026: Deutschland \u2013 Elfenbeink\u00fcste live im Free-TV &#038; Stream \u2013 Uhrzeit, \u00dcbertragung &#038; Ansto\u00df"},"content":{"rendered":"<p class=\"mb-6 text-xs-varying md:text-m lg:text-l font-serif group-[.font-sans]:font-sans \">\n    Die Elfenbeink\u00fcste, auch C\u00f4te d\u2019Ivoire genannt, ist eine der bedeutendsten Fu\u00dfballnationen Afrikas. Das Team hat in der Vergangenheit gro\u00dfe Spieler wie Didier Drogba oder Yaya Tour\u00e9 hervorgebracht und zeichnet sich durch kraftvollen, direkten Fu\u00dfball aus. Mit mehreren Erfolgen beim Afrika-Cup und einer kontinuierlichen Pr\u00e4senz auf gro\u00dfer B\u00fchne ist die Mannschaft l\u00e4ngst kein Au\u00dfenseiter mehr. Gerade ihre Unberechenbarkeit und offensive St\u00e4rke machen sie zu einem unangenehmen Gegner \u2013 auch f\u00fcr ein Team wie Deutschland. Hier kommen die Infos rund um die \u00dcbertragung des Spiels.\n  <\/p>\n<p>            Deutschland gegen Elfenbeink\u00fcste: Uhrzeit f\u00fcr den Ansto\u00df \u2013 wann l\u00e4uft das zweite WM-Spiel der DFB-Elf?<\/p>\n<p class=\"mb-6 text-xs-varying md:text-m lg:text-l font-serif group-[.font-sans]:font-sans \">\n    Das Gruppenspiel zwischen <a href=\"https:\/\/www.augsburger-allgemeine.de\/sport\/wm-2026-kader-deutschland-welche-spieler-sind-dabei-18-6-26-114285345\" target=\"_self\" class=\"underline \" rel=\"nofollow noopener\">Deutschland<\/a> und der Elfenbeink\u00fcste bei der Fu\u00dfball-Weltmeisterschaft 2026 ist im <a href=\"https:\/\/www.augsburger-allgemeine.de\/sport\/wm-2026-spielplan-termine-gruppen-18-6-2026-110733481\" target=\"_self\" class=\"underline \" rel=\"nofollow noopener\">Spielplan<\/a> f\u00fcr Samstag, 20. Juni 2026, angesetzt. Der Ansto\u00df erfolgt um 22 Uhr (MESZ). Austragungsort ist das Toronto Stadium in der gleichnamigen kanadischen Metropole. Sie ist die Hauptstadt der Provinz Ontario und die gr\u00f6\u00dfte Stadt des Landes.\n  <\/p>\n<p class=\"mb-6 text-xs-varying md:text-m lg:text-l font-serif group-[.font-sans]:font-sans \">\n    Das Spiel findet in einem der insgesamt 16 <a href=\"https:\/\/www.augsburger-allgemeine.de\/sport\/wm-2026-ort-austragungsort-stadien-staedte-und-termine-18-6-2026-102327604\" target=\"_self\" class=\"underline \" rel=\"nofollow noopener\">Stadien<\/a> statt, die f\u00fcr die <a href=\"https:\/\/www.augsburger-allgemeine.de\/sport\/fussball-weltmeister-im-ueberblick-bisherige-wm-sieger-18-6-2026-102063845\" target=\"_self\" class=\"underline \" rel=\"nofollow noopener\">Weltmeisterschaft<\/a> vorgesehen sind. Aufgrund der erheblichen <a href=\"https:\/\/www.augsburger-allgemeine.de\/sport\/fussball-wm-2026-zeitverschiebung-und-anstosszeiten-nach-deutscher-zeit-18-6-2026-114302651\" target=\"_self\" class=\"underline \" rel=\"nofollow noopener\">Zeitverschiebung<\/a> zwischen Nordamerika und Mitteleuropa werden zahlreiche Partien aus deutscher Perspektive erst am sp\u00e4ten Abend oder in den Nachtstunden ausgetragen.\n  <\/p>\n<p>            Deutschland \u2013 Elfenbeink\u00fcste live im Free-TV und Stream: \u00dcbertragung der WM 2026<\/p>\n<p class=\"mb-6 text-xs-varying md:text-m lg:text-l font-serif group-[.font-sans]:font-sans \">\n    Die \u00dcbertragungsrechte f\u00fcr die Fu\u00dfball-Weltmeisterschaft 2026 in Deutschland sind auf mehrere Anbieter verteilt. S\u00e4mtliche Partien des Turniers sind exklusiv \u00fcber die Streaming-Plattform MagentaTV der Deutschen Telekom zug\u00e4nglich.\n  <\/p>\n<p class=\"mb-6 text-xs-varying md:text-m lg:text-l font-serif group-[.font-sans]:font-sans \">\n    Parallel dazu haben sich ARD und ZDF umfangreiche Free-TV-Rechte gesichert \u2013 prim\u00e4r nat\u00fcrlich die <a href=\"https:\/\/www.augsburger-allgemeine.de\/sport\/fussball-wm-2026-deutschland-live-im-free-tv-und-stream-ard-zdf-oder-magentatv-18-6-26-114303312\" target=\"_self\" class=\"underline \" rel=\"nofollow noopener\">\u00dcbertragung der Deutschland-Spiele<\/a>. Die \u00f6ffentlich-rechtlichen Sender liefern insgesamt 60 Begegnungen, darunter das Er\u00f6ffnungsspiel sowie die beiden Halbfinals und das Finale am 19. Juli 2026.\n  <\/p>\n<p>    <img decoding=\"async\" src=\"https:\/\/images.mgpd.de\/img\/113864534\/crop\/c16_9-w100\/440035245\/925621477\/fussball-wm-2026-auslosung-vorrunde.jpg\" alt=\"Das Tableau zeigt die deutsche Gruppe f\u00fcr die WM in Amerika.\" title=\"Das Tableau zeigt die deutsche Gruppe f\u00fcr die WM in Amerika.\" loading=\"lazy\" class=\"h-full w-full object-cover\"\/><\/p>\n<p>      Icon vergr\u00f6\u00dfern<\/p>\n<p>    Das Tableau zeigt die deutsche Gruppe f\u00fcr die WM in Amerika.<br \/>\n    Foto: Sam Corum\/PA Wire, dpa (Archivbild)<\/p>\n<p>        Schlie\u00dfen <\/p>\n<p>      Icon Schlie\u00dfen<\/p>\n<p>        Icon vergr\u00f6\u00dfern<\/p>\n<p>        Icon verkleinern<\/p>\n<p>      Icon Pfeil bewegen<\/p>\n<p>    Das Tableau zeigt die deutsche Gruppe f\u00fcr die WM in Amerika.<br \/>\n    Foto: Sam Corum\/PA Wire, dpa (Archivbild)<\/p>\n<p class=\"mb-6 text-xs-varying md:text-m lg:text-l font-serif group-[.font-sans]:font-sans \">\n    Das Gruppenspiel zwischen Deutschland und der Elfenbeink\u00fcste wird live im ZDF ausgestrahlt und ist damit frei empfangbar. Erg\u00e4nzend stellt der Sender die Partie auch einen kostenfreien <a href=\"https:\/\/www.zdf.de\/?at_medium=PaidMedia&amp;at_specific=sea&amp;at_specific=SEA&amp;at_campaign=BrandHomepage&amp;at_campaign=zdf&amp;at_content=google&amp;gad_source=1&amp;gad_campaignid=21729472013&amp;gbraid=0AAAAAp\" rel=\"nofollow noopener\" target=\"_blank\" class=\"underline \">Livestream<\/a> zur Verf\u00fcgung, sodass Zuschauerinnen und Zuschauer das Spiel unabh\u00e4ngig vom klassischen Fernsehger\u00e4t verfolgen k\u00f6nnen.\n  <\/p>\n<ul rel=\"\" class=\"[&amp;&gt;li]:relative list-none  [&amp;&gt;li]:pl-[1.2em] [&amp;&gt;li]:marker:text-[0] [&amp;&gt;li]:relative [&amp;&gt;li]:before:absolute [&amp;&gt;li]:before:w-3 [&amp;&gt;li]:before:h-3 [&amp;&gt;li]:before:bg-brand [&amp;&gt;li]:before:left-0 [&amp;&gt;li]:before:top-[8px] [&amp;&gt;li]:before:rounded-full  my-5\">\n<li class=\" mb-3 text-xs md:text-m lg:text-l\">Spiel: Deutschland \u2013 Elfenbeink\u00fcste, Gruppenphase, Gruppe E<\/li>\n<li class=\" mb-3 text-xs md:text-m lg:text-l\">Datum: Samstag, 20. Juni 2026<\/li>\n<li class=\" mb-3 text-xs md:text-m lg:text-l\">Uhrzeit: Anpfiff um 22 Uhr, Beginn der \u00dcbertragung: 21 Uhr<\/li>\n<li class=\" mb-3 text-xs md:text-m lg:text-l\">Ort: Toronto Stadium, Toronto, Kanada<\/li>\n<li class=\" mb-3 text-xs md:text-m lg:text-l\">\u00dcbertragung im Free-TV: ZDF \u2013 Moderation: Jochen Breyer \u2013 Experten: Friederike Kromp, Christoph Kramer, Per Mertesacker, Christian Streich \u2013 Kommentar:  Oliver Schmidt<\/li>\n<li class=\" mb-3 text-xs md:text-m lg:text-l\">\u00dcbertragung im Stream: <a href=\"https:\/\/www.zdf.de\/?at_medium=PaidMedia&amp;at_specific=sea&amp;at_specific=SEA&amp;at_campaign=BrandHomepage&amp;at_campaign=zdf&amp;at_content=google&amp;gad_source=1&amp;gad_campaignid=21729472013&amp;gbraid=0AAAAAp\" rel=\"nofollow noopener\" target=\"_blank\" class=\"underline \">ZDF<\/a>, <a href=\"https:\/\/www.telekom.de\/sport\/magenta-tv-fussball?vo=INT15&amp;wt_mc=sk_tvmtmtxx_14_fn-tp_1779840397_68861048083_811344911449_&amp;wt_cc7=e_magenta+tv&amp;gclsrc=aw.ds&amp;gad_source=1&amp;gad_campaignid=1779840397&amp;gbraid=0AAAAADu4hO8bjPKpF3n-rHKHS\" rel=\"nofollow noopener\" target=\"_blank\" class=\"underline \">Magenta-TV<\/a><\/li>\n<\/ul>\n<p>            Deutschland vs. Elfenbeink\u00fcste: Bilanz und Prognose der beiden Teams<\/p>\n<p class=\"mb-6 text-xs-varying md:text-m lg:text-l font-serif group-[.font-sans]:font-sans \">\n    Vor geraumer Zeit, n\u00e4mlich am 18. November 2009, sind die beiden Mannschaften sich in einem Freundschaftsspiel begegnet, verr\u00e4t uns der <a href=\"https:\/\/datencenter.dfb.de\/datencenter\/laenderspiel\/2009-2010\/saison\/deutschland-elfenbeinkueste-85355\" rel=\"nofollow noopener\" target=\"_blank\" class=\"underline \">DFB<\/a>. Das Spiel ging unentschieden 2:2 aus, die Tore in der Gelsenkirchener Veltins-Arena schossen Podolski (2), Ebou\u00e9 und Doumbia.\n  <\/p>\n<p class=\"mb-6 text-xs-varying md:text-m lg:text-l font-serif group-[.font-sans]:font-sans \">\n    Google hat einen Blick in die Glaskugel riskiert und sieht die folgenden <a href=\"https:\/\/www.google.com\/search?q=Deutschland+gegen+Elfenbeink\u00fcste&amp;rlz=1C1GCEB_enDE1184DE1184&amp;oq=Deutschland+gegen+Elfenbeink\u00fcste&amp;gs_lcrp=EgZjaHJvbWUyBggAEEUYOTIGCAEQRRg80gEFN2owajeoAgiwAgHxBYlRGrz2K_hB8QWJURq89iv4QQ&amp;sou#sie=m\" rel=\"nofollow noopener\" target=\"_blank\" class=\"underline \">Chancen<\/a>: Sieg Deutschland 62 Prozent, Unentschieden 22 Prozent, Sieg Elfenbeink\u00fcste 16 Prozent (Stand: 13. Juni 2026).\n  <\/p>\n","protected":false},"excerpt":{"rendered":"Die Elfenbeink\u00fcste, auch C\u00f4te d\u2019Ivoire genannt, ist eine der bedeutendsten Fu\u00dfballnationen Afrikas. Das Team hat in der Vergangenheit&hellip;\n","protected":false},"author":2,"featured_media":1099153,"comment_status":"","ping_status":"","sticky":false,"template":"","format":"standard","meta":{"footnotes":"","_share_on_mastodon":"0"},"categories":[2],"tags":[16302,148728,331,3924,332,3922,3364,29,232978,63828,19366,31007,30,13,14,3923,15,3921,12,684,232979,1448],"class_list":["post-1104135","post","type-post","status-publish","format-standard","has-post-thumbnail","category-deutschland","tag-afrika","tag-afrika-cup","tag-aktuelle-nachrichten","tag-aktuelle-nachrichten-aus-deutschland","tag-aktuelle-news","tag-aktuelle-news-aus-deutschland","tag-de","tag-deutschland","tag-didier-drogba","tag-elfenbeinkueste","tag-fussball-wm","tag-fussball-nationalmannschaft","tag-germany","tag-headlines","tag-nachrichten","tag-nachrichten-aus-deutschland","tag-news","tag-news-aus-deutschland","tag-schlagzeilen","tag-tv","tag-yaya-toure","tag-zdf"],"share_on_mastodon":{"url":"https:\/\/pubeurope.com\/@de\/116772341557459734","error":""},"_links":{"self":[{"href":"https:\/\/www.europesays.com\/de\/wp-json\/wp\/v2\/posts\/1104135","targetHints":{"allow":["GET"]}}],"collection":[{"href":"https:\/\/www.europesays.com\/de\/wp-json\/wp\/v2\/posts"}],"about":[{"href":"https:\/\/www.europesays.com\/de\/wp-json\/wp\/v2\/types\/post"}],"author":[{"embeddable":true,"href":"https:\/\/www.europesays.com\/de\/wp-json\/wp\/v2\/users\/2"}],"replies":[{"embeddable":true,"href":"https:\/\/www.europesays.com\/de\/wp-json\/wp\/v2\/comments?post=1104135"}],"version-history":[{"count":0,"href":"https:\/\/www.europesays.com\/de\/wp-json\/wp\/v2\/posts\/1104135\/revisions"}],"wp:featuredmedia":[{"embeddable":true,"href":"https:\/\/www.europesays.com\/de\/wp-json\/wp\/v2\/media\/1099153"}],"wp:attachment":[{"href":"https:\/\/www.europesays.com\/de\/wp-json\/wp\/v2\/media?parent=1104135"}],"wp:term":[{"taxonomy":"category","embeddable":true,"href":"https:\/\/www.europesays.com\/de\/wp-json\/wp\/v2\/categories?post=1104135"},{"taxonomy":"post_tag","embeddable":true,"href":"https:\/\/www.europesays.com\/de\/wp-json\/wp\/v2\/tags?post=1104135"}],"curies":[{"name":"wp","href":"https:\/\/api.w.org\/{rel}","templated":true}]}}