{"id":1104296,"date":"2026-06-18T19:12:24","date_gmt":"2026-06-18T19:12:24","guid":{"rendered":"https:\/\/www.europesays.com\/de\/1104296\/"},"modified":"2026-06-18T19:12:24","modified_gmt":"2026-06-18T19:12:24","slug":"hannover-anwohnerin-will-fete-de-la-musique-stoppen-eilantrag-scheitert","status":"publish","type":"post","link":"https:\/\/www.europesays.com\/de\/1104296\/","title":{"rendered":"Hannover: Anwohnerin will F\u00eate de la Musique stoppen \u2013 Eilantrag scheitert"},"content":{"rendered":"<p>So hat das Gericht entschieden <\/p>\n<p>Anwohnerin will F\u00eate de la Musique stoppen<\/p>\n<p>18.06.2026 &#8211; 20:08 UhrLesedauer: 1 Min.<\/p>\n<p><a href=\"#focus-0\" class=\"transition-colors block text-current relative\" data-sctrack=\"FocusGalleryImage.Reference\"><img fetchpriority=\"high\" data-testid=\"Opener.Image\"   loading=\"eager\" src=\"https:\/\/www.europesays.com\/de\/wp-content\/uploads\/2026\/06\/fete-de-la-musique-in-hannover-archivbild-eine-anwohner-stoert-sich-an-dem-laerm-der-von-einer-buehn.jpeg\" alt=\"F\u00eate de la Musique in Hannover (Archivbild): Eine Anwohner st\u00f6rt sich an dem L\u00e4rm, der von einer B\u00fchne ausgeht.\" title=\"F\u00eate de la Musique in Hannover (Archivbild): Eine Anwohner st\u00f6rt sich an dem L\u00e4rm, der von einer B\u00fchne ausgeht.\" width=\"4000\" height=\"2250\" class=\"bg-[url:var(--lqipURL)] bg-cover bg-center flex h-full w-full max-w-full\" style=\"--lqipURL:url('https:\/\/images.t-online.de\/2026\/06\/kn0J5Ga7FSkD\/0x209:4000x2250\/fit-in\/150x0\/filters:blur(25)\/fete-de-la-musique-in-hannover-archivbild-eine-anwohner-stoert-sich-an-dem-laerm-der-von-einer-buehne-ausgeht.jpg')\" decoding=\"async\"\/><img loading=\"lazy\" src=\"https:\/\/hannover.t-online.de\/s\/paper\/_next\/static\/media\/zoom-in.f7dae02f.svg\" alt=\"Vergr\u00f6\u00dfern des Bildes\" title=\"Vergr\u00f6\u00dfern des Bildes\" class=\"block h-[calc(var(--height)_\/_16_*_1rem)] w-[calc(var(--width)_\/_16_*_1rem)] max-w-none absolute right-8 bottom-8 rounded-4 bg-snow p-8\" style=\"--width:32;--height:32\" decoding=\"async\"\/><\/a><\/p>\n<p>F\u00eate de la Musique in Hannover (Archivbild): Eine Anwohner st\u00f6rt sich an dem L\u00e4rm, der von einer B\u00fchne ausgeht. (Quelle: Axel Bueckert\/imago)<\/p>\n<p><img loading=\"lazy\" src=\"https:\/\/hannover.t-online.de\/s\/paper\/_next\/static\/media\/audio-volume.6689034c.svg\" alt=\"\" title=\"\" class=\"block h-[calc(var(--height)_\/_16_*_1rem)] w-[calc(var(--width)_\/_16_*_1rem)] max-w-none group-hover:brightness-0 group-hover:invert\" style=\"--width:16;--height:16\" decoding=\"async\"\/>Vorlesen<\/p>\n<p>Aktuelle Zeit:0:00Gesamtdauer:0:00<\/p>\n<p>1x<\/p>\n<p class=\"text-center\">Jetzt neu bei t-online:<\/p>\n<p class=\"text-center\">Schriftgr\u00f6\u00dfe anpassen!<\/p>\n<p><img loading=\"lazy\" src=\"https:\/\/hannover.t-online.de\/s\/paper\/_next\/static\/media\/font-sizes.32942e33.svg\" alt=\"\" title=\"\" class=\"block h-[calc(var(--height)_\/_16_*_1rem)] w-[calc(var(--width)_\/_16_*_1rem)] max-w-none group-hover:hidden group-aria-expanded:hidden\" style=\"--width:16;--height:16\" decoding=\"async\"\/><img loading=\"lazy\" src=\"https:\/\/hannover.t-online.de\/s\/paper\/_next\/static\/media\/font-sizes-dark-mode.e382645c.svg\" alt=\"\" title=\"\" class=\"block h-[calc(var(--height)_\/_16_*_1rem)] w-[calc(var(--width)_\/_16_*_1rem)] max-w-none hidden group-hover:block group-aria-expanded:block\" style=\"--width:16;--height:16\" decoding=\"async\"\/><img loading=\"lazy\" src=\"https:\/\/hannover.t-online.de\/s\/paper\/_next\/static\/media\/sharing-menu-icon.1eb71368.svg\" alt=\"\" title=\"\" class=\"block h-[calc(var(--height)_\/_16_*_1rem)] w-[calc(var(--width)_\/_16_*_1rem)] max-w-none group-hover:brightness-0 group-hover:invert\" style=\"--width:16;--height:16\" decoding=\"async\"\/>Artikel teilen<\/p>\n<p class=\"font-bold text-18 leading-17 user-text-lg:text-22 user-text-xl:text-24\">Mit einem Eilantrag will eine Hannoveranerin die F\u00eate de la Musique verhindern. Vor Gericht scheitert sie.<\/p>\n<p class=\"text-18 leading-17 user-text-lg:text-22 user-text-xl:text-24\">Eine Hannoveranerin hat versucht, Teile der f\u00fcr Sonntag (21. Juni) geplanten F\u00eate de la Musique zu stoppen. Sie reichte beim Verwaltungsgericht einen entsprechenden Eilantrag ein.<\/p>\n<p class=\"text-18 leading-17 user-text-lg:text-22 user-text-xl:text-24\">Da eine der B\u00fchnen in der N\u00e4he ihrer Wohnung aufgestellt werden soll, bef\u00fcrchtete die Frau eine Gesundheitsgef\u00e4hrdung durch L\u00e4rm und Licht. Sie bezeichnete die Immissionen zudem als unzumutbar. Deshalb wollte sie, dass die B\u00fchne verlegt wird, beziehungsweise dass die Veranstaltung im Bereich ihrer Wohnung unterlassen wird.<\/p>\n<p>F\u00eate de la Musique genie\u00dft &#8222;hohes \u00f6ffentliches Interesse&#8220;<\/p>\n<p class=\"text-18 leading-17 user-text-lg:text-22 user-text-xl:text-24\">Doch ihr Antrag hatte keinen Erfolg: Das Verwaltungsgericht stellte fest, dass die Veranstaltung als kulturelles Gro\u00dfereignis von besonderer gesellschaftlicher Bedeutung ein hohes \u00f6ffentliches Interesse genie\u00dfe.<\/p>\n<p class=\"text-18 leading-17 user-text-lg:text-22 user-text-xl:text-24\">&#8222;Zwar k\u00f6nnten die in technischen Regelwerken vorgesehenen Immissionsrichtwerte teilweise \u00fcberschritten werden&#8220;, hie\u00df es. Nach Auffassung des Gerichts habe die Stadt Hannover jedoch nachvollziehbar dargelegt, dass durch Schutzma\u00dfnahmen gesundheitliche Gefahren von Anwohnern ausgeschlossen werden k\u00f6nnen.<\/p>\n<p>F\u00eate de la Musique ist singul\u00e4res Ereignis<\/p>\n<p class=\"text-18 leading-17 user-text-lg:text-22 user-text-xl:text-24\">Dar\u00fcber hinaus wies die Kammer darauf hin, dass die Veranstaltung nur an einem Tag im Jahr stattfindet und auf einen Zeitraum von 14 bis 22 Uhr begrenzt sei. Die Nachtruhe werde dabei eingehalten. Unter diesen Umst\u00e4nden seien die zu erwartenden L\u00e4rmimmissionen f\u00fcr die Antragstellerin zumutbar.<\/p>\n<p class=\"text-18 leading-17 user-text-lg:text-22 user-text-xl:text-24\">Der Fall erinnert an einen Fall aus dem Sommer 2023: Damals hatte eine Anwohnerin <a href=\"https:\/\/hannover.t-online.de\/region\/hannover\/id_100221930\/hannover-maschseefest-darf-gefeiert-werden-klage-gescheitert.html\" class=\"transition-colors cursor-pointer no-underline md:hover:text-magenta md:focus:text-magenta border-b border-solid border-current text-salemsfur md:hover:border-magenta\" data-tracking=\"{&quot;action&quot;:&quot;click&quot;,&quot;category&quot;:&quot;intextLink&quot;,&quot;label&quot;:&quot;\/region\/hannover\/id_100221930\/hannover-maschseefest-darf-gefeiert-werden-klage-gescheitert.html&quot;}\" data-sctrack=\"BodyAnchor\" rel=\"nofollow noopener\" target=\"_blank\">gegen das Maschseefest geklagt<\/a>. Die Kl\u00e4gerin hatte sich \u00fcber die L\u00e4rmbel\u00e4stigung echauffiert und die Genehmigung des Festes durch eine stra\u00dfenrechtliche Erlaubnis angefochten. Auch ihr Eilantrag, um das Fest w\u00e4hrend der Kl\u00e4rung ihrer Klage nicht weiterlaufen zu lassen, scheiterte vor dem Verwaltungsgericht.<\/p>\n","protected":false},"excerpt":{"rendered":"So hat das Gericht entschieden Anwohnerin will F\u00eate de la Musique stoppen 18.06.2026 &#8211; 20:08 UhrLesedauer: 1 Min.&hellip;\n","protected":false},"author":2,"featured_media":1104297,"comment_status":"","ping_status":"","sticky":false,"template":"","format":"standard","meta":{"footnotes":"","_share_on_mastodon":"0"},"categories":[1836],"tags":[8769,3364,29,44806,65952,30,46,1411],"class_list":["post-1104296","post","type-post","status-publish","format-standard","has-post-thumbnail","category-hannover","tag-verwaltungsgericht","tag-de","tag-deutschland","tag-eilantrag","tag-fete-de-la-musique","tag-germany","tag-hannover","tag-niedersachsen"],"share_on_mastodon":{"url":"https:\/\/pubeurope.com\/@de\/116772703768773861","error":""},"_links":{"self":[{"href":"https:\/\/www.europesays.com\/de\/wp-json\/wp\/v2\/posts\/1104296","targetHints":{"allow":["GET"]}}],"collection":[{"href":"https:\/\/www.europesays.com\/de\/wp-json\/wp\/v2\/posts"}],"about":[{"href":"https:\/\/www.europesays.com\/de\/wp-json\/wp\/v2\/types\/post"}],"author":[{"embeddable":true,"href":"https:\/\/www.europesays.com\/de\/wp-json\/wp\/v2\/users\/2"}],"replies":[{"embeddable":true,"href":"https:\/\/www.europesays.com\/de\/wp-json\/wp\/v2\/comments?post=1104296"}],"version-history":[{"count":0,"href":"https:\/\/www.europesays.com\/de\/wp-json\/wp\/v2\/posts\/1104296\/revisions"}],"wp:featuredmedia":[{"embeddable":true,"href":"https:\/\/www.europesays.com\/de\/wp-json\/wp\/v2\/media\/1104297"}],"wp:attachment":[{"href":"https:\/\/www.europesays.com\/de\/wp-json\/wp\/v2\/media?parent=1104296"}],"wp:term":[{"taxonomy":"category","embeddable":true,"href":"https:\/\/www.europesays.com\/de\/wp-json\/wp\/v2\/categories?post=1104296"},{"taxonomy":"post_tag","embeddable":true,"href":"https:\/\/www.europesays.com\/de\/wp-json\/wp\/v2\/tags?post=1104296"}],"curies":[{"name":"wp","href":"https:\/\/api.w.org\/{rel}","templated":true}]}}