{"id":1104316,"date":"2026-06-18T19:22:36","date_gmt":"2026-06-18T19:22:36","guid":{"rendered":"https:\/\/www.europesays.com\/de\/1104316\/"},"modified":"2026-06-18T19:22:36","modified_gmt":"2026-06-18T19:22:36","slug":"nach-rauswurf-von-ole-werner-erster-sportdirektor-von-rb-geht-auf-leipzig-los-sport","status":"publish","type":"post","link":"https:\/\/www.europesays.com\/de\/1104316\/","title":{"rendered":"Nach Rauswurf von Ole Werner: Erster Sportdirektor von RB geht auf Leipzig los | Sport"},"content":{"rendered":"<p><a class=\"skip-content skip-content--link\" href=\"#in-content-skip-link-target-v-0-0\">TTS-Player \u00fcberspringen\u21b5<\/a><a id=\"in-content-skip-link-target-v-0-0\" class=\"skip-content--target-link-hidden skip-content skip-content--target-link\" href=\"#in-content-skip-link-target-v-0-0\">Artikel weiterlesen<\/a><\/p>\n<p data-21134c99=\"0-2375\"><b>Der Donner des Trainer-Wechsels in Leipzig ist noch lange nicht verhallt. In der Fu\u00dfball-Branche wird vor allem das \u201eWie\u201c diskutiert. Der Ablauf \u00fcber den Rauswurf von Ole Werner (38) sorgt f\u00fcr Entsetzen. <\/b><\/p>\n<p data-21134c99=\"0-2375\">\u201eDer Trainer wurde aus meiner Sicht ohne Not aus dem Amt gekippt\u201c, sagt Joachim Krug (70), der 2009 erster Sportchef in Leipzig war und mit dem Klub den Sprung in die Regionalliga schaffte. \u201eEs ist immer wieder das gleiche Muster. Entscheidungen werden irgendwo getroffen, die Verantwortlichen in Leipzig aber nicht wirklich mitgenommen. Ich k\u00f6nnte kotzen.\u201c<\/p>\n<p data-21134c99=\"0-2375\">Erlebte Krug einst selbst: Im Winter 2010 \u00fcbernahm Dietmar Beiersdorfer (62) als Red-Bull-Sportdirektor auch bei <a href=\"https:\/\/www.bild.de\/sport\/fussball\/rb-leipzig\/startseite-leipzig-31148870.bild.html\" class=\"text-link\" rel=\"nofollow noopener\" target=\"_blank\">RB Leipzig <\/a>\u2013 und setzte im Sommer Aufstiegstrainer Tino Vogel und eben Krug in der Nacht der Aufstiegsparty vor die T\u00fcr. <\/p>\n<p><img decoding=\"async\" width=\"992\" height=\"1178\" alt=\"Joachim Krug (r.) mit dem damaligen Red-Bull-Sportdirektor Dietmar Beiersdorfer im Jahr 2010\" loading=\"lazy\" src=\"https:\/\/www.europesays.com\/de\/wp-content\/uploads\/2026\/06\/000715d66def924fe2fa5c78145a3ed4,84216a54.jpeg\"   class=\"portrait\"\/><\/p>\n<p class=\"fig__caption__text\">Joachim Krug (r.) mit dem damaligen Red-Bull-Sportdirektor Dietmar Beiersdorfer im Jahr 2010 <\/p>\n<p>Foto: picture alliance\/dpa<\/p>\n<p>\u201eMacht den Verein nicht sympathischer\u201c<\/p>\n<p data-21134c99=\"0-2375\">Krug: \u201eIch verteidige den Klub, wo immer es nur geht. Aber richtig schwierig finde ich die Rolle von J\u00fcrgen Klopp bei der Sache. Er stellt sich im TV hin und sagt, er h\u00e4tte nichts damit zu tun. Mit Verlaub, das ist Bullshit. Er ist doch Head of Glabal Soccer \u2013 und damit Vorgesetzter von Werner. Die ganze Gemengelage macht den Verein nicht sympathischer.\u201c<\/p>\n<p>Marcel Reif mit Kritik an Klopp<\/p>\n<p data-21134c99=\"0-2375\">Auch Kult-Kommentator Marcel Reif (76) ist \u00fcber die Art und Weise der Entlassung verwundert. Er sagte in der Sendung Reif ist live auf bild.de: \u201eAls ich das erste Ger\u00fccht geh\u00f6rt habe, habe ich es nicht f\u00fcr m\u00f6glich gehalten. Sie werden sich was \u00fcberlegt haben. Dennoch wundert es mich. Der Umgang mit ihm scheint mir \u2013 aus der Distanz \u2013 alles andere als gl\u00fccklich und wirft auch kein gutes Licht auf <a href=\"https:\/\/www.bild.de\/sport\/leute\/juergen-klopp\/juergen-klopp-alle-infos-76678944.bild.html\" class=\"text-link\" rel=\"nofollow noopener\" target=\"_blank\">J\u00fcrgen Klopp<\/a>, der sich da vermeintlich v\u00f6llig heraush\u00e4lt. Aber jeder sagt, er sei die treibende Kraft dahinter. Eine der merkw\u00fcrdigeren Trainer-Entlassungen in der Geschichte.\u201c<\/p>\n<p>Trainer sollte man Respekt entgegenbringen<\/p>\n<p data-21134c99=\"0-2375\">Trainer-Legende Frank Engel (75) war jahrelang Nationalcoach beim DFB, sp\u00e4ter zudem Verbandsvorsitzender des Bundes Deutscher Fu\u00dfball-Lehrer (BDFL). <\/p>\n<p data-21134c99=\"0-2375\">Engel sagt: \u201eDer Umgang mit Ole Werner war sehr unsch\u00f6n. Der Trainer ist der wichtigste Angestellte im Verein \u2013 und dem sollte man Respekt entgegenbringen. Ole hat die Mannschaft nach vielen wichtigen Abg\u00e4ngen mit viel Akribie und Geduld geformt. Und letztlich die sportliche Vorgabe erf\u00fcllt. Er h\u00e4tte sich die Chance auf die n\u00e4chste Saison verdient gehabt.\u201c<\/p>\n","protected":false},"excerpt":{"rendered":"TTS-Player \u00fcberspringen\u21b5Artikel weiterlesen Der Donner des Trainer-Wechsels in Leipzig ist noch lange nicht verhallt. In der Fu\u00dfball-Branche wird&hellip;\n","protected":false},"author":2,"featured_media":1104317,"comment_status":"","ping_status":"","sticky":false,"template":"","format":"standard","meta":{"footnotes":"","_share_on_mastodon":"0"},"categories":[1832],"tags":[3364,29,538,30,7645,71,1655,859,3460,4581,1261,5843,539],"class_list":["post-1104316","post","type-post","status-publish","format-standard","has-post-thumbnail","category-leipzig","tag-de","tag-deutschland","tag-erste-bundesliga","tag-germany","tag-klopp-juergen","tag-leipzig","tag-rb-leipzig","tag-sachsen","tag-sport-leuchtturm-leipzig","tag-sport-tag-im-ticker","tag-toralarm-top-news","tag-trainer","tag-werner-ole"],"share_on_mastodon":{"url":"https:\/\/pubeurope.com\/@de\/116772743642116561","error":""},"_links":{"self":[{"href":"https:\/\/www.europesays.com\/de\/wp-json\/wp\/v2\/posts\/1104316","targetHints":{"allow":["GET"]}}],"collection":[{"href":"https:\/\/www.europesays.com\/de\/wp-json\/wp\/v2\/posts"}],"about":[{"href":"https:\/\/www.europesays.com\/de\/wp-json\/wp\/v2\/types\/post"}],"author":[{"embeddable":true,"href":"https:\/\/www.europesays.com\/de\/wp-json\/wp\/v2\/users\/2"}],"replies":[{"embeddable":true,"href":"https:\/\/www.europesays.com\/de\/wp-json\/wp\/v2\/comments?post=1104316"}],"version-history":[{"count":0,"href":"https:\/\/www.europesays.com\/de\/wp-json\/wp\/v2\/posts\/1104316\/revisions"}],"wp:featuredmedia":[{"embeddable":true,"href":"https:\/\/www.europesays.com\/de\/wp-json\/wp\/v2\/media\/1104317"}],"wp:attachment":[{"href":"https:\/\/www.europesays.com\/de\/wp-json\/wp\/v2\/media?parent=1104316"}],"wp:term":[{"taxonomy":"category","embeddable":true,"href":"https:\/\/www.europesays.com\/de\/wp-json\/wp\/v2\/categories?post=1104316"},{"taxonomy":"post_tag","embeddable":true,"href":"https:\/\/www.europesays.com\/de\/wp-json\/wp\/v2\/tags?post=1104316"}],"curies":[{"name":"wp","href":"https:\/\/api.w.org\/{rel}","templated":true}]}}