{"id":1104323,"date":"2026-06-18T19:28:21","date_gmt":"2026-06-18T19:28:21","guid":{"rendered":"https:\/\/www.europesays.com\/de\/1104323\/"},"modified":"2026-06-18T19:28:21","modified_gmt":"2026-06-18T19:28:21","slug":"haus-des-doeners-in-stuttgart-eroeffnet-trotz-hitze-lange-schlange-fuer-1500-doener-zum-schnaeppchenpreis","status":"publish","type":"post","link":"https:\/\/www.europesays.com\/de\/1104323\/","title":{"rendered":"Haus des D\u00f6ners in Stuttgart er\u00f6ffnet: Trotz Hitze: Lange Schlange f\u00fcr 1500 D\u00f6ner zum Schn\u00e4ppchenpreis"},"content":{"rendered":"<p>\t\t\t\t\t\t\t\t\t\t\t\t\t\t\t\t\t\t\t\t\t\t\t\t\t\t\t\t      \t\t            \t\t             \t\t\t\t   \t\t\t\t\t   <img decoding=\"async\" id=\"article-image\" fetchpriority=\"high\" alt=\"Haus des D\u00f6ners in Stuttgart er\u00f6ffnet: Trotz Hitze: Lange Schlange f\u00fcr 1500 D\u00f6ner zum Schn\u00e4ppchenpreis\" title=\"Haus des D\u00f6ners in Stuttgart er\u00f6ffnet: Trotz Hitze: Lange Schlange f\u00fcr 1500 D\u00f6ner zum Schn\u00e4ppchenpreis\" src=\"https:\/\/www.europesays.com\/de\/wp-content\/uploads\/2026\/06\/media.media.08e17dfa-ec51-4964-9ed2-dccc3a57cf61.16x9_700.jpg\" data-linkto=\"https:\/\/www.stuttgarter-nachrichten.de\/javascript:void(0);\"\/>\t\t\t\t\t\t\t\t\t\t\t\t\t\t\t\t\t\t\t\t\t\t\t\tHaus des D\u00f6ners er\u00f6ffnet in Bad Cannstatt und alle wollen den D\u00f6ner f\u00fcr einen Cent.\u00a0Foto: Tanja Simoncev\t\t\t<\/p>\n<p>Stuttgart, 35 Grad und eine Schlange bis zum Cannstatter Bahnhof. Haus des D\u00f6ners lockt mit seinem Er\u00f6ffnungsangebot vor allem junge Menschen an.<\/p>\n<p> Es war wohl einer der hei\u00dfesten Tage des Jahres, die sich Haus des D\u00f6ners f\u00fcr seine Er\u00f6ffnung in <a href=\"https:\/\/www.stuttgarter-nachrichten.de\/thema\/Stuttgart-Bad_Cannstatt\" title=\"Bad Cannstatt\" class=\"art_thema\" rel=\"nofollow noopener\" target=\"_blank\">Bad Cannstatt<\/a> ausgesucht hat. Doch trotz Hitze und der Vermutung, den Stuttgartern gel\u00fcste es mehr nach einem Eis oder zumindest einem Sprung ins k\u00fchle Nass, wurde Schlange gestanden.<\/p>\n<p>Zwei Stunden warten f\u00fcr einen 1-Cent-<a href=\"https:\/\/www.stuttgarter-nachrichten.de\/thema\/D%C3%B6ner\" title=\"D\u00f6ner\" class=\"art_thema\" rel=\"nofollow noopener\" target=\"_blank\">D\u00f6ner<\/a> <\/p>\n<p>Und das nicht nur einen Meter oder vielleicht auch zwei, nein, die ganze Strecke vom Cannstatter Carre bis zum Bahnhof war voll mit wartenden Menschen, die den <a href=\"http:\/\/www.stuttgarter-nachrichten.de\/inhalt.neueroeffnung-in-stuttgart-doener-fuer-einen-cent-zum-start-im-kessel-dann-springt-der-preis-auf-8-50-euro.f29ca058-a36f-492b-9b0c-9f3595e32bcc.html#cxrecs_s\" target=\"_blank\" rel=\"nofollow noopener\">D\u00f6ner zum Schleuderpreis<\/a> probieren wollten. Nassim etwa freute sich als es um 14 Uhr endlich losging. Er w\u00fcrde schon seit zwei Stunden warten und sei gespannt auf den D\u00f6ner, den er schon aus anderen St\u00e4dten kenne.<\/p>\n<p>Auch Regina, die von der Er\u00f6ffnung der Franchise-Kette \u00fcber TikTok erfahren hat, wollte sich das Happening nicht entgehen lassen: \u201eEs ist einfach ein super Angebot.\u201c Sie sei etwa eine Stunde angestanden. \u201eWenn es solche Aktionen gibt, bin ich immer wieder dabei \u2013 warum auch nicht!?\u201c, betonte der D\u00f6nerfan. Deshalb sei sie auch schon beim Opening von Haus des D\u00f6ners in Fellbach dabei gewesen.<\/p>\n<p>D\u00f6ner statt Freibad <\/p>\n<p>Rafael hingegen stand f\u00fcr seine Tochter an, die sich extra auf den Weg nach Bad Cannstatt gemacht hatte. \u201eIch selbst will gar keinen D\u00f6ner\u201c, verriet er schmunzelnd. Neben dem 37-J\u00e4hrigen sah man sonst haupts\u00e4chlich Sch\u00fcler warten, die meisten waren im Teenageralter.<\/p>\n<p>Unter ihnen auch Mo und Yunis aus <a href=\"https:\/\/www.stuttgarter-nachrichten.de\/thema\/Esslingen\" title=\"Esslingen\" class=\"art_thema\" rel=\"nofollow noopener\" target=\"_blank\">Esslingen<\/a>. Die Jugendlichen, die Haus des D\u00f6ners schon aus Esslingen kannten, w\u00e4ren auch gern ins Freibad gegangen \u2013 \u201ebei der Hitze\u201c. Aber das Angebot sei einfach zu verlockend gewesen.<\/p>\n<p>\u201eD\u00f6ner-Preise sonst zu teuer!\u201c <\/p>\n<p>Ein paar Meter weiter freuten sich auch die elfj\u00e4hrigen Freundinnen Naiyali und Mariam \u00fcber das Er\u00f6ffnungsangebot. \u201eD\u00f6nerpreise sind sonst auch viel zu teuer\u201c, platzt es aus den M\u00e4dchen heraus. Der regul\u00e4re Preis von 8,50 Euro sei aber \u201eschon auch okay\u201c. Der D\u00f6ner w\u00fcrde schlie\u00dflich ziemlich gut schmecken. \u201eWir sind direkt von der Schule hier hergefahren.\u201c<\/p>\n<p>Und wer es dann endlich in den Imbiss geschafft hatte, der konnte sich auf einen \u00fcppig beladenen D\u00f6ner freuen. Ob mit Kalb- oder H\u00fchnchenfleisch, allerlei Gem\u00fcse, K\u00e4se oder auch vegi mit Falafel \u2013 f\u00fcr jeden Geschmack war etwas dabei. Und die Gesichter der G\u00e4ste waren zwar nassgeschwitzt, ihr Ausdruck aber mehr als gl\u00fccklich.<\/p>\n<p>   <img decoding=\"async\" loading=\"lazy\" src=\"https:\/\/www.europesays.com\/de\/wp-content\/uploads\/2026\/06\/media.media.8d6152c8-92ac-4e6d-9384-fa73dcd4b861.original1024.media.jpeg\"\/>     Franchise-Unternehmer Enis Dogan war mit der Er\u00f6ffnung seiner Cannstatt-Filiale mehr als happy.    Foto: Tanja Simoncev    <\/p>\n<p>Das d\u00fcrfte vor allem auch Standort-Leiter Enis Dogan freuen. Der aus Bruchsal stammende Franchise-Unternehmer hatte sich die Lizenz f\u00fcr die Cannstatter Filiale gesichert. Die besonderen Berliner So\u00dfen, das Brot und auch das Fleisch w\u00fcrden, seiner Meinung nach, den D\u00f6ner von Haus des D\u00f6ners so besonders machen. Und auch mit dem Ansturm hatte er gerechnet. \u201eSeit gestern bekomme ich viele Anrufe, vor allem von jungen Leuten, die mich fragen: Wann macht ihr auf, wann k\u00f6nnen wir vorbeikommen?\u201c So kann es weitergehen.<\/p>\n<p> Haus des D\u00f6ners, Daimlerstr. 70, <a href=\"https:\/\/www.stuttgarter-nachrichten.de\/thema\/Stuttgart\" title=\"Stuttgart\" class=\"art_thema\" rel=\"nofollow noopener\" target=\"_blank\">Stuttgart<\/a>-Bad Cannstatt, Mo-Sa ab 11, So ab 12 Uhr <a href=\"https:\/\/www.instagram.com\/hausdesdoners\" target=\"_blank\" rel=\"nofollow noopener\">www.instagram.com\/hausdesdoeners<\/a> <\/p>\n<p><script async src=\"\/\/www.instagram.com\/embed.js\"><\/script><\/p>\n","protected":false},"excerpt":{"rendered":"Haus des D\u00f6ners er\u00f6ffnet in Bad Cannstatt und alle wollen den D\u00f6ner f\u00fcr einen Cent.\u00a0Foto: Tanja Simoncev Stuttgart,&hellip;\n","protected":false},"author":2,"featured_media":1104324,"comment_status":"","ping_status":"","sticky":false,"template":"","format":"standard","meta":{"footnotes":"","_share_on_mastodon":"0"},"categories":[1830],"tags":[1634,3364,29,9655,233849,3439,30,90483,1441,5251,151,5329],"class_list":["post-1104323","post","type-post","status-publish","format-standard","has-post-thumbnail","category-stuttgart","tag-baden-wuerttemberg","tag-de","tag-deutschland","tag-doener","tag-eroeffnungsangebot","tag-esslingen","tag-germany","tag-schnaeppchenpreis","tag-stuttgart","tag-stuttgart-bad-cannstatt","tag-tiktok","tag-video"],"share_on_mastodon":{"url":"https:\/\/pubeurope.com\/@de\/116772766494844452","error":""},"_links":{"self":[{"href":"https:\/\/www.europesays.com\/de\/wp-json\/wp\/v2\/posts\/1104323","targetHints":{"allow":["GET"]}}],"collection":[{"href":"https:\/\/www.europesays.com\/de\/wp-json\/wp\/v2\/posts"}],"about":[{"href":"https:\/\/www.europesays.com\/de\/wp-json\/wp\/v2\/types\/post"}],"author":[{"embeddable":true,"href":"https:\/\/www.europesays.com\/de\/wp-json\/wp\/v2\/users\/2"}],"replies":[{"embeddable":true,"href":"https:\/\/www.europesays.com\/de\/wp-json\/wp\/v2\/comments?post=1104323"}],"version-history":[{"count":0,"href":"https:\/\/www.europesays.com\/de\/wp-json\/wp\/v2\/posts\/1104323\/revisions"}],"wp:featuredmedia":[{"embeddable":true,"href":"https:\/\/www.europesays.com\/de\/wp-json\/wp\/v2\/media\/1104324"}],"wp:attachment":[{"href":"https:\/\/www.europesays.com\/de\/wp-json\/wp\/v2\/media?parent=1104323"}],"wp:term":[{"taxonomy":"category","embeddable":true,"href":"https:\/\/www.europesays.com\/de\/wp-json\/wp\/v2\/categories?post=1104323"},{"taxonomy":"post_tag","embeddable":true,"href":"https:\/\/www.europesays.com\/de\/wp-json\/wp\/v2\/tags?post=1104323"}],"curies":[{"name":"wp","href":"https:\/\/api.w.org\/{rel}","templated":true}]}}