{"id":1104405,"date":"2026-06-18T20:16:33","date_gmt":"2026-06-18T20:16:33","guid":{"rendered":"https:\/\/www.europesays.com\/de\/1104405\/"},"modified":"2026-06-18T20:16:33","modified_gmt":"2026-06-18T20:16:33","slug":"s-bahn-strecke-zwischen-hagen-und-duesseldorf-wird-gesperrt-nordrhein-westfalen","status":"publish","type":"post","link":"https:\/\/www.europesays.com\/de\/1104405\/","title":{"rendered":"S-Bahn-Strecke zwischen Hagen und D\u00fcsseldorf wird gesperrt | Nordrhein-Westfalen"},"content":{"rendered":"<p id=\"absatz1\" class=\"em_text\">Wegen der Modernisierung mehrere Bahnh\u00f6fe entlang der S-Bahn-Strecke Hagen &#8211; Wuppertal &#8211; D\u00fcsseldorf wird diese f\u00fcr fast zwei Monate gesperrt. Vom 10. Juli ab 21.00 Uhr bis 4. September komme es zu Einschr\u00e4nkungen, teilte die Deutsche Bahn (DB) mit.<\/p>\n<p id=\"absatz2\" class=\"em_text\">Erneuert w\u00fcrden in dieser Zeit die Bahnh\u00f6fe Schwelm, Wuppertal-Oberbarmen, Wuppertal-Barmen, Wuppertal Hauptbahnhof, Wuppertal-Vohwinkel, Haan-Gruiten und Erkrath. Unter anderem w\u00fcrden Bahnsteige, D\u00e4cher und Zug\u00e4nge modernisiert sowie Barrierefreiheit hergestellt. Die Arbeiten sollen bis Ende 2027 abgeschlossen werden.<\/p>\n<p id=\"absatz4\" class=\"em_text\">Zu Einschr\u00e4nkungen kommt es laut DB deswegen bei mehreren S-Bahn-Linien. F\u00fcr die Linien S 8, S 9, S 28, S 68 sowie den RE 49 werden in verschiedenen Abschnitten Ersatzbusse eingesetzt. Dies sei bereits in den digitalen Auskunftssystemen ber\u00fccksichtigt.<\/p>\n<p id=\"absatz5\" class=\"em_text\">Der Regional- und Fernverkehr zwischen Hagen und K\u00f6ln sei von den Bauarbeiten nicht betroffen und werde, wie angek\u00fcndigt, ab dem 11. Juli wieder planm\u00e4\u00dfig rollen. Ende 2027 werde es erneut zu einer zweimonatigen Sperrung der S-Bahngleise kommen, um unter anderem den neuen Treppen- und Aufzugsturm am Wuppertaler Hauptbahnhof fertig zu stellen. <\/p>\n","protected":false},"excerpt":{"rendered":"Wegen der Modernisierung mehrere Bahnh\u00f6fe entlang der S-Bahn-Strecke Hagen &#8211; Wuppertal &#8211; D\u00fcsseldorf wird diese f\u00fcr fast zwei&hellip;\n","protected":false},"author":2,"featured_media":1104406,"comment_status":"","ping_status":"","sticky":false,"template":"","format":"standard","meta":{"footnotes":"","_share_on_mastodon":"0"},"categories":[1840],"tags":[1739,2227,17463,5219,3364,2030,29,3405,30,23696,20442,1209,48113,601,4418],"class_list":["post-1104405","post","type-post","status-publish","format-standard","has-post-thumbnail","category-wuppertal","tag-bahn","tag-bahnverkehr","tag-barmen","tag-db","tag-de","tag-deutsche-bahn","tag-deutschland","tag-duesseldorf","tag-germany","tag-haan","tag-hagen","tag-nordrhein-westfalen","tag-schwelm","tag-verkehr","tag-wuppertal"],"share_on_mastodon":{"url":"https:\/\/pubeurope.com\/@de\/116772954563710065","error":""},"_links":{"self":[{"href":"https:\/\/www.europesays.com\/de\/wp-json\/wp\/v2\/posts\/1104405","targetHints":{"allow":["GET"]}}],"collection":[{"href":"https:\/\/www.europesays.com\/de\/wp-json\/wp\/v2\/posts"}],"about":[{"href":"https:\/\/www.europesays.com\/de\/wp-json\/wp\/v2\/types\/post"}],"author":[{"embeddable":true,"href":"https:\/\/www.europesays.com\/de\/wp-json\/wp\/v2\/users\/2"}],"replies":[{"embeddable":true,"href":"https:\/\/www.europesays.com\/de\/wp-json\/wp\/v2\/comments?post=1104405"}],"version-history":[{"count":0,"href":"https:\/\/www.europesays.com\/de\/wp-json\/wp\/v2\/posts\/1104405\/revisions"}],"wp:featuredmedia":[{"embeddable":true,"href":"https:\/\/www.europesays.com\/de\/wp-json\/wp\/v2\/media\/1104406"}],"wp:attachment":[{"href":"https:\/\/www.europesays.com\/de\/wp-json\/wp\/v2\/media?parent=1104405"}],"wp:term":[{"taxonomy":"category","embeddable":true,"href":"https:\/\/www.europesays.com\/de\/wp-json\/wp\/v2\/categories?post=1104405"},{"taxonomy":"post_tag","embeddable":true,"href":"https:\/\/www.europesays.com\/de\/wp-json\/wp\/v2\/tags?post=1104405"}],"curies":[{"name":"wp","href":"https:\/\/api.w.org\/{rel}","templated":true}]}}