{"id":1104537,"date":"2026-06-18T21:32:18","date_gmt":"2026-06-18T21:32:18","guid":{"rendered":"https:\/\/www.europesays.com\/de\/1104537\/"},"modified":"2026-06-18T21:32:18","modified_gmt":"2026-06-18T21:32:18","slug":"zwei-toedliche-unfaelle-in-drei-tagen-was-augsburger-radfahrer-jetzt-fordern","status":"publish","type":"post","link":"https:\/\/www.europesays.com\/de\/1104537\/","title":{"rendered":"Zwei t\u00f6dliche Unf\u00e4lle in drei Tagen: Was Augsburger Radfahrer jetzt fordern"},"content":{"rendered":"<p class=\"mb-6 text-xs-varying md:text-m lg:text-l font-serif group-[.font-sans]:font-sans \">\n    Blatt f\u00fcr Blatt malt der Mann mit rosafarbener Stra\u00dfenkreide eine Blume um die Fu\u00dfg\u00e4ngerampel, die in der Friedberger Stra\u00dfe \u00fcber die Berliner Allee f\u00fchrt. Er tr\u00e4gt Fahrradhose, Weste und Helm, ist selbst mit dem Fahrrad dorthin geradelt. Und er ist einer von etwa 20 Menschen, <a href=\"https:\/\/www.augsburger-allgemeine.de\/augsburg\/nach-toedlichem-unfall-fahrradclub-demonstriert-an-unfallstelle-im-augsburger-stadtteil-herrenbach-114459888\" target=\"_self\" class=\"underline \" rel=\"nofollow noopener\">die sich am Dienstagmittag spontan an der Kreuzung im Herrenbach versammelt haben<\/a>, um der Radfahrerin zu gedenken, die dort am Montag bei einem Unfall ums Leben gekommen war. Die Demonstrierenden, darunter auch Mitglieder des AFDC, forderten mehr Sicherheit f\u00fcr Radfahrende im Stra\u00dfenverkehr, mehr R\u00fccksicht und niedrigere Geschwindigkeitsbegrenzungen. <a href=\"https:\/\/www.augsburger-allgemeine.de\/augsburg\/augsburg-kreuzung-in-haunstetten-nach-unfall-mit-strassenbahn-gesperrt-114480810\" target=\"_self\" class=\"underline \" rel=\"nofollow noopener\">Nur einen Tag sp\u00e4ter w\u00fcrde in Augsburg erneut ein Radfahrer bei einem Unfall sterben.<\/a>\n  <\/p>\n<p>            Polizei nennt noch keine Details zum t\u00f6dlichen Unfall in Haunstetten<\/p>\n<p class=\"mb-6 text-xs-varying md:text-m lg:text-l font-serif group-[.font-sans]:font-sans \">\n    Am Donnerstag f\u00e4hrt die Tramlinie 3 wieder wie \u00fcblich auf ihrer Strecke zwischen dem Augsburger Hauptbahnhof und <a href=\"https:\/\/www.augsburger-allgemeine.de\/schwabmuenchen\/ort\/koenigsbrunn\" target=\"_self\" class=\"underline \" rel=\"nofollow noopener\">K\u00f6nigsbrunn<\/a>. An den schweren Unfall, der sich am Vortag zwischen den Haltestellen \u201eKopernikusstra\u00dfe\u201c und \u201eBischofsackerweg\u201c ereignet hat, erinnern nur noch die wei\u00dfen Markierungen auf dem Asphalt. Ein 59 Jahre alter Radfahrer war an der Einm\u00fcndung vom Unteren Talweg in die Postillionstra\u00dfe in <a href=\"https:\/\/augsburger-allgemeine.de\/augsburg\/ort\/Haunstetten\" target=\"_self\" class=\"underline \" rel=\"nofollow noopener\">Haunstetten<\/a> von einer Stra\u00dfenbahn erfasst und t\u00f6dlich verletzt worden.\n  <\/p>\n<p class=\"mb-6 text-xs-varying md:text-m lg:text-l font-serif group-[.font-sans]:font-sans \">\n    Unmittelbar nach dem Unfall errichteten Einsatzkr\u00e4fte der Polizei dort einen Sichtschutz. Der Bereich rund um die Unfallstelle war \u00fcber mehrere Stunden gesperrt. An der Kreuzung befinden sich mehrere Fu\u00dfg\u00e4ngerampeln \u2013 auch zur \u00dcberquerung der Stra\u00dfenbahngleise. <a href=\"https:\/\/www.augsburger-allgemeine.de\/augsburg\/radfahrer-stirbt-bei-unfall-mit-strassenbahn-in-augsburg-haunstetten-am-mittwoch-17-6-114485118\" target=\"_self\" class=\"underline \" rel=\"nofollow noopener\">Zu Ursache und Hergang des Unfalls macht die Polizei noch keine Angaben<\/a>. Eine Sprecherin der Polizei erkl\u00e4rt, dass hierzu zun\u00e4chst ein Unfallgutachten erstellt werden m\u00fcsse \u2013 was mehrere Monate in Anspruch nehmen k\u00f6nne. Erst dann lasse sich sagen, wie es zu dem schweren Unfall gekommen ist.\n  <\/p>\n<p>    <img decoding=\"async\" src=\"https:\/\/www.europesays.com\/de\/wp-content\/uploads\/2026\/06\/84668.jpg\" alt=\"Der Bereich um die Unfallstelle in Haunstetten war am Mittwoch f\u00fcr mehrere Stunden gesperrt. Am Donnerstag sind von dem Einsatz nur noch wei\u00dfe Markierungen zwischen den Gleisen zu sehen.\" title=\"Der Bereich um die Unfallstelle in Haunstetten war am Mittwoch f\u00fcr mehrere Stunden gesperrt. Am Donnerstag sind von dem Einsatz nur noch wei\u00dfe Markierungen zwischen den Gleisen zu sehen.\" loading=\"lazy\" class=\"h-full w-full object-cover\"\/><\/p>\n<p>      Icon vergr\u00f6\u00dfern<\/p>\n<p>    Der Bereich um die Unfallstelle in Haunstetten war am Mittwoch f\u00fcr mehrere Stunden gesperrt. Am Donnerstag sind von dem Einsatz nur noch wei\u00dfe Markierungen zwischen den Gleisen zu sehen.<br \/>\n    Foto: Marcus Merk<\/p>\n<p>        Schlie\u00dfen <\/p>\n<p>      Icon Schlie\u00dfen<\/p>\n<p>        Icon vergr\u00f6\u00dfern<\/p>\n<p>        Icon verkleinern<\/p>\n<p>      Icon Pfeil bewegen<\/p>\n<p>    Der Bereich um die Unfallstelle in Haunstetten war am Mittwoch f\u00fcr mehrere Stunden gesperrt. Am Donnerstag sind von dem Einsatz nur noch wei\u00dfe Markierungen zwischen den Gleisen zu sehen.<br \/>\n    Foto: Marcus Merk<\/p>\n<p class=\"mb-6 text-xs-varying md:text-m lg:text-l font-serif group-[.font-sans]:font-sans \">\n    Bei dem Unfall am Montag war es eine 70-j\u00e4hrige Frau, die an einer Kreuzung im Stadtteil Spickel-Herrenbach auf ihrem Fahrrad die Stra\u00dfe \u00fcberqueren wollte. Wie die Polizei berichtete, wurde sie von dem Fahrer eines Lastwagens, der von der Friedberger Stra\u00dfe in die Berliner Allee abbiegen wollte, offenbar \u00fcbersehen. Die Radfahrerin verlor bei dem Zusammensto\u00df mit dem tonnenschweren Fahrzeug ihr Leben.\n  <\/p>\n<p>            2025 starben in Augsburg zwei Radfahrer bei einem Verkehrsunfall<\/p>\n<p class=\"mb-6 text-xs-varying md:text-m lg:text-l font-serif group-[.font-sans]:font-sans \">\n    \u201eDie zeitliche N\u00e4he der beiden t\u00f6dlichen Unf\u00e4lle ersch\u00fcttert uns\u201c, teilt Michael Liebert vom Allgemeinen Deutschen Fahrrad-Club <a href=\"https:\/\/www.augsburger-allgemeine.de\/augsburg\/\" target=\"_self\" class=\"underline \" rel=\"nofollow noopener\">Augsburg<\/a> (ADFC) auf Nachfrage mit. Eine solche \u201eDichte\u201c sei f\u00fcr Augsburg nicht typisch. Wie Zahlen der Polizei zeigen, kommt es in Augsburg selten vor, dass ein Radfahrer bei einem Verkehrsunfall stirbt: Im vergangenen Jahr ist das insgesamt zweimal passiert, in diesem Jahr bisher dreimal \u2013 der h\u00f6chste Wert seit 2016. Gesunken ist dagegen die Zahl der Fahrradfahrer, die bei einem Verkehrsunfall im Stadtgebiet verletzt wurden, von 646 im Jahr 2016 auf 500 im Jahr 2025.\n  <\/p>\n<p class=\"mb-6 text-xs-varying md:text-m lg:text-l font-serif group-[.font-sans]:font-sans \">\n    Der Unfall im Herrenbach, bei dem eine 70 Jahre alte Frau get\u00f6tet wurde, besch\u00e4ftigt in den Tagen danach noch viele B\u00fcrgerinnen und B\u00fcrger. In den Kommentarspalten zu unserer Berichterstattung bekunden Leserinnen und Leser ihr Beileid, w\u00fcnschen der Familie des Unfallopfers und dem Lkw-Fahrer viel Kraft. Und sie diskutieren: H\u00e4tte der Unfall verhindert werden k\u00f6nnen? Vielleicht durch einen Spiegel an der Kreuzung? Michael Liebert vom ADFC h\u00e4lt andere Ma\u00dfnahmen f\u00fcr sinnvoll, um die Sicherheit f\u00fcr Radfahrende an der Unfallstelle k\u00fcnftig zu erh\u00f6hen.\n  <\/p>\n<p>            ADFC schl\u00e4gt versetzte Haltelinie an der Unfallkreuzung vor<\/p>\n<p class=\"mb-6 text-xs-varying md:text-m lg:text-l font-serif group-[.font-sans]:font-sans \">\n    Zum einen schl\u00e4gt er vor, die Haltelinie f\u00fcr Fahrzeuge an der Kreuzung nach hinten zu versetzen. Auto- und Lkw-Fahrer h\u00e4tten dadurch einen besseren Blick auf Radfahrer und Fu\u00dfg\u00e4nger. \u201eFerner sollte der Rad- und Fu\u00dfverkehr nicht gleichzeitig mit dem KFZ-Verkehr gr\u00fcn bekommen, sondern etwas fr\u00fcher und l\u00e4nger\u201c, erkl\u00e4rt Liebert weiter. Besonders gef\u00e4hrlich werde es allerdings, wenn sowohl Rad- als auch Autofahrer in die Kreuzung fahren, ohne vorher anzuhalten. Dann sollten Verkehrsteilnehmer besonders umsichtig sein, ihre Geschwindigkeit reduzieren, den Schulterblick beachten und alle Spiegel pr\u00fcfen. \u201eRadfahrende sollten im Zweifel lieber defensiv fahren und auf ihre Vorfahrt verzichten\u201c, erg\u00e4nzt er.\n  <\/p>\n<p class=\"mb-6 text-xs-varying md:text-m lg:text-l font-serif group-[.font-sans]:font-sans \">\n    Die Polizei beschreibt die Kreuzung grunds\u00e4tzlich als \u201e\u00fcbersichtlich\u201c. Eine leicht erh\u00f6hte Gefahr bestehe aufgrund des Gef\u00e4lles und der damit verbundenen h\u00f6heren Geschwindigkeiten der Radfahrer in Richtung Westen, erl\u00e4utert ein Sprecher. Das Mobilit\u00e4ts- und Tiefbauamt sieht an der Kreuzung kein erh\u00f6htes Risiko und verweist in diesem Zusammenhang auf einen gelben Blinker und einen Spiegel am Ampelmast, der abbiegende Autofahrer auf den querenden Rad- und Fu\u00dfverkehr aufmerksam machen soll. Nach einem schweren Verkehrsunfall \u00fcberpr\u00fcfe und untersuche man den betroffenen Ort aber grunds\u00e4tzlich.\n  <\/p>\n","protected":false},"excerpt":{"rendered":"Blatt f\u00fcr Blatt malt der Mann mit rosafarbener Stra\u00dfenkreide eine Blume um die Fu\u00dfg\u00e4ngerampel, die in der Friedberger&hellip;\n","protected":false},"author":2,"featured_media":1104538,"comment_status":"","ping_status":"","sticky":false,"template":"","format":"standard","meta":{"footnotes":"","_share_on_mastodon":"0"},"categories":[1846],"tags":[7380,680,772,3364,29,548,663,3934,1234,32811,514,86523,30,144777,13,233890,14,15,121,12,1284],"class_list":["post-1104537","post","type-post","status-publish","format-standard","has-post-thumbnail","category-augsburg","tag-adfc","tag-augsburg","tag-bayern","tag-de","tag-deutschland","tag-eu","tag-europa","tag-europe","tag-fahrrad","tag-fahrradunfall","tag-fahrzeug","tag-friedberger-strasse","tag-germany","tag-haunstetten","tag-headlines","tag-michael-liebert","tag-nachrichten","tag-news","tag-polizei","tag-schlagzeilen","tag-unfall"],"share_on_mastodon":{"url":"https:\/\/pubeurope.com\/@de\/116773255113792120","error":""},"_links":{"self":[{"href":"https:\/\/www.europesays.com\/de\/wp-json\/wp\/v2\/posts\/1104537","targetHints":{"allow":["GET"]}}],"collection":[{"href":"https:\/\/www.europesays.com\/de\/wp-json\/wp\/v2\/posts"}],"about":[{"href":"https:\/\/www.europesays.com\/de\/wp-json\/wp\/v2\/types\/post"}],"author":[{"embeddable":true,"href":"https:\/\/www.europesays.com\/de\/wp-json\/wp\/v2\/users\/2"}],"replies":[{"embeddable":true,"href":"https:\/\/www.europesays.com\/de\/wp-json\/wp\/v2\/comments?post=1104537"}],"version-history":[{"count":0,"href":"https:\/\/www.europesays.com\/de\/wp-json\/wp\/v2\/posts\/1104537\/revisions"}],"wp:featuredmedia":[{"embeddable":true,"href":"https:\/\/www.europesays.com\/de\/wp-json\/wp\/v2\/media\/1104538"}],"wp:attachment":[{"href":"https:\/\/www.europesays.com\/de\/wp-json\/wp\/v2\/media?parent=1104537"}],"wp:term":[{"taxonomy":"category","embeddable":true,"href":"https:\/\/www.europesays.com\/de\/wp-json\/wp\/v2\/categories?post=1104537"},{"taxonomy":"post_tag","embeddable":true,"href":"https:\/\/www.europesays.com\/de\/wp-json\/wp\/v2\/tags?post=1104537"}],"curies":[{"name":"wp","href":"https:\/\/api.w.org\/{rel}","templated":true}]}}