{"id":1104616,"date":"2026-06-18T22:20:20","date_gmt":"2026-06-18T22:20:20","guid":{"rendered":"https:\/\/www.europesays.com\/de\/1104616\/"},"modified":"2026-06-18T22:20:20","modified_gmt":"2026-06-18T22:20:20","slug":"kollision-in-stuttgart-feuerbach-auffahrunfall-auf-heilbronner-strasse-sorgt-fuer-stau-im-abendverkehr-2","status":"publish","type":"post","link":"https:\/\/www.europesays.com\/de\/1104616\/","title":{"rendered":"Kollision in Stuttgart-Feuerbach: Auffahrunfall auf Heilbronner Stra\u00dfe sorgt f\u00fcr Stau im Abendverkehr"},"content":{"rendered":"<p>In <a href=\"https:\/\/www.esslinger-zeitung.de\/thema\/Stuttgart\" title=\"Stuttgart\" class=\"art_thema\" rel=\"nofollow noopener\" target=\"_blank\">Stuttgart<\/a>-Feuerbach ist es am Donnerstagabend nahe der Stadtbahnhaltestelle Friedrichswahl zu einer Kollision gekommen. Wie ein Sprecher der <a href=\"https:\/\/www.esslinger-zeitung.de\/thema\/Polizei\" title=\"Polizei\" class=\"art_thema\" rel=\"nofollow noopener\" target=\"_blank\">Polizei<\/a> auf Nachfrage mitteilt, kam es gegen 19 Uhr zu einem Auffahrunfall auf der <a href=\"https:\/\/www.esslinger-zeitung.de\/thema\/Heilbronner_Stra%C3%9Fe\" title=\"Heilbronner Stra\u00dfe\" class=\"art_thema\" rel=\"nofollow noopener\" target=\"_blank\">Heilbronner Stra\u00dfe<\/a>. <\/p>\n<p>  <img decoding=\"async\" loading=\"lazy\" src=\"https:\/\/www.esslinger-zeitung.de\/media.media.46415723-0521-4ef4-8030-9ac697d4a580.original1024.media\"\/>     K\u00fchlfl\u00fcssigkeit und kaputte Teile s\u00e4umten die Unfallstelle    Foto: Fotoagentur Stuttgart\/Andreas Rosar    <\/p>\n<p>Nach ersten Informationen der Polizei wurde dabei ein Mensch leicht verletzt. Zudem trat K\u00fchlfl\u00fcssigkeit aus. Durch den <a href=\"https:\/\/www.esslinger-zeitung.de\/thema\/Unfall\" title=\"Unfall\" class=\"art_thema\" rel=\"nofollow noopener\" target=\"_blank\">Unfall<\/a> staute es sich zwischenzeitlich auf der Heilbronner Stra\u00dfe. Der entstandene Sachschaden liegt Sch\u00e4tzungen zufolge im unteren f\u00fcnfstelligen Bereich.<\/p>\n","protected":false},"excerpt":{"rendered":"In Stuttgart-Feuerbach ist es am Donnerstagabend nahe der Stadtbahnhaltestelle Friedrichswahl zu einer Kollision gekommen. Wie ein Sprecher der&hellip;\n","protected":false},"author":2,"featured_media":1104322,"comment_status":"","ping_status":"","sticky":false,"template":"","format":"standard","meta":{"footnotes":"","_share_on_mastodon":"0"},"categories":[1830],"tags":[46527,46875,1634,3364,29,30,58833,121,8248,5716,1441,1284],"class_list":["post-1104616","post","type-post","status-publish","format-standard","has-post-thumbnail","category-stuttgart","tag-b10","tag-b27","tag-baden-wuerttemberg","tag-de","tag-deutschland","tag-germany","tag-heilbronner-strasse","tag-polizei","tag-polizeibericht-stuttgart","tag-stau","tag-stuttgart","tag-unfall"],"share_on_mastodon":{"url":"https:\/\/pubeurope.com\/@de\/116773443747134308","error":""},"_links":{"self":[{"href":"https:\/\/www.europesays.com\/de\/wp-json\/wp\/v2\/posts\/1104616","targetHints":{"allow":["GET"]}}],"collection":[{"href":"https:\/\/www.europesays.com\/de\/wp-json\/wp\/v2\/posts"}],"about":[{"href":"https:\/\/www.europesays.com\/de\/wp-json\/wp\/v2\/types\/post"}],"author":[{"embeddable":true,"href":"https:\/\/www.europesays.com\/de\/wp-json\/wp\/v2\/users\/2"}],"replies":[{"embeddable":true,"href":"https:\/\/www.europesays.com\/de\/wp-json\/wp\/v2\/comments?post=1104616"}],"version-history":[{"count":0,"href":"https:\/\/www.europesays.com\/de\/wp-json\/wp\/v2\/posts\/1104616\/revisions"}],"wp:featuredmedia":[{"embeddable":true,"href":"https:\/\/www.europesays.com\/de\/wp-json\/wp\/v2\/media\/1104322"}],"wp:attachment":[{"href":"https:\/\/www.europesays.com\/de\/wp-json\/wp\/v2\/media?parent=1104616"}],"wp:term":[{"taxonomy":"category","embeddable":true,"href":"https:\/\/www.europesays.com\/de\/wp-json\/wp\/v2\/categories?post=1104616"},{"taxonomy":"post_tag","embeddable":true,"href":"https:\/\/www.europesays.com\/de\/wp-json\/wp\/v2\/tags?post=1104616"}],"curies":[{"name":"wp","href":"https:\/\/api.w.org\/{rel}","templated":true}]}}