{"id":1104645,"date":"2026-06-18T22:36:28","date_gmt":"2026-06-18T22:36:28","guid":{"rendered":"https:\/\/www.europesays.com\/de\/1104645\/"},"modified":"2026-06-18T22:36:28","modified_gmt":"2026-06-18T22:36:28","slug":"zwischen-wissenschaft-und-kunst-fotoausstellung-der-besondere-blick-im-medizin-campus-steintor-eroeffnet-du-bist-halle","status":"publish","type":"post","link":"https:\/\/www.europesays.com\/de\/1104645\/","title":{"rendered":"Zwischen Wissenschaft und Kunst \u2013 Fotoausstellung \u201eDer besondere Blick\u201c im Medizin-Campus Steintor er\u00f6ffnet \u2013 Du bist Halle"},"content":{"rendered":"<p>Mit einer feierlichen Vernissage wurde am Mittwochabend in der Kapelle des Medizin-Campus Steintor der Martin-Luther-Universit\u00e4t Halle-Wittenberg die Fotoausstellung \u201eDer besondere Blick \u2013 Die \u00c4sthetik anatomischer Pr\u00e4parate\u201c er\u00f6ffnet. Zahlreiche G\u00e4ste nutzten die Gelegenheit, die au\u00dfergew\u00f6hnlichen Arbeiten des Hallenser Fotografen Steffen Schellhorn erstmals in dieser Form zu erleben. Die Ausstellung pr\u00e4sentiert eindrucksvolle Fotografien anatomischer Pr\u00e4parate aus den Meckelschen Sammlungen und er\u00f6ffnet den Besucherinnen und Besuchern ungewohnte Perspektiven auf den menschlichen K\u00f6rper.<\/p>\n<p>Bereits die besondere Atmosph\u00e4re der ehemaligen Krankenhauskapelle verlieh der Veranstaltung einen w\u00fcrdigen Rahmen. Musikalisch begleitet von Saxophonkl\u00e4ngen begr\u00fc\u00dfte Dr. Claudia Steinicke, Kustodin der Meckelschen Stiftungen, die G\u00e4ste und f\u00fchrte in das Ausstellungskonzept ein. Sie betonte die enge Verbindung von Medizin und Kunst, die in den gezeigten Fotografien auf besondere Weise sichtbar werde. \u201eWir pr\u00e4sentieren Ihnen heute die Arbeiten des Halleschen Fotografen Steffen Schellhorn, der sich bei den Pr\u00e4paraten der Meckelschen Sammlungen auf die Suche nach dem Mikrokosmos in unserem K\u00f6rper begeben hat\u201c, sagte Steinicke.<\/p>\n<p><strong>Faszinierende Einblicke in den Mikrokosmos des Menschen<\/strong><\/p>\n<p>Die Ausstellung zeigt anatomische Pr\u00e4parate, die urspr\u00fcnglich f\u00fcr Forschung und Lehre angefertigt wurden. Durch Schellhorns fotografischen Blick verwandeln sich diese wissenschaftlichen Objekte jedoch in kunstvolle Kompositionen, die an Pflanzen, Korallen oder abstrakte Skulpturen erinnern. Die Fotografien machen Strukturen sichtbar, die im Original oft nur wenige Zentimeter gro\u00df sind und dem menschlichen Auge normalerweise verborgen bleiben.<\/p>\n<p>F\u00fcr Steffen Schellhorn begann das Projekt vor rund einem Jahr eher zuf\u00e4llig. Im Auftrag einer Zeitung fotografierte er die Sonderausstellung \u201eDie Kunst der Pr\u00e4paration\u201c, die anl\u00e4sslich des zehnj\u00e4hrigen Jubil\u00e4ums der Meckelschen Sammlungen als national wertvolles Kulturgut gezeigt wurde. Besonders die sogenannten Korrosionspr\u00e4parate hinterlie\u00dfen bei ihm einen nachhaltigen Eindruck.<\/p>\n<p>\u201eIch war von diesen Pr\u00e4paraten so unglaublich fasziniert, vor allem von den Korrosionspr\u00e4paraten, die ich vorher noch nie gesehen hatte\u201c, erinnerte sich der Fotograf w\u00e4hrend der Ausstellungser\u00f6ffnung. Aus dieser Begeisterung entstand schlie\u00dflich die Idee, die historischen Pr\u00e4parate in einem eigenen Fotoprojekt festzuhalten und sp\u00e4ter auch in einer Publikation zu ver\u00f6ffentlichen.<\/p>\n<p>Werbung<\/p>\n<p><a href=\"https:\/\/www.hwgmbh.de\/ein-zuhause-fuers-leben\" target=\"_blank\" aria-label=\"DBH_800x600_Zaehneputzen\" rel=\"nofollow noopener\"><img loading=\"lazy\" decoding=\"async\" src=\"https:\/\/www.europesays.com\/de\/wp-content\/uploads\/2026\/03\/DBH_800x600_Zaehneputzen.gif\" alt=\"\" width=\"800\" height=\"600\"\/><\/a><\/p>\n<p><img loading=\"lazy\" decoding=\"async\" width=\"1200\" height=\"675\" src=\"https:\/\/www.europesays.com\/de\/wp-content\/uploads\/2026\/06\/ausstellung-steffen-schellhorn-meckelsche-sammlungen-02-1200x675.jpg\" alt=\"\" class=\"wp-image-353832\"  \/><\/p>\n<p><strong>Wenn Blutgef\u00e4\u00dfe wie Bonsais wirken<\/strong><\/p>\n<p>Die Fotografien laden dazu ein, Bekanntes neu zu entdecken. Besonders eindrucksvoll ist ein Korrosionspr\u00e4parat der Niere, das Schellhorn als eines seiner Lieblingsmotive bezeichnet. Die feinen Ver\u00e4stelungen der Blutgef\u00e4\u00dfe erinnerten ihn unmittelbar an einen Baum. \u201eMeine erste Assoziation war, dort einen kleinen Bonsai zu sehen. Ein Bonsai, ein Baum, der im K\u00f6rper w\u00e4chst\u201c, erkl\u00e4rte er. Diese Sichtweise verdeutlicht den Ansatz der Ausstellung: Anatomische Pr\u00e4parate werden nicht nur als wissenschaftliche Objekte betrachtet, sondern auch als Zeugnisse der Sch\u00f6nheit und Komplexit\u00e4t der Natur.<\/p>\n<p>Viele der gezeigten Motive entfalten ihre Wirkung gerade durch die Vergr\u00f6\u00dferung. Was im Original oft nur wenige Zentimeter misst, erscheint auf den Fotografien als filigrane Landschaft oder organische Skulptur. Schellhorn, der sich seit vielen Jahren mit Makro- und Mikrofotografie besch\u00e4ftigt, versteht es, diese Strukturen sichtbar zu machen und ihre \u00e4sthetische Wirkung hervorzuheben. \u201eRichtig belichtet, zeigt so ein kleines Pr\u00e4parat eine Vielfalt an Form und auch an Sch\u00f6nheit\u201c, sagte der Fotograf. Seine Bilder offenbaren dabei Details, die selbst Fachleute h\u00e4ufig erst auf den zweiten Blick wahrnehmen.<\/p>\n<p><strong>Historische Pr\u00e4parate als Kunstwerke<\/strong><\/p>\n<p>W\u00e4hrend des Rundgangs erl\u00e4uterte Dr. Claudia Steinicke die wissenschaftliche Bedeutung der ausgestellten Objekte. Viele der Pr\u00e4parate stammen aus dem 18. und 19. Jahrhundert und wurden mit aufwendigen Verfahren hergestellt. Besonders die Korrosionspr\u00e4parate dienten dazu, den Verlauf von Blutgef\u00e4\u00dfen sichtbar zu machen. Dazu wurden einst geschmolzene und eingef\u00e4rbte Massen in die Gef\u00e4\u00dfsysteme injiziert. Anschlie\u00dfend entfernte man das umgebende Gewebe, sodass die feinen Gef\u00e4\u00dfstrukturen als dreidimensionale Modelle erhalten blieben. Die so entstandenen Pr\u00e4parate beeindrucken noch heute durch ihre Detailtreue und ihre filigrane Gestaltung.<\/p>\n<p>Zu den weiteren H\u00f6hepunkten der Ausstellung geh\u00f6ren fein gearbeitete Knochenschnitte, die die innere Architektur des menschlichen Skeletts sichtbar machen, sowie sogenannte Sprengsch\u00e4del. Diese Pr\u00e4parate zeigen die einzelnen Bestandteile von Sch\u00e4deln verschiedener Tiere in einer auseinandergezogenen Darstellung und wurden einst f\u00fcr die anatomische Ausbildung verwendet. Besondere Aufmerksamkeit erh\u00e4lt auch das Motiv der Leber, das sowohl die Ausstellung als auch die begleitende Publikation pr\u00e4gt. Auf den ersten Blick erinnert die Aufnahme eher an eine Koralle aus der Unterwasserwelt als an ein menschliches Organ. Gerade diese \u00fcberraschenden Assoziationen machen den Reiz der Ausstellung aus.<\/p>\n<p><img loading=\"lazy\" decoding=\"async\" width=\"1200\" height=\"675\" src=\"https:\/\/www.europesays.com\/de\/wp-content\/uploads\/2026\/06\/ausstellung-steffen-schellhorn-meckelsche-sammlungen-03-1200x675.jpg\" alt=\"\" class=\"wp-image-353833\"  \/><\/p>\n<p><strong>Neue Perspektiven auf die Anatomie<\/strong><\/p>\n<p>Die Ausstellung verdeutlicht eindrucksvoll, dass wissenschaftliche Pr\u00e4parate weit mehr sind als Lehrmaterialien. Sie sind zugleich Zeugnisse handwerklicher Meisterschaft, historischer Forschung und nat\u00fcrlicher Sch\u00f6nheit. Die Fotografien schlagen eine Br\u00fccke zwischen Wissenschaft und Kunst und laden dazu ein, den menschlichen K\u00f6rper mit anderen Augen zu betrachten.<\/p>\n<p>Ausgehend von der Jubil\u00e4umsausstellung der Meckelschen Sammlungen entstand neben der Fotoausstellung so auch eine neue Publikation mit den Fotografien Schellhorns. Unterst\u00fctzt wurde das Projekt durch den F\u00f6rderverein der Meckelschen Sammlungen der Martin-Luther-Universit\u00e4t Halle-Wittenberg.<\/p>\n<p>Die Ausstellung \u201eDer besondere Blick \u2013 Die \u00c4sthetik anatomischer Pr\u00e4parate\u201c ist vom 19. Juni bis zum 10. Juli 2026 in der Kapelle des Medizin-Campus Steintor in Halle (Saale) zu sehen. Ge\u00f6ffnet ist sie jeweils mittwochs bis freitags von 12.30 bis 17.30 Uhr. Der Eintritt ist frei.<\/p>\n<p><strong>Zur Person: Steffen Schellhorn<\/strong><\/p>\n<p>Steffen Schellhorn wurde 1962 in Halle (Saale) geboren. Nach einem Studium des Ingenieurbauwesens machte er nach der politischen Wende sein Hobby zum Beruf. Seit 1991 arbeitet er als freier Pressefotograf vor allem in Mitteldeutschland f\u00fcr Zeitungen, Zeitschriften und Fotoagenturen. Sein besonderes Interesse gilt der Naturfotografie und dem Mikrokosmos, also den oft \u00fcbersehenen kleinen Strukturen und Details der Umwelt. Diese Leidenschaft hat er in zahlreichen Fotoprojekten und Ausstellungen umgesetzt. Dar\u00fcber hinaus ver\u00f6ffentlichte er bislang sieben B\u00fccher \u00fcber Halle (Saale) sowie ein weiteres Werk \u00fcber den Saalekreis.<\/p>\n<p><strong>Die Meckelschen Sammlungen<\/strong><\/p>\n<p>Die Meckelschen Sammlungen der Martin-Luther-Universit\u00e4t Halle-Wittenberg geh\u00f6ren zu den bedeutendsten anatomischen Sammlungen Deutschlands. Ihren Ursprung haben sie in der ber\u00fchmten Anatomenfamilie Meckel, die \u00fcber mehrere Generationen hinweg wirkte. Die Sammlung umfasst zahlreiche historische Pr\u00e4parate aus dem 18. bis 20. Jahrhundert und dokumentiert eindrucksvoll die Entwicklung der Anatomie und medizinischen Lehre. Aufgrund ihrer herausragenden wissenschafts- und kulturhistorischen Bedeutung wurden die Meckelschen Sammlungen im Jahr 2015 als nationales wertvolles Kulturgut anerkannt. Heute dienen sie sowohl der Forschung und Lehre als auch der \u00f6ffentlichen Wissensvermittlung.<\/p>\n<p><img loading=\"lazy\" decoding=\"async\" width=\"1200\" height=\"675\" data-wp-class--hide=\"state.isContentHidden\" data-wp-class--show=\"state.isContentVisible\" data-wp-init=\"callbacks.setButtonStyles\" data-wp-on-async--click=\"actions.showLightbox\" data-wp-on-async--load=\"callbacks.setButtonStyles\" data-wp-on-async-window--resize=\"callbacks.setButtonStyles\" data-id=\"353831\" src=\"https:\/\/www.europesays.com\/de\/wp-content\/uploads\/2026\/06\/ausstellung-steffen-schellhorn-meckelsche-sammlungen-01-1200x675.jpg\" alt=\"\" class=\"wp-image-353831\"  \/><\/p>\n<p><img loading=\"lazy\" decoding=\"async\" width=\"1200\" height=\"675\" data-wp-class--hide=\"state.isContentHidden\" data-wp-class--show=\"state.isContentVisible\" data-wp-init=\"callbacks.setButtonStyles\" data-wp-on-async--click=\"actions.showLightbox\" data-wp-on-async--load=\"callbacks.setButtonStyles\" data-wp-on-async-window--resize=\"callbacks.setButtonStyles\" data-id=\"353832\" src=\"https:\/\/www.europesays.com\/de\/wp-content\/uploads\/2026\/06\/ausstellung-steffen-schellhorn-meckelsche-sammlungen-02-1200x675.jpg\" alt=\"\" class=\"wp-image-353832\"  \/><\/p>\n<p><img loading=\"lazy\" decoding=\"async\" width=\"1200\" height=\"675\" data-wp-class--hide=\"state.isContentHidden\" data-wp-class--show=\"state.isContentVisible\" data-wp-init=\"callbacks.setButtonStyles\" data-wp-on-async--click=\"actions.showLightbox\" data-wp-on-async--load=\"callbacks.setButtonStyles\" data-wp-on-async-window--resize=\"callbacks.setButtonStyles\" data-id=\"353833\" src=\"https:\/\/www.europesays.com\/de\/wp-content\/uploads\/2026\/06\/ausstellung-steffen-schellhorn-meckelsche-sammlungen-03-1200x675.jpg\" alt=\"\" class=\"wp-image-353833\"  \/><\/p>\n<p><img loading=\"lazy\" decoding=\"async\" width=\"1200\" height=\"675\" data-wp-class--hide=\"state.isContentHidden\" data-wp-class--show=\"state.isContentVisible\" data-wp-init=\"callbacks.setButtonStyles\" data-wp-on-async--click=\"actions.showLightbox\" data-wp-on-async--load=\"callbacks.setButtonStyles\" data-wp-on-async-window--resize=\"callbacks.setButtonStyles\" data-id=\"353834\" src=\"https:\/\/www.europesays.com\/de\/wp-content\/uploads\/2026\/06\/ausstellung-steffen-schellhorn-meckelsche-sammlungen-04-1200x675.jpg\" alt=\"\" class=\"wp-image-353834\"  \/><\/p>\n<p>Werbung<\/p>\n<p><a href=\"https:\/\/www.fdp-lsa.de\/consent?dest=%2Fltw-26\" target=\"_blank\" aria-label=\"FDP_SA26_ZRE-Banner_800x600px_Kubicki_300626_Halle\" rel=\"nofollow noopener\"><img loading=\"lazy\" decoding=\"async\" src=\"https:\/\/www.europesays.com\/de\/wp-content\/uploads\/2026\/06\/FDP_SA26_ZRE-Banner_800x600px_Kubicki_300626_Halle.jpeg\" alt=\"\"   width=\"800\" height=\"600\"\/><\/a>          <\/p>\n","protected":false},"excerpt":{"rendered":"Mit einer feierlichen Vernissage wurde am Mittwochabend in der Kapelle des Medizin-Campus Steintor der Martin-Luther-Universit\u00e4t Halle-Wittenberg die Fotoausstellung&hellip;\n","protected":false},"author":2,"featured_media":889505,"comment_status":"","ping_status":"","sticky":false,"template":"","format":"standard","meta":{"footnotes":"","_share_on_mastodon":"0"},"categories":[1775],"tags":[1793,29,214,30,1794,215],"class_list":["post-1104645","post","type-post","status-publish","format-standard","has-post-thumbnail","category-kunst-und-design","tag-art-and-design","tag-deutschland","tag-entertainment","tag-germany","tag-kunst-und-design","tag-unterhaltung"],"share_on_mastodon":{"url":"https:\/\/pubeurope.com\/@de\/116773507409997364","error":""},"_links":{"self":[{"href":"https:\/\/www.europesays.com\/de\/wp-json\/wp\/v2\/posts\/1104645","targetHints":{"allow":["GET"]}}],"collection":[{"href":"https:\/\/www.europesays.com\/de\/wp-json\/wp\/v2\/posts"}],"about":[{"href":"https:\/\/www.europesays.com\/de\/wp-json\/wp\/v2\/types\/post"}],"author":[{"embeddable":true,"href":"https:\/\/www.europesays.com\/de\/wp-json\/wp\/v2\/users\/2"}],"replies":[{"embeddable":true,"href":"https:\/\/www.europesays.com\/de\/wp-json\/wp\/v2\/comments?post=1104645"}],"version-history":[{"count":0,"href":"https:\/\/www.europesays.com\/de\/wp-json\/wp\/v2\/posts\/1104645\/revisions"}],"wp:featuredmedia":[{"embeddable":true,"href":"https:\/\/www.europesays.com\/de\/wp-json\/wp\/v2\/media\/889505"}],"wp:attachment":[{"href":"https:\/\/www.europesays.com\/de\/wp-json\/wp\/v2\/media?parent=1104645"}],"wp:term":[{"taxonomy":"category","embeddable":true,"href":"https:\/\/www.europesays.com\/de\/wp-json\/wp\/v2\/categories?post=1104645"},{"taxonomy":"post_tag","embeddable":true,"href":"https:\/\/www.europesays.com\/de\/wp-json\/wp\/v2\/tags?post=1104645"}],"curies":[{"name":"wp","href":"https:\/\/api.w.org\/{rel}","templated":true}]}}