{"id":1104677,"date":"2026-06-18T22:54:16","date_gmt":"2026-06-18T22:54:16","guid":{"rendered":"https:\/\/www.europesays.com\/de\/1104677\/"},"modified":"2026-06-18T22:54:16","modified_gmt":"2026-06-18T22:54:16","slug":"200-gaeste-beim-rp-netzwerktreffen-moenchengladbach-in-im-juni-2026","status":"publish","type":"post","link":"https:\/\/www.europesays.com\/de\/1104677\/","title":{"rendered":"200 G\u00e4ste beim RP-Netzwerktreffen \u201eM\u00f6nchengladbach IN&#8220; im Juni 2026"},"content":{"rendered":"<p class=\"text_ohne_einzug richtext text-em-55 !leading-serif mx-6 desktop:mx-0\">27 Grad sind eine ausgezeichnete Gespr\u00e4chstemperatur. Das ist bei \u201eM\u00f6nchengladbach IN\u201c, dem Netzwerktreffen der Rheinischen Post in der Heinz Eventhalle, am Donnerstag klar geworden. Rund 200 geladene G\u00e4ste aus Politik, Wirtschaft, Kultur und Gesellschaft haben dabei \u00fcber die verschiedensten Themen gesprochen, neue Beziehungen gekn\u00fcpft oder bestehende gepflegt. Ein guter Stimmungsmesser daf\u00fcr, welche Themen die Stadt gerade bewegen.<\/p>\n<p class=\"richtext text-em-55 !leading-serif mx-6 desktop:mx-0\">Das sind \u2013 abgesehen von der frischen Nachricht des Produktionsstopps bei Tr\u00fctzschler \u2013 vor allem das Wetter und die WM. Am Samstagabend spielt die deutsche Elf. Lars Randerath, Chef von Parken MG, ist zwar \u201ekein totaler Fu\u00dfballfan, aber ich hoffe, dass die deutsche Mannschaft weit kommt\u201c, sagt er. Dann entstehe vielleicht auch wieder eine Stimmung wie 2006 beim Sommerm\u00e4rchen. Stadtsportbund-Pr\u00e4sident <a href=\"https:\/\/rp-online.de\/thema\/hans-wilhelm-reiners\/\" rel=\"nofollow noopener\" target=\"_blank\">Hans Wilhelm Reiners<\/a> w\u00fcrde sich auch freuen, doch der Ernst des (politischen) Lebens l\u00e4sst dem Christdemokraten keine Ruhe. Um Politik geht es auch bei Achim Wyen (FDP) und Boris Wolkowski (Gr\u00fcne) mit einem Glas Wein vom Lidl-Stand. Den beiden Politikern mangelt es als Chefs ihrer Fraktionen nicht an Gespr\u00e4chsthemen. Viele neue Gesichter sind in der neuen Besetzung des Stadtrates vertreten.<\/p>\n<p class=\"richtext text-em-55 !leading-serif mx-6 desktop:mx-0\">Dem sitzt Oberb\u00fcrgermeister Felix Heinrichs (SPD) vor, der den Betrieb in- und auswendig kennt. An diesem Abend ist er gefragter Gespr\u00e4chspartner. Als Schirmherr von \u201eM\u00f6nchengladbach IN\u201c freut er sich \u00fcber die volle Halle an diesem Abend und k\u00fchlt sich mit einem Eis vom Stand der Stadtsparkasse ab. Trotz offenem Rolltor ist es hei\u00df in der Heinz Eventhalle, die Alexander und Jacqueline Esch seit bald anderthalb Jahren betreiben. \u201eEs l\u00e4uft gut\u201c, sagt Alexander Esch.<\/p>\n<p class=\"richtext text-em-55 !leading-serif mx-6 desktop:mx-0\">Den industriellen Flair der Veranstaltungshalle genie\u00dfen G\u00e4ste wie Ehrenoberb\u00fcrgermeisterin Monika Bartsch (CDU) und IHK-Hauptgesch\u00e4ftsf\u00fchrer J\u00fcrgen Steinmetz, Polizeipr\u00e4sident Stephan Zenker, Mags-Chef Jens Hostenbach und Hochschulpr\u00e4sidentin Susanne Meyer. Die Beigeordneten Claudia Schwan-Schmitz (Bauen), Silke Wehmh\u00f6rner (Ordnung) und Sebastian Dreyer (Soziales) sind im Innenhof mit dem EWMG-Gesch\u00e4ftsf\u00fchrer Stefan Anspach im Gespr\u00e4ch. Daneben netzwerken auch die Bezirksb\u00fcrgermeister Udo Gerards (CDU, Bezirk West) und Michael Hildemann (SPD, Nord), die CDU-Landtagsabgeordneten Jochen Klenner und Vanessa Odermatt sowie Stefan Wagemanns (Der Mittelstand) und Marcel K\u00fcsters (Barmer).<\/p>\n<p class=\"richtext text-em-55 !leading-serif mx-6 desktop:mx-0\">Franz Dierk Meurers, Chef der <a href=\"https:\/\/rp-online.de\/thema\/volksbank\/\" rel=\"nofollow noopener\" target=\"_blank\">Volksbank<\/a> im Rheinland, freut sich \u00fcber das tolle Wetter, nette Gespr\u00e4che und vor allem eine erfolgreiche Fusion seines Geldinstituts mit der VR-Bank Region Aachen im R\u00fccken. \u201eIn den n\u00e4chsten Tagen werden noch die technischen Einrichtungen zusammengelegt\u201c, sagt er. Dann ist die Fusion vollendet. \u00dcber ein erfolgreiches Projekt spricht auch Jakob Langen. Mit seinem Verein \u201eClean up MG\u201c und weiteren Partnern hat er neue M\u00f6bel f\u00fcr die untere Hindenburgstra\u00dfe aufgestellt. \u201eSie werden gut angenommen. Immer wenn ich dort war, waren die Sitzinseln voll.\u201c<\/p>\n<p class=\"richtext text-em-55 !leading-serif mx-6 desktop:mx-0\">Altstadtsheriff Josef Vitz erz\u00e4hlt B\u00fcrgermeister Martin Heinen (CDU) von seinem j\u00fcngsten Spanienurlaub. \u00dcber Mietauto-Probleme kommt Heinen auf sein erstes Auto, das er damals \u201ezur H\u00e4lfte gefahren\u201c und \u201ezur H\u00e4lfte geschoben\u201c hat. Inspiration f\u00fcr ein neues Fahrzeug gibt es nur wenige Meter entfernt: Acht Autos \u2013 die H\u00e4lfte davon mit Elektroantrieb \u2013 pr\u00e4sentiert das Autozentrum Dresen an diesem Abend. Die Nachfrage sei durch die E-Auto-Pr\u00e4mie gestiegen, wei\u00df Verkaufsberater Reinhold Giesen. Sein Kollege Jan Kuhlen bemerkt aber auch, dass den Kunden die H\u00f6he der Raten wichtiger ist als der Antrieb.<\/p>\n<p class=\"richtext text-em-55 !leading-serif mx-6 desktop:mx-0\">W\u00e4hrenddessen gibt Patrick Broniewski (Deutsch-Ukrainische Wirtschaftsvereinigung) eine Anekdote aus der Vergangenheit zum Besten: Vor 30\u2005Jahren hat er beim Sch\u00fctzenfest das Funkger\u00e4t von Josef Vitz \u2013 damals noch als Polizist \u2013 bestaunt, der es ihm daraufhin stolz vorgef\u00fchrt habe. Ein offenbar bleibendes Erlebnis.<\/p>\n<p class=\"richtext text-em-55 !leading-serif mx-6 desktop:mx-0\">Erfolgsmeldungen k\u00f6nnen derweil Joachim und Christian Feies \u2013 Vater und Sohn \u2013 verk\u00fcnden: Der Feies Campus im Nordpark erfreut sich gro\u00dfer Nachfrage. Ein Kompetenzzentrum f\u00fcr nachhaltiges Bauen soll entstehen. \u201eWir wollen ein Leuchtturm f\u00fcr die Stadt und dar\u00fcber hinaus sein\u201c, sagt Joachim Feies. \u201eBei Veranstaltungen merken wir, dass das Interesse da ist\u201c, sagt Christian Feies. F\u00fcr die Vermarktung ist unter anderem Julian Leppich (\u201eBienen &amp; Partner\u201c) zust\u00e4ndig. Das Maklerb\u00fcro ist praktischerweise auch mit einem Stand vertreten. Der erste Bauabschnitt im Feies Campus ist bis auf eine Einheit vermietet, sagt Leppich. 2027 soll der zweite, 2028 der dritte Abschnitt fertiggestellt sein. Die Vermarktung l\u00e4uft bereit. Gleiches gilt f\u00fcr den Gewerbepark \u201eMeinWerk\u201c in Rheindahlen. Als perspektivisches Invest gehe der Trend zum Kauf statt der Miete, sagt \u201eMeinWerk\u201c-Projektleiter Markus W\u00e4chter.<\/p>\n<p class=\"richtext text-em-55 !leading-serif mx-6 desktop:mx-0\">Ein Abend, eine Halle, ein Netzwerktreffen und viele gute Themen. Nach einem Gesundheits-Treff im September geht es im November in die n\u00e4chste Runde mit \u201eM\u00f6nchengladbach IN\u201c.<\/p>\n","protected":false},"excerpt":{"rendered":"27 Grad sind eine ausgezeichnete Gespr\u00e4chstemperatur. Das ist bei \u201eM\u00f6nchengladbach IN\u201c, dem Netzwerktreffen der Rheinischen Post in der&hellip;\n","protected":false},"author":2,"featured_media":1104678,"comment_status":"","ping_status":"","sticky":false,"template":"","format":"standard","meta":{"footnotes":"","_share_on_mastodon":"0"},"categories":[1849],"tags":[3364,29,548,663,3934,25560,30,13,4455,14,15,1209,12],"class_list":["post-1104677","post","type-post","status-publish","format-standard","has-post-thumbnail","category-moenchengladbach","tag-de","tag-deutschland","tag-eu","tag-europa","tag-europe","tag-fusion","tag-germany","tag-headlines","tag-moenchengladbach","tag-nachrichten","tag-news","tag-nordrhein-westfalen","tag-schlagzeilen"],"share_on_mastodon":{"url":"","error":""},"_links":{"self":[{"href":"https:\/\/www.europesays.com\/de\/wp-json\/wp\/v2\/posts\/1104677","targetHints":{"allow":["GET"]}}],"collection":[{"href":"https:\/\/www.europesays.com\/de\/wp-json\/wp\/v2\/posts"}],"about":[{"href":"https:\/\/www.europesays.com\/de\/wp-json\/wp\/v2\/types\/post"}],"author":[{"embeddable":true,"href":"https:\/\/www.europesays.com\/de\/wp-json\/wp\/v2\/users\/2"}],"replies":[{"embeddable":true,"href":"https:\/\/www.europesays.com\/de\/wp-json\/wp\/v2\/comments?post=1104677"}],"version-history":[{"count":0,"href":"https:\/\/www.europesays.com\/de\/wp-json\/wp\/v2\/posts\/1104677\/revisions"}],"wp:featuredmedia":[{"embeddable":true,"href":"https:\/\/www.europesays.com\/de\/wp-json\/wp\/v2\/media\/1104678"}],"wp:attachment":[{"href":"https:\/\/www.europesays.com\/de\/wp-json\/wp\/v2\/media?parent=1104677"}],"wp:term":[{"taxonomy":"category","embeddable":true,"href":"https:\/\/www.europesays.com\/de\/wp-json\/wp\/v2\/categories?post=1104677"},{"taxonomy":"post_tag","embeddable":true,"href":"https:\/\/www.europesays.com\/de\/wp-json\/wp\/v2\/tags?post=1104677"}],"curies":[{"name":"wp","href":"https:\/\/api.w.org\/{rel}","templated":true}]}}