{"id":1104759,"date":"2026-06-18T23:45:20","date_gmt":"2026-06-18T23:45:20","guid":{"rendered":"https:\/\/www.europesays.com\/de\/1104759\/"},"modified":"2026-06-18T23:45:20","modified_gmt":"2026-06-18T23:45:20","slug":"schorndorf-kleinkind-tot-in-auto-gefunden-was-bekannt-ist","status":"publish","type":"post","link":"https:\/\/www.europesays.com\/de\/1104759\/","title":{"rendered":"Schorndorf: Kleinkind tot in Auto gefunden &#8211; Was bekannt ist"},"content":{"rendered":"<p>Kerzen, Blumen und ein Schaf-Kuscheltier stehen vor dem Zaun am Rande des Sportgel\u00e4ndes mit der blauen Tartanbahn in Schorndorf (Rems-Murr-Kreis). Hier auf dem Parkplatz ist am Mittwoch ein 20 Monate altes Kind in einem Auto gestorben. Eine Frau legt einen langen Brief auf den Boden: &#8222;Ruhe in Frieden, kleiner Engel&#8220;, so endet ihr sehr pers\u00f6nlicher Text &#8211; w\u00e4hrend von irgendwo her zwischen Sportplatz, Kletterhalle und Kindergarten fr\u00f6hliche Kinderrufe zu h\u00f6ren sind. Die Fassungslosigkeit, man meint, sie mit H\u00e4nden greifen zu k\u00f6nnen. <\/p>\n<p>Totes Kind in Auto wohl \u00fcber Stunden vergessen<\/p>\n<p>Der Parkplatz ist ein belebter Ort: Autos, Fahrr\u00e4der, Fu\u00dfg\u00e4nger, ein Kommen und Gehen. Manche bleiben an diesem Donnerstag stehen, um sich die Gedenkstelle anzuschauen.\u00a0Genau wei\u00df man noch nicht, was passiert ist. Die Mutter selbst hatte das M\u00e4dchen kurz vor 15 Uhr gefunden. Sie soll das Kind wohl \u00fcber Stunden im Auto vergessen haben. Die 44-J\u00e4hrige versuchte, so die Polizei, das Kind zu reanimieren, ebenso der hinzugerufene Notarzt und der Rettungsdienst &#8211; vergebens. Das M\u00e4dchen starb noch vor Ort. <\/p>\n<p>Baden-W\u00fcrttemberg<\/p>\n<p><a href=\"https:\/\/www.swr.de\/swraktuell\/baden-wuerttemberg\/was-tun-wenn-man-kinder-oder-tiere-im-heissen-auto-sieht-100.html\" class=\"teasertracking clickzone link\" role=\"presentation\" tabindex=\"-1\" rel=\"nofollow noopener\" target=\"_blank\"><\/p>\n<p><img src=\"https:\/\/www.europesays.com\/de\/wp-content\/uploads\/2026\/06\/1781782460453,autos-in-sonne-100~_v-1x1@2dXS_-9a91314e681c924f29ec89ca45e4e12f5b1d728e.jpg\"   class=\"\" data-copyright=\"Foto: dpa Bildfunk, picture alliance \/ Britta Pedersen\/dpa-Zentralbild\/dpa | Britta Pedersen\" alt=\"Die Sonne reflektiert sich in den Winschutzscheiben parkender Autos. \" width=\"320\" height=\"320\" loading=\"lazy\" decoding=\"async\"\/><\/p>\n<p><\/a><\/p>\n<p><a href=\"https:\/\/www.swr.de\/swraktuell\/baden-wuerttemberg\/was-tun-wenn-man-kinder-oder-tiere-im-heissen-auto-sieht-100.html\" class=\"teasertracking clickzone link\" rel=\"nofollow noopener\" target=\"_blank\"><br \/>\nLebensgefahr bei hohen Temperaturen<br \/>\nKind oder Hund bei Hitze im Auto: Scheibe einschlagen, um zu helfen?<br \/>\n<\/a><\/p>\n<p><a href=\"https:\/\/www.swr.de\/swraktuell\/baden-wuerttemberg\/was-tun-wenn-man-kinder-oder-tiere-im-heissen-auto-sieht-100.html\" class=\"teasertracking clickzone link\" rel=\"nofollow noopener\" target=\"_blank\"><\/p>\n<p>Ein Kleinkind ist in einem Auto in Schorndorf in der Hitze gestorben. Steht ein Fahrzeug in der Sonne, entwickeln sich schnell lebensgef\u00e4hrlich hohe Temperaturen. Wie man helfen kann.\n<\/p>\n<p><\/a><\/p>\n<p>Mittlerweile laufe ein Ermittlungsverfahren wegen fahrl\u00e4ssiger T\u00f6tung, sagt die Stuttgarter Staatsanwaltschaft. Die Kripo Waiblingen ermittelt. Eine Obduktion soll die Todesumst\u00e4nde kl\u00e4ren, sagt ein Polizeisprecher dem SWR. Eine Frage ist, inwiefern die Hitze eine Rolle gespielt haben k\u00f6nnte und ob noch andere gesundheitliche Gr\u00fcnde zum Tod des M\u00e4dchens gef\u00fchrt haben k\u00f6nnten. Auch der genaue Todeszeitpunkt solle ermittelt werden.<\/p>\n<p>&#8222;Die Kriminalpolizei konzentriert sich jetzt zun\u00e4chst darauf, den Tagesverlauf gestern so detailliert wie m\u00f6glich zu rekonstruieren&#8220;, erkl\u00e4rt der Polizeisprecher. Also: Wann hat wer die Mutter, das Kind, das Auto zuletzt gesehen. Wie lange war das Kind unbeaufsichtigt im Auto? \u00dcberhaupt: Warum hat die Frau ihr Kind \u00fcber so lange Zeit im Auto vergessen. Die Polizei \u00e4u\u00dferte sich bislang nicht dazu, wo sich der Vater zu der Zeit aufhielt.\u00a0Die Mutter wurde noch nicht vernommen &#8211; sie musste nach dem Fund ihrer Tochter medizinisch und seelsorgerisch versorgt werden. <\/p>\n<p>Menschen in Schorndorf zeigen sich betroffen nach Tod von Kleinkind<\/p>\n<p>Die Nachricht bewegt viele in Schorndorf. &#8222;Ich verstehe nicht, dass es immer noch Leute gibt oder dass es sich noch nicht herumgesprochen hat, dass man so etwas bei diesen Temperaturen einfach nicht macht. Man l\u00e4sst ein Kind \u00fcberhaupt nicht allein im Auto&#8220;, sagte eine junge Frau gegen\u00fcber der Nachrichtenagentur dpa. Eine \u00e4ltere Frau stimmte zu: &#8222;Ich habe selbst Kinder und Enkel. So etwas geht gar nicht.&#8220; Eine weitere bewegt auch, wie es den Rettungskr\u00e4ften ergangen ist: &#8222;Die hatten diesen leblosen K\u00f6rper vor sich liegen und konnten nichts mehr machen. Das muss sie doch auch unheimlich besch\u00e4ftigen. Mir geht das sehr nach.&#8220; <\/p>\n<p><img src=\"https:\/\/www.europesays.com\/de\/wp-content\/uploads\/2026\/06\/1781718691162,schorndorf-parkplatz-auto-kleinkind-100~_v-16x9@2dS_-6be50a9c75559ca1aaf1d0b25bae287af.jpeg\"   class=\"\" data-copyright=\"Foto: 7aktuell.de | Alexander Hald\" alt=\"Auf dem Parkplatz einer gro\u00dfen Sportanlage in Schorndorf wurde am Mittwochnachmittag ein lebloses Kind in einem Auto entdeckt.\" width=\"320\" height=\"180\" loading=\"lazy\" decoding=\"async\"\/><\/p>\n<p>Auf dem Parkplatz einer gro\u00dfen Sportanlage in Schorndorf wurde am Mittwochnachmittag ein lebloses Kind in einem Auto entdeckt.<\/p>\n<p>7aktuell.de | Alexander Hald<\/p>\n<p>Es gibt aber auch Versuche, Verst\u00e4ndnis f\u00fcr die Mutter zu haben: &#8222;Ich bin gelernter Kinderkrankenpfleger. Mir ist das nicht unbekannt&#8220;, sagte ein Mann. Nat\u00fcrlich sei ein solcher Fall schwer nachzuvollziehen. &#8222;Aber ich sehe das etwas anders: Unter Stress denkt man manchmal an nichts.&#8220; Er erinnere sich an den Fall eines Vaters, der sein Kind im Auto verga\u00df, als er es eigentlich in den Kindergarten bringen sollte. &#8222;Viele Leute sind so in ihren Alltag eingebunden, mit sich selbst oder anderen Dingen besch\u00e4ftigt, dass so etwas passiert.&#8220;<\/p>\n<p>Autos k\u00f6nnen f\u00fcr Babys und Kleinkinder zur Hitzefalle werden <\/p>\n<p>Auch der Schorndorfer Oberb\u00fcrgermeister Bernd Hornikel (parteilos) zeigt sich am Donnerstag in einer Mitteilung best\u00fcrzt \u00fcber den Tod des Kindes. Seine Gedanken seien bei dem verstorbenen Kind, den Eltern und bei allen Menschen, die ihm nahestanden. Au\u00dferdem bittet der Oberb\u00fcrgermeister darum, &#8222;die Privatsph\u00e4re der Betroffenen zu achten und den laufenden Ermittlungen nicht durch Spekulationen vorzugreifen&#8220;. Erste Antworten erhoffen sich die Ermittler von der Obduktion der Leiche am Freitagmorgen.<\/p>\n<p>\nUnsere Artikel gezielt bei Google anzeigen lassen\n<\/p>\n<p>Wenn Sie bei Google nach Informationen suchen, werden Ihnen bestimmte Nachrichten in der sogenannten Schlagzeilen-Box angezeigt. Welche das sind, k\u00f6nnen Sie jetzt direkt mitbestimmen.<\/p>\n<p>Und so geht es: Wenn Sie SWR Aktuell als bevorzugte Quelle hinterlegen, bekommen Sie unsere Inhalte auch \u00f6fter ausgespielt.<\/p>\n<p>\u2192 Hier k\u00f6nnen Sie <a href=\"https:\/\/1.ard.de\/preferedsources\" class=\"link link-inline inline-link\" title=\"Google\" target=\"_blank\" rel=\"noopener nofollow\" data-pjax=\"0\">SWR Aktuell als Ihre bevorzugte Quelle einstellen<\/a>.<\/p>\n","protected":false},"excerpt":{"rendered":"Kerzen, Blumen und ein Schaf-Kuscheltier stehen vor dem Zaun am Rande des Sportgel\u00e4ndes mit der blauen Tartanbahn in&hellip;\n","protected":false},"author":2,"featured_media":1104760,"comment_status":"","ping_status":"","sticky":false,"template":"","format":"standard","meta":{"footnotes":"","_share_on_mastodon":"0"},"categories":[1830],"tags":[1634,3364,29,30,1441],"class_list":["post-1104759","post","type-post","status-publish","format-standard","has-post-thumbnail","category-stuttgart","tag-baden-wuerttemberg","tag-de","tag-deutschland","tag-germany","tag-stuttgart"],"share_on_mastodon":{"url":"https:\/\/pubeurope.com\/@de\/116773778278498742","error":""},"_links":{"self":[{"href":"https:\/\/www.europesays.com\/de\/wp-json\/wp\/v2\/posts\/1104759","targetHints":{"allow":["GET"]}}],"collection":[{"href":"https:\/\/www.europesays.com\/de\/wp-json\/wp\/v2\/posts"}],"about":[{"href":"https:\/\/www.europesays.com\/de\/wp-json\/wp\/v2\/types\/post"}],"author":[{"embeddable":true,"href":"https:\/\/www.europesays.com\/de\/wp-json\/wp\/v2\/users\/2"}],"replies":[{"embeddable":true,"href":"https:\/\/www.europesays.com\/de\/wp-json\/wp\/v2\/comments?post=1104759"}],"version-history":[{"count":0,"href":"https:\/\/www.europesays.com\/de\/wp-json\/wp\/v2\/posts\/1104759\/revisions"}],"wp:featuredmedia":[{"embeddable":true,"href":"https:\/\/www.europesays.com\/de\/wp-json\/wp\/v2\/media\/1104760"}],"wp:attachment":[{"href":"https:\/\/www.europesays.com\/de\/wp-json\/wp\/v2\/media?parent=1104759"}],"wp:term":[{"taxonomy":"category","embeddable":true,"href":"https:\/\/www.europesays.com\/de\/wp-json\/wp\/v2\/categories?post=1104759"},{"taxonomy":"post_tag","embeddable":true,"href":"https:\/\/www.europesays.com\/de\/wp-json\/wp\/v2\/tags?post=1104759"}],"curies":[{"name":"wp","href":"https:\/\/api.w.org\/{rel}","templated":true}]}}