{"id":1104905,"date":"2026-06-19T01:05:19","date_gmt":"2026-06-19T01:05:19","guid":{"rendered":"https:\/\/www.europesays.com\/de\/1104905\/"},"modified":"2026-06-19T01:05:19","modified_gmt":"2026-06-19T01:05:19","slug":"fortuna-duesseldorf-heintz-transfer-ermoeglicht-stammspieler-abgang","status":"publish","type":"post","link":"https:\/\/www.europesays.com\/de\/1104905\/","title":{"rendered":"Fortuna D\u00fcsseldorf: Heintz-Transfer erm\u00f6glicht Stammspieler-Abgang"},"content":{"rendered":"<p class=\"text_ohne_einzug richtext text-em-55 !leading-serif mx-6 desktop:mx-0\">Ende August vergangenen Jahres musste Fortuna auf den letzten Metern noch einmal auf dem Transfermarkt aktiv werden. Und knapp zehn Monate sp\u00e4ter l\u00e4sst sich sagen: Viele Elemente der Verpflichtung von Jesper Daland sprechen daf\u00fcr, dass der Norweger ein Paniktransfer war. Jamil Siebert hatte die D\u00fcsseldorfer wenige Tage zuvor in Richtung <a href=\"https:\/\/rp-online.de\/thema\/italien\/\" rel=\"nofollow noopener\" target=\"_blank\">Italien<\/a> verlassen und f\u00fcr wichtige Transfereinnahmen gesorgt. Dass das Eigengew\u00e4chs den Verein verlassen w\u00fcrde, hatte sich aber schon \u00fcber Wochen abgezeichnet. Einen Vorgriff gab es f\u00fcr die Position dennoch nicht. Fortuna reagierte erst, als der Druck enorm hoch war, auf der Position noch einmal nachzulegen.<\/p>\n","protected":false},"excerpt":{"rendered":"Ende August vergangenen Jahres musste Fortuna auf den letzten Metern noch einmal auf dem Transfermarkt aktiv werden. Und&hellip;\n","protected":false},"author":2,"featured_media":1104906,"comment_status":"","ping_status":"","sticky":false,"template":"","format":"standard","meta":{"footnotes":"","_share_on_mastodon":"0"},"categories":[1831],"tags":[16549,53331,233996,17812,299,136454,3364,29,3136,24621,3405,136456,6223,30,24043,233997,13762,1209,30905,223324,14465,233995],"class_list":["post-1104905","post","type-post","status-publish","format-standard","has-post-thumbnail","category-duesseldorf","tag-20fortuna","tag-2ffortuna","tag-3degouli","tag-abgang","tag-bundesliga","tag-daland","tag-de","tag-deutschland","tag-dominique-heintz","tag-drittliga","tag-duesseldorf","tag-egouli","tag-fortuna","tag-germany","tag-innenverteidiger","tag-innenverteidigerposition","tag-liga","tag-nordrhein-westfalen","tag-oberdorf","tag-samir-arabi","tag-verteidiger","tag-voraussicht"],"share_on_mastodon":{"url":"https:\/\/pubeurope.com\/@de\/116774091551994691","error":""},"_links":{"self":[{"href":"https:\/\/www.europesays.com\/de\/wp-json\/wp\/v2\/posts\/1104905","targetHints":{"allow":["GET"]}}],"collection":[{"href":"https:\/\/www.europesays.com\/de\/wp-json\/wp\/v2\/posts"}],"about":[{"href":"https:\/\/www.europesays.com\/de\/wp-json\/wp\/v2\/types\/post"}],"author":[{"embeddable":true,"href":"https:\/\/www.europesays.com\/de\/wp-json\/wp\/v2\/users\/2"}],"replies":[{"embeddable":true,"href":"https:\/\/www.europesays.com\/de\/wp-json\/wp\/v2\/comments?post=1104905"}],"version-history":[{"count":0,"href":"https:\/\/www.europesays.com\/de\/wp-json\/wp\/v2\/posts\/1104905\/revisions"}],"wp:featuredmedia":[{"embeddable":true,"href":"https:\/\/www.europesays.com\/de\/wp-json\/wp\/v2\/media\/1104906"}],"wp:attachment":[{"href":"https:\/\/www.europesays.com\/de\/wp-json\/wp\/v2\/media?parent=1104905"}],"wp:term":[{"taxonomy":"category","embeddable":true,"href":"https:\/\/www.europesays.com\/de\/wp-json\/wp\/v2\/categories?post=1104905"},{"taxonomy":"post_tag","embeddable":true,"href":"https:\/\/www.europesays.com\/de\/wp-json\/wp\/v2\/tags?post=1104905"}],"curies":[{"name":"wp","href":"https:\/\/api.w.org\/{rel}","templated":true}]}}