{"id":1104907,"date":"2026-06-19T01:06:24","date_gmt":"2026-06-19T01:06:24","guid":{"rendered":"https:\/\/www.europesays.com\/de\/1104907\/"},"modified":"2026-06-19T01:06:24","modified_gmt":"2026-06-19T01:06:24","slug":"naherholungsgebiet-in-stuttgart-grillen-muell-und-braende-warum-die-situation-am-max-eyth-see-eskaliert","status":"publish","type":"post","link":"https:\/\/www.europesays.com\/de\/1104907\/","title":{"rendered":"\u201eNaherholungsgebiet\u201c in Stuttgart: Grillen, M\u00fcll und Br\u00e4nde \u2013 warum die Situation am Max-Eyth-See eskaliert"},"content":{"rendered":"<p>Alle im Bezirksbeirat wollen ein Grillverbot. Doch noch ist Grillen am Max-Eyth-See erlaubt. Einen Sicherheitsdienst gibt es nicht mehr. Was das bedeutet?<\/p>\n<p> Ein sonniger Sonntag mit Haufenwolken und angenehmen Temperaturen \u00fcber 20 Grad. <a href=\"https:\/\/www.stuttgarter-zeitung.de\/inhalt.wildtiere-in-stuttgart-die-fische-verschwinden-immer-mehr-aus-dem-stuttgarter-neckar.61c6e2ed-0709-4eac-9cce-c5440e9849a3.html\" target=\"_blank\" rel=\"nofollow noopener\">Der Max-Eyth-See liegt ruhig da.<\/a> In den gem\u00e4hten Wiesen grasen Nil- und Graug\u00e4nse, nach Arten getrennt. Weiter hinten Richtung Halbinsel stecken die ersten Angeln am Ufer, auch beim Bootsverleih hat sich eine kleine Gruppe niedergelassen. V\u00f6gel zwitschern im Natura-2000-Gebiet.<\/p>\n<p>In der Idylle bei den Grillzonnen herum gibt es viel <a href=\"https:\/\/www.stuttgarter-nachrichten.de\/thema\/M%C3%BCll\" title=\"M\u00fcll\" class=\"art_thema\" rel=\"nofollow noopener\" target=\"_blank\">M\u00fcll<\/a> <\/p>\n<p>Nur eins f\u00e4llt auf: In der gr\u00fcnen Idylle, zwischen Naturschutzgebiet und Freizeitbereich gibt es viel M\u00fcll vom Vortag. Insbesondere um die Grillzonen herum. Dort liegen Essensreste, Verpackungen, W\u00fcrste, Abfall auf einer Sitzbank. Ein mit M\u00fcll gef\u00fcllter Einkaufswagen steht daneben. <\/p>\n<p>Auf dem Weg gegen\u00fcber steht eine der riesigen M\u00fclltonnen, kaum bef\u00fcllt, daf\u00fcr liegen zwei Grillschalen mit Abfall daneben. Unweit grasen Graug\u00e4nse. Auch die Nilg\u00e4nse sind von den Feldern wieder zur\u00fcck am See.<\/p>\n<p>  <img decoding=\"async\" loading=\"lazy\" src=\"https:\/\/www.europesays.com\/de\/wp-content\/uploads\/2026\/06\/media.media.f8a062c1-6f69-4a23-9f37-7667ed545ef0.original1024.media.jpeg\"\/>     Wolfgang Schweizer (li.) aus   <a href=\"https:\/\/www.stuttgarter-nachrichten.de\/thema\/Stuttgart-M%C3%BChlhausen\" title=\"M\u00fchlhausen\" class=\"art_thema\" rel=\"nofollow noopener\" target=\"_blank\">M\u00fchlhausen<\/a> und Joachim K\u00f6nig aus Hofen prangern die Missst\u00e4nde auch mit den unerlaubten Bodengrills im Bezirksbeirat an. Das Gremium ist gegen ein Grillverbot, der Gemeinderat hat sich aber daf\u00fcr ausgesprochen. Der Sicherheitsdienst wurde gestrichen.    Foto: Iris Frey    <\/p>\n<p>Joachim K\u00f6nig (38) aus dem nahen Hofen und Wolfgang Schweizer (69) aus M\u00fchlhausen \u00e4rgert vieles: der M\u00fcll, die vielen Falschparker, die Radfahrer und die vielen Eins\u00e4tze der <a href=\"https:\/\/www.stuttgarter-nachrichten.de\/thema\/Feuerwehr\" title=\"Feuerwehr\" class=\"art_thema\" rel=\"nofollow noopener\" target=\"_blank\">Feuerwehr<\/a>, wenn es brennt durchs falsch entsorgte Grillkohle oder unerlaubte Bodengrills. Nicht nur im Bezirksbeirat M\u00fchlhausen haben die beiden Christdemokraten auf die Situation immer wieder aufmerksam gemacht. Sie sind keine Einzelk\u00e4mpfer. <a href=\"https:\/\/www.stuttgarter-zeitung.de\/inhalt.bootsverleih-in-boeblingen-mitten-in-der-stadt-boot-fahren-wo-findet-man-so-was-in-der-umgebung-noch.06fe91a1-9b08-4b40-a18f-a0998461fe91.html\" target=\"_blank\" rel=\"nofollow noopener\">Alle stehen dahinter<\/a>. Der gesamte Bezirksbeirat hatte sich einstimmig f\u00fcr ein Grillverbot ausgesprochen. \u201eDoch nichts ist passiert\u201c, sagen sie. Der Stuttgarter Gemeinderat hat sich \u00fcber das Votum aus M\u00fchlhausen hinweggesetzt und das Grillen am See unter bestimmten Regeln weiter erlaubt.<\/p>\n<p>   <img decoding=\"async\" loading=\"lazy\" src=\"https:\/\/www.europesays.com\/de\/wp-content\/uploads\/2026\/06\/media.media.fccbc1a7-ded4-4331-ac84-6dec5160a75f.original1024.media.jpeg\"\/>     Der erste Grill steht schon um kurz nach 8 Uhr am   <a href=\"https:\/\/www.stuttgarter-nachrichten.de\/thema\/Max-Eyth-See\" title=\"Max-Eyth-See\" class=\"art_thema\" rel=\"nofollow noopener\" target=\"_blank\">Max-Eyth-See<\/a>, dazu viele Taschen mit Essen.    Foto: Iris Frey    <\/p>\n<p>Und so kommt es, dass an diesem Sonntagsmorgen bereits um 8.20 Uhr der erste Mann einen Standgrill an den See schleift und sich unter B\u00e4umen einen passenden Platz sucht. Danach geht es hin und her. <\/p>\n<p>Etwa ein Dutzend Einkaufst\u00fcten voll mit Essen und Lebensmitteln werden angeschleppt. Kein Einzelfall. Sp\u00e4ter kommt noch das Mobiliar. \u201eEs werden manchmal auch Zelte fest im Boden verankert, aufgebaut\u201c, wei\u00df K\u00f6nig beim Besuch vor Ort zu berichten.<\/p>\n<p>  <img decoding=\"async\" loading=\"lazy\" src=\"https:\/\/www.europesays.com\/de\/wp-content\/uploads\/2026\/06\/media.media.4729bed7-6963-44c9-8d2c-caaaf37da336.original1024.media.jpeg\"\/>     Die Zufahrt zum See an der Haltestelle Wagrain\u00e4cker ist mit Absperrz\u00e4unen zugebaut, damit keine Grill-Anlieferer unerlaubt hier reinfahren.    Foto: Iris Frey    <\/p>\n<p>Der Zugang an der Stadtbahnhaltestelle Wagrain\u00e4cker ist noch mit rot-wei\u00dfen Schranken zu. \u201eManchmal wird die Schranke missachtet\u201c, erz\u00e4hlen die beiden. K\u00f6nig kontrolliert: Die Schranke ist zum Gl\u00fcck wieder zu. \u201eDas Schloss war vor kurzem kaputt.\u201c Dreiste Autofahrer h\u00e4tten die Situation ausgenutzt, um ihre Grillsachen unerlaubt per <a href=\"https:\/\/www.stuttgarter-nachrichten.de\/thema\/Auto\" title=\"Auto\" class=\"art_thema\" rel=\"nofollow noopener\" target=\"_blank\">Auto<\/a> direkt an den See zu fahren.<\/p>\n<p>   <img decoding=\"async\" loading=\"lazy\" src=\"https:\/\/www.europesays.com\/de\/wp-content\/uploads\/2026\/06\/media.media.ea53cc30-9807-4e37-8541-a1d04f8a5834.original1024.media.jpeg\"\/>     Schilder weisen auf die Grillbereiche am Max-Eyth-See und die Zeiten hin. Dahinter liegen Flaschen vom Feiern. Oft werden die Grillzeiten nicht eingehalten, berichten Besucher am See.    Foto: Iris Frey    <\/p>\n<p>Dabei weisen Schilder am Zugang zum See genau die Regeln aus. Hinter einem Schild mit Grillerlaubnis liegen zig leer getrunkene Bierflaschen. Das Ergebnis des Feierns am Tag zuvor. \u201eDa wurde auch noch nach 22 Uhr gegrillt\u201c, wei\u00df K\u00f6nig. Er war vor Ort. \u201eAm 1. Mai war es ganz schlimm, da waren den ganzen Tag \u00fcber mehr als 3500 Besucher hier am See, der so gro\u00df gar nicht ist\u201c, sagt er. Der Qualm und L\u00e4rm st\u00f6re auch die Anwohner.<\/p>\n<p> Problem an Wochenenden &#8211; Parkplatzmangel <\/p>\n<p>Die Menschen, die hier vorwiegend grillend ihre Freizeit verbringen, fahren meist mit dem Auto an. An der M\u00fchlh\u00e4user Stra\u00dfe d\u00fcrfen sie bis zu einem bestimmten Punkt vor Hofen parken, nur montags bis freitags nicht. An diesem Sonntagmorgen, steigt ein P\u00e4rchen aus, h\u00e4lt kurz vor der Ampel und geht am See joggen. M\u00f6glichst kurze Wege will jeder haben. Geplant ist, dass auf der M\u00fchlh\u00e4user Stra\u00dfe ein Radstreifen gebaut werden soll. Dann fallen die Parkpl\u00e4tze am Wochenende weg. K\u00f6nig hat jetzt schon Sorge, wie dann der kleine Ort noch weiter mit Autos zugestellt wird. \u201eWo es doch heute schon keine Parkpl\u00e4tze gibt und alles so eng ist.\u201c<\/p>\n<p>   Konflikte von Fu\u00dfg\u00e4ngern mit Radfahrern <\/p>\n<p>Auch Radfahrer sorgen immer wieder am Wochenende am See f\u00fcr Probleme. Es gibt Konflikte mit den Fu\u00dfg\u00e4ngern. F\u00fcr sie soll ebenfalls ein Weg extra ausgewiesen werden. Noch ist es nicht so weit. Kurz vor der Halbinsel ganz nahe dem Naturschutzgebiet, haben tags zuvor Grillfans einfach ihre Kohle auf den Steinboden neben der noch mit M\u00fcll \u00fcbers\u00e4ten Tischsitzgruppe gelegt und dort ihr Feuer gemacht.<\/p>\n<p>   <img decoding=\"async\" loading=\"lazy\" src=\"https:\/\/www.europesays.com\/de\/wp-content\/uploads\/2026\/06\/media.media.4c95152f-6c7b-4062-8f72-e17893637c4c.original1024.media.jpeg\"\/>     Eine mit M\u00fcll \u00fcbers\u00e4te Sitzgruppe am Max-Eyth-See und eine offene Feuerstelle vom Grillen am Tag zuvor direkt am Naturschutzgebiet.    Foto: Iris Frey    <\/p>\n<p>Eine vorbeiwalkende Frau sagt auf die Frage, ob sie das st\u00f6re: \u201eSollen sie doch an ihrem M\u00fcll ersticken.\u201c Es \u00e4ndere sich leider nichts. Bei sch\u00f6nem Wetter sei es noch mehr.<\/p>\n<p> Grau- und Nilg\u00e4nse breiten sich an Ufer und Wiesen aus <\/p>\n<p>In der Tat, ein paar hundert Meter weiter, beim<a href=\"https:\/\/www.stuttgarter-zeitung.de\/inhalt.beringung-in-boeblingen-auf-graugaensefang-im-stadtgarten.76c75c8a-2362-4b21-b2f0-66201f7c78f8.html\" target=\"_blank\" rel=\"nofollow noopener\"> G\u00e4nsesteg<\/a>, der derzeit gar nicht mehr betreten werden kann, ist ein Sozialunternehmen im Einsatz und sammelt M\u00fcll ein. Der 18-j\u00e4hrige Amir Hill r\u00e4umt den Einkaufswagen weg und die Essensreste von der Bank. \u201eIch denke dabei einfach ans Saubermachen\u201c, sagt er, dessen Dienst von 5.30 bis 10.30 Uhr sonntags geht und der schon im H\u00f6henpark Killesberg sauber gemacht hat. Er glaubt nicht, dass die Leute sich das mit dem M\u00fcll bewusst machen. Aber: \u201eEs w\u00e4re immer besser, wenn sie den M\u00fcll wegbringen.\u201c Und er hat festgestellt, wenn es w\u00e4rmer wird, werde es immer mehr M\u00fcll.<\/p>\n<p>   <img decoding=\"async\" loading=\"lazy\" src=\"https:\/\/www.europesays.com\/de\/wp-content\/uploads\/2026\/06\/media.media.af0f6feb-3292-4d38-8386-7bc738cc9993.original1024.media.jpeg\"\/>     Der G\u00e4nsesteg am Max-Eyth-See mit viel Kot. Kein Mensch l\u00e4uft auch wegen des Kots und der Tiere hier mehr hin, berichten die Besucher.    Foto: Iris Fre    <\/p>\n<p>Wenn es schon das Grillverbot nicht sofort gibt, dann wenigstens regelm\u00e4\u00dfig Kontrollen vom Ordnungsamt oder Sicherheitsdienst, fordert K\u00f6nig. Denn wenn die mal da seien, sei die Situation sofort geordneter. Das Problem: Dieses Jahr gibt es keinen Sicherheitsdienst mehr am See. Die Stadt musste die 60.000 Euro sparen, so Schweizer. Die B\u00fcrger sehen sich allein gelassen mit den Problemen.<\/p>\n<p> Feuerwehr r\u00fcckt am Max-Eyth-See immer wieder aus <\/p>\n<p>Die Feuerwehr ist eigenen Angaben zufolge in diesem Jahr bereits zu 16 Eins\u00e4tzen zu Kleinbr\u00e4nden an den See ausger\u00fcckt. So viele Eins\u00e4tze waren es im gesamten vergangenen Jahr. Auch Bezirksvorsteher Ralf Bohlmann erkl\u00e4rt: Ohne den Sicherheitsdienst sei man zur\u00fcck in alte Zeiten gefallen. Die gr\u00f6\u00dften Probleme seien der M\u00fcll, wildes Parken, das exzessive Grillen mit Regelverst\u00f6\u00dfen und die zahlreichen Feuerwehreins\u00e4tze. Schilder aufstellen n\u00fctze nichts. Die Abfallwirtschaft <a href=\"https:\/\/www.stuttgarter-nachrichten.de\/thema\/Stuttgart\" title=\"Stuttgart\" class=\"art_thema\" rel=\"nofollow noopener\" target=\"_blank\">Stuttgart<\/a> l\u00e4sst von einem Sozialunternehmen mittwochs und sonntags das Gebiet am See reinigen. Konkrete Angaben zu M\u00fcllmengen stehen noch aus.<\/p>\n","protected":false},"excerpt":{"rendered":"Alle im Bezirksbeirat wollen ein Grillverbot. Doch noch ist Grillen am Max-Eyth-See erlaubt. Einen Sicherheitsdienst gibt es nicht&hellip;\n","protected":false},"author":2,"featured_media":1104908,"comment_status":"","ping_status":"","sticky":false,"template":"","format":"standard","meta":{"footnotes":"","_share_on_mastodon":"0"},"categories":[1830],"tags":[513,1634,3364,29,985,30,31569,233998,233999,14482,4103,1441,17494,234000],"class_list":["post-1104907","post","type-post","status-publish","format-standard","has-post-thumbnail","category-stuttgart","tag-auto","tag-baden-wuerttemberg","tag-de","tag-deutschland","tag-feuerwehr","tag-germany","tag-grillverbot","tag-iris-frey","tag-joachim-koenig","tag-max-eyth-see","tag-muell","tag-stuttgart","tag-stuttgart-muehlhausen","tag-wolfgang-schweizer"],"share_on_mastodon":{"url":"https:\/\/pubeurope.com\/@de\/116774096934637313","error":""},"_links":{"self":[{"href":"https:\/\/www.europesays.com\/de\/wp-json\/wp\/v2\/posts\/1104907","targetHints":{"allow":["GET"]}}],"collection":[{"href":"https:\/\/www.europesays.com\/de\/wp-json\/wp\/v2\/posts"}],"about":[{"href":"https:\/\/www.europesays.com\/de\/wp-json\/wp\/v2\/types\/post"}],"author":[{"embeddable":true,"href":"https:\/\/www.europesays.com\/de\/wp-json\/wp\/v2\/users\/2"}],"replies":[{"embeddable":true,"href":"https:\/\/www.europesays.com\/de\/wp-json\/wp\/v2\/comments?post=1104907"}],"version-history":[{"count":0,"href":"https:\/\/www.europesays.com\/de\/wp-json\/wp\/v2\/posts\/1104907\/revisions"}],"wp:featuredmedia":[{"embeddable":true,"href":"https:\/\/www.europesays.com\/de\/wp-json\/wp\/v2\/media\/1104908"}],"wp:attachment":[{"href":"https:\/\/www.europesays.com\/de\/wp-json\/wp\/v2\/media?parent=1104907"}],"wp:term":[{"taxonomy":"category","embeddable":true,"href":"https:\/\/www.europesays.com\/de\/wp-json\/wp\/v2\/categories?post=1104907"},{"taxonomy":"post_tag","embeddable":true,"href":"https:\/\/www.europesays.com\/de\/wp-json\/wp\/v2\/tags?post=1104907"}],"curies":[{"name":"wp","href":"https:\/\/api.w.org\/{rel}","templated":true}]}}