{"id":1104942,"date":"2026-06-19T01:25:20","date_gmt":"2026-06-19T01:25:20","guid":{"rendered":"https:\/\/www.europesays.com\/de\/1104942\/"},"modified":"2026-06-19T01:25:20","modified_gmt":"2026-06-19T01:25:20","slug":"die-bachelors-sebastian-paul-kann-keine-rosen-verteilen","status":"publish","type":"post","link":"https:\/\/www.europesays.com\/de\/1104942\/","title":{"rendered":"&#8222;Die Bachelors&#8220;: Sebastian Paul kann keine Rosen verteilen"},"content":{"rendered":"<p>&#8222;Die Bachelors&#8220;: Sebastian im Gef\u00fchlschaos<\/p>\n<p>Schon vor dem Start von &#8222;Die Bachelors&#8220; wurde enth\u00fcllt, dass einer der Rosenkavaliere die Show vorzeitig abbrechen wird. In Folge 7, die du bereits bei RTL+ streamen kannst, kommt nun heraus: <strong>Sebastian Paul (33) verl\u00e4sst die Show offensichtlich noch vor dem Finale<\/strong>. <a href=\"https:\/\/www.ok-magazin.de\/tv-streaming\/die-bachelors-abbruch-bestaetigt-sebastian-paul-macht-vielsagende-andeutung-114144.html\" target=\"_blank\" data-entity-type=\"node\" data-entity-uuid=\"d427bce2-49b6-4d99-a006-3adee0edfb4f\" data-entity-substitution=\"canonical\" rel=\"noopener nofollow\">Auf Instagram teaserte er bereits die dramatische Wendung an<\/a> \u2013 doch was genau war passiert? Auf einem Weingut wollen die Frauen von Sebastian wissen, ob er \u00fcberhaupt noch bereit sei, andere Frauen au\u00dfer Nadja (28) kennenzulernen. Er gibt sich zwar offen, doch gleichzeitig drehen sich seine Gedanken nur um die h\u00fcbsche Blondine. Als diese ihm schlie\u00dflich sagt, dass sie traurig w\u00e4re, wenn er sich auf andere Frauen einl\u00e4sst, scheint das Gef\u00fchlschaos perfekt zu sein. Beim Einzeldate mit Yana (32) ist er mit den Gedanken ganz woanders und so bricht sie schlie\u00dflich ab.<strong\/>&#8222;Ich hoffe, es ist in Ordnung, <strong>wenn ich mich heute bei dir verabschiede&#8220;,<\/strong> so Yana.\u00a0<\/p>\n<p>&#8222;Ich kann heute keine Rosen verteilen&#8220;<\/p>\n<p>In der Nacht der Rosen verbringt Sebastian Paul die meiste Zeit mit Nadja. <strong>&#8222;Es f\u00fchlt sich einfach richtig an&#8220;,<\/strong> stellt der Rosenkavalier fest. Zwar redet er auch noch mit den anderen Kandidatinnen von &#8222;Die Bachelors&#8220;, doch die Gespr\u00e4che laufen eher schleppend. Die Ladys machen auch keinen Hehl daraus, dass sie irgendwie entt\u00e4uscht von Sebastian sind, dass er ihnen nicht die gleiche Aufmerksamkeit schenkt. Kurz bevor die TV-Junggesellen ihre Entscheidungen verk\u00fcnden, unterbricht Sebastian seinen Nebenbuhler Tim Reitz:<\/p>\n<blockquote>\n<p>Ich w\u00fcrde da mal kurz unterbrechen. Ich war immer ehrlich zu euch und ich m\u00f6chte auch jetzt ehrlich sein. Ich kann heute Abend keine Rosen verteilen, weil ich mich noch nicht bereit daf\u00fcr f\u00fchle.<\/p>\n<\/blockquote>\n<p>Er m\u00fcsse sich noch \u00fcber viele Dinge klar werden. <strong>&#8222;Ich muss mich noch mal zur\u00fcckziehen und Gedanken ordnen&#8220;, <\/strong>erkl\u00e4rt Sebastian Paul. W\u00e4hrend die anderen Frauen unter Schock stehen, kann sich Nadja ein breites Grinsen nicht verkneifen. Die Ladys von Sebastian m\u00fcssen dann die Villa verlassen und werden nach Hause geschickt. &#8222;Ich habe schon ein sehr gutes Gef\u00fchl&#8220;, sagt Nadja in der Vorschau auf Folge 8. Wird also die Stuttgarterin quasi die letzte Rose fr\u00fchzeitig bekommen?<\/p>\n<p>All diese Fragen werden mittwochs und donnerstags bei RTL verraten, oder du kannst &#8222;Die Bachelors&#8220; vorab auf RTL+ streamen.<\/p>\n","protected":false},"excerpt":{"rendered":"&#8222;Die Bachelors&#8220;: Sebastian im Gef\u00fchlschaos Schon vor dem Start von &#8222;Die Bachelors&#8220; wurde enth\u00fcllt, dass einer der Rosenkavaliere&hellip;\n","protected":false},"author":2,"featured_media":1104943,"comment_status":"","ping_status":"","sticky":false,"template":"","format":"standard","meta":{"footnotes":"","_share_on_mastodon":"0"},"categories":[1773],"tags":[230705,29,214,30,168661,640,471,1780,215],"class_list":["post-1104942","post","type-post","status-publish","format-standard","has-post-thumbnail","category-serien","tag-bachelors","tag-deutschland","tag-entertainment","tag-germany","tag-reality-shows","tag-rtl","tag-serien","tag-series","tag-unterhaltung"],"share_on_mastodon":{"url":"https:\/\/pubeurope.com\/@de\/116774170199947910","error":""},"_links":{"self":[{"href":"https:\/\/www.europesays.com\/de\/wp-json\/wp\/v2\/posts\/1104942","targetHints":{"allow":["GET"]}}],"collection":[{"href":"https:\/\/www.europesays.com\/de\/wp-json\/wp\/v2\/posts"}],"about":[{"href":"https:\/\/www.europesays.com\/de\/wp-json\/wp\/v2\/types\/post"}],"author":[{"embeddable":true,"href":"https:\/\/www.europesays.com\/de\/wp-json\/wp\/v2\/users\/2"}],"replies":[{"embeddable":true,"href":"https:\/\/www.europesays.com\/de\/wp-json\/wp\/v2\/comments?post=1104942"}],"version-history":[{"count":0,"href":"https:\/\/www.europesays.com\/de\/wp-json\/wp\/v2\/posts\/1104942\/revisions"}],"wp:featuredmedia":[{"embeddable":true,"href":"https:\/\/www.europesays.com\/de\/wp-json\/wp\/v2\/media\/1104943"}],"wp:attachment":[{"href":"https:\/\/www.europesays.com\/de\/wp-json\/wp\/v2\/media?parent=1104942"}],"wp:term":[{"taxonomy":"category","embeddable":true,"href":"https:\/\/www.europesays.com\/de\/wp-json\/wp\/v2\/categories?post=1104942"},{"taxonomy":"post_tag","embeddable":true,"href":"https:\/\/www.europesays.com\/de\/wp-json\/wp\/v2\/tags?post=1104942"}],"curies":[{"name":"wp","href":"https:\/\/api.w.org\/{rel}","templated":true}]}}