{"id":1104989,"date":"2026-06-19T01:53:38","date_gmt":"2026-06-19T01:53:38","guid":{"rendered":"https:\/\/www.europesays.com\/de\/1104989\/"},"modified":"2026-06-19T01:53:38","modified_gmt":"2026-06-19T01:53:38","slug":"wuelfrath-stadtfuehrung-bringt-die-geschichte-naeher","status":"publish","type":"post","link":"https:\/\/www.europesays.com\/de\/1104989\/","title":{"rendered":"W\u00fclfrath: Stadtf\u00fchrung bringt die Geschichte n\u00e4her"},"content":{"rendered":"<p class=\"text_ohne_einzug richtext text-em-55 !leading-serif mx-6 desktop:mx-0\"> Kennt man seine Heimatstadt und ihre Geschichte eigentlich wirklich? Oft denkt man zumindest, alles Wissenswerte \u00fcber den Heimatort zu kennen. Neue Aufschl\u00fcsse aber kann die Teilnahme an einer der vielen Stadtf\u00fchrungen bieten, die das Stadtmarketing W\u00fclfrath regelm\u00e4\u00dfig anbietet. Der n\u00e4chste Termin ist am Samstag, 20. Juni.<\/p>\n<p class=\"richtext text-em-55 !leading-serif mx-6 desktop:mx-0\">Ab 12 Uhr l\u00e4dt der erfahrene Stadtf\u00fchrer Manfred Weidenbruch zu einer \u00f6ffentlichen Entdeckungsreise durch die Geschichte W\u00fclfraths ein. Treffpunkt ist traditionell am Standbild \u201eWolf und Hirte\u201c vor der Kreissparkasse D\u00fcsseldorf an der Ecke Am Diek\/Goethestra\u00dfe. \u201eVon dort aus f\u00fchrt ein etwa einst\u00fcndiger Rundgang durch die historische Innenstadt \u2013 vorbei an Orten, die auf den ersten Blick vertraut erscheinen und bei n\u00e4herem Hinsehen \u00fcberraschende Geschichten erz\u00e4hlen\u201c, k\u00fcndigt die Stadt an.<\/p>\n<p class=\"richtext text-em-55 !leading-serif mx-6 desktop:mx-0\">Manfred Weidenbruch verstehe es, Geschichte nicht als Abfolge trockener Jahreszahlen zu vermitteln, sondern als lebendiges Geflecht aus Menschen, Ereignissen und Geschichten. \u201eMit historischem Wissen, lokaler Verbundenheit und einem feinen Gesp\u00fcr f\u00fcr spannende Details l\u00e4sst er vergangene Jahrhunderte wieder greifbar werden. Aus Stra\u00dfen werden Erz\u00e4hlungen, aus Geb\u00e4uden Zeitzeugen und aus bekannten Pl\u00e4tzen kleine Fenster in die Vergangenheit\u201c, so die Stadt in ihrer Ank\u00fcndigung weiter.<\/p>\n<p class=\"richtext text-em-55 !leading-serif mx-6 desktop:mx-0\">Bei einer Stadtf\u00fchrung bietet sich f\u00fcr die Teilnehmer die Gelegenheit, die eigene Stadt aus einer neuen Perspektive zu entdecken und vielleicht auch noch etwas Neues dazuzulernen.<\/p>\n<p class=\"richtext text-em-55 !leading-serif mx-6 desktop:mx-0\">Die Teilnahme an der Stadtf\u00fchrung kostet f\u00fcr Erwachsene f\u00fcnf Euro, Kinder k\u00f6nnen kostenfrei teilnehmen. Eine Anmeldung ist nicht erforderlich. Interessierte kommen einfach am Samstag um 12 Uhr zum Treffpunkt an der Bronzestatue vor der Kreissparkasse, bezahlt wird vor Ort beim Stadtf\u00fchrer.<\/p>\n","protected":false},"excerpt":{"rendered":"Kennt man seine Heimatstadt und ihre Geschichte eigentlich wirklich? Oft denkt man zumindest, alles Wissenswerte \u00fcber den Heimatort&hellip;\n","protected":false},"author":2,"featured_media":1104990,"comment_status":"","ping_status":"","sticky":false,"template":"","format":"standard","meta":{"footnotes":"","_share_on_mastodon":"0"},"categories":[1840],"tags":[3364,29,30,2989,2046,12080,20202,1209,15154,19574,25967,33603,113107,27167,4418],"class_list":["post-1104989","post","type-post","status-publish","format-standard","has-post-thumbnail","category-wuppertal","tag-de","tag-deutschland","tag-germany","tag-geschichte","tag-geschichten","tag-kreissparkasse","tag-manfred","tag-nordrhein-westfalen","tag-stadtfuehrer","tag-stadtfuehrung","tag-teilnahme","tag-treffpunkt","tag-weidenbruch","tag-wuelfrath","tag-wuppertal"],"share_on_mastodon":{"url":"https:\/\/pubeurope.com\/@de\/116774280078528620","error":""},"_links":{"self":[{"href":"https:\/\/www.europesays.com\/de\/wp-json\/wp\/v2\/posts\/1104989","targetHints":{"allow":["GET"]}}],"collection":[{"href":"https:\/\/www.europesays.com\/de\/wp-json\/wp\/v2\/posts"}],"about":[{"href":"https:\/\/www.europesays.com\/de\/wp-json\/wp\/v2\/types\/post"}],"author":[{"embeddable":true,"href":"https:\/\/www.europesays.com\/de\/wp-json\/wp\/v2\/users\/2"}],"replies":[{"embeddable":true,"href":"https:\/\/www.europesays.com\/de\/wp-json\/wp\/v2\/comments?post=1104989"}],"version-history":[{"count":0,"href":"https:\/\/www.europesays.com\/de\/wp-json\/wp\/v2\/posts\/1104989\/revisions"}],"wp:featuredmedia":[{"embeddable":true,"href":"https:\/\/www.europesays.com\/de\/wp-json\/wp\/v2\/media\/1104990"}],"wp:attachment":[{"href":"https:\/\/www.europesays.com\/de\/wp-json\/wp\/v2\/media?parent=1104989"}],"wp:term":[{"taxonomy":"category","embeddable":true,"href":"https:\/\/www.europesays.com\/de\/wp-json\/wp\/v2\/categories?post=1104989"},{"taxonomy":"post_tag","embeddable":true,"href":"https:\/\/www.europesays.com\/de\/wp-json\/wp\/v2\/tags?post=1104989"}],"curies":[{"name":"wp","href":"https:\/\/api.w.org\/{rel}","templated":true}]}}