{"id":1105011,"date":"2026-06-19T02:07:23","date_gmt":"2026-06-19T02:07:23","guid":{"rendered":"https:\/\/www.europesays.com\/de\/1105011\/"},"modified":"2026-06-19T02:07:23","modified_gmt":"2026-06-19T02:07:23","slug":"deutschland-hat-ein-verschlimmbesserungsproblem","status":"publish","type":"post","link":"https:\/\/www.europesays.com\/de\/1105011\/","title":{"rendered":"Deutschland hat ein Verschlimmbesserungsproblem"},"content":{"rendered":"<p><img loading=\"lazy\" src=\"https:\/\/www.t-online.de\/s\/paper\/_next\/static\/media\/audio-volume.6689034c.svg\" alt=\"\" title=\"\" class=\"block h-[calc(var(--height)_\/_16_*_1rem)] w-[calc(var(--width)_\/_16_*_1rem)] max-w-none group-hover:brightness-0 group-hover:invert\" style=\"--width:16;--height:16\" decoding=\"async\"\/>Vorlesen<\/p>\n<p>Aktuelle Zeit:0:00Gesamtdauer:0:00<\/p>\n<p>1x<\/p>\n<p class=\"text-center\">Jetzt neu bei t-online:<\/p>\n<p class=\"text-center\">Schriftgr\u00f6\u00dfe anpassen!<\/p>\n<p><img loading=\"lazy\" src=\"https:\/\/www.t-online.de\/s\/paper\/_next\/static\/media\/font-sizes.32942e33.svg\" alt=\"\" title=\"\" class=\"block h-[calc(var(--height)_\/_16_*_1rem)] w-[calc(var(--width)_\/_16_*_1rem)] max-w-none group-hover:hidden group-aria-expanded:hidden\" style=\"--width:16;--height:16\" decoding=\"async\"\/><img loading=\"lazy\" src=\"https:\/\/www.t-online.de\/s\/paper\/_next\/static\/media\/font-sizes-dark-mode.e382645c.svg\" alt=\"\" title=\"\" class=\"block h-[calc(var(--height)_\/_16_*_1rem)] w-[calc(var(--width)_\/_16_*_1rem)] max-w-none hidden group-hover:block group-aria-expanded:block\" style=\"--width:16;--height:16\" decoding=\"async\"\/><img loading=\"lazy\" src=\"https:\/\/www.t-online.de\/s\/paper\/_next\/static\/media\/sharing-menu-icon.1eb71368.svg\" alt=\"\" title=\"\" class=\"block h-[calc(var(--height)_\/_16_*_1rem)] w-[calc(var(--width)_\/_16_*_1rem)] max-w-none group-hover:brightness-0 group-hover:invert\" style=\"--width:16;--height:16\" decoding=\"async\"\/>Artikel teilen<\/p>\n<p class=\"font-bold text-18 leading-17 user-text-lg:text-22 user-text-xl:text-24\"><strong class=\"font-bold\">Guten Morgen, liebe Leserin, lieber Leser,<\/strong><\/p>\n<p class=\"text-18 leading-17 user-text-lg:text-22 user-text-xl:text-24\"><strong class=\"font-bold\">Deutschland ist zu einem Land geworden, das die Geduld seiner B\u00fcrger t\u00e4glich auf die Probe stellt. <\/strong>Das Warten hat sich zum Dauerzustand entwickelt, der Sound der Republik gleicht einem resignierten Seufzen. In Gro\u00dfst\u00e4dten wie Hamburg und K\u00f6ln stehen Autofahrer t\u00e4glich im Stau, weil Stra\u00dfen- und Br\u00fcckenreparaturen nicht mehr Wochen dauern, sondern Jahre. Einwohner Berlins warten monatelang auf Beh\u00f6rdenbescheide, weil Berliner Beh\u00f6rden eben Berliner Beh\u00f6rden sind. Wer regelm\u00e4\u00dfig mit einer deutschen Airline fliegt, plant die Ankunft besser drei Stunden vor dem anvisierten Termin, weil er ohnehin versp\u00e4tet ankommt. Das ganze Land wartet auf politische Reformen, die erst im Herbst ausbleiben, dann an Ostern und auch an Pfingsten ausfallen, um schlie\u00dflich im Sommer vielleicht doch noch irgendwie zu kommen (oder auch nicht).<\/p>\n<p class=\"text-18 leading-17 user-text-lg:text-22 user-text-xl:text-24\"><strong class=\"font-bold\">Sinnbild des kollektiven Wartens ist die Deutsche Bahn, die sich vom Taktgeber des Verkehrs zum Bremsklotz entwickelt hat.<\/strong> <a href=\"https:\/\/www.tagesschau.de\/wirtschaft\/deutsche-bahn-puenktlichkeit-104.html\" target=\"_blank\" rel=\"nofollow noopener\" class=\"transition-colors cursor-pointer no-underline md:hover:text-magenta md:focus:text-magenta border-b border-solid border-current text-salemsfur md:hover:border-magenta\" data-tracking=\"{&quot;action&quot;:&quot;click&quot;,&quot;category&quot;:&quot;intextLink&quot;,&quot;label&quot;:&quot;https:\/\/www.tagesschau.de\/wirtschaft\/deutsche-bahn-puenktlichkeit-104.html&quot;}\" data-sctrack=\"BodyAnchor\">40 Prozent aller Fernz\u00fcge bummeln versp\u00e4tet durchs Gefilde, jeder zehnte Zug f\u00e4llt aus<\/a>. Gleise und Stellwerke gammeln vor sich hin, viele Signalanlagen stammen noch aus dem 19. Jahrhundert. Bahnchefin <strong class=\"font-bold\">Evelyn Palla<\/strong> hat eine Reparatur-, Sauberkeits- und Transparenzoffensive angek\u00fcndigt; viel zu sehen ist davon noch nicht.<\/p>\n<p class=\"text-18 leading-17 user-text-lg:text-22 user-text-xl:text-24\"><strong class=\"font-bold\">Vor wenigen Tagen wurde die ICE-Strecke zwischen Hamburg und Berlin wiederer\u00f6ffnet.<\/strong> Fast ein Jahr lang war die meistbefahrene Bahntrasse des Landes gesperrt, die Generalsanierung kostete <strong class=\"font-bold\">2,2 Milliarden Euro.<\/strong> Als ich mich kurz vor Baubeginn mit Pallas Vorg\u00e4nger <strong class=\"font-bold\">Richard Lutz<\/strong> unterhielt, schw\u00e4rmte er von dem Riesenprojekt: Hinterher werde alles besser, schnelle Z\u00fcge im Halbstundentakt, schnelles Internet f\u00fcr die Fahrg\u00e4ste, ganz toll! Als Pendler freute ich mich darauf. Ich fahre gerne Zug, ich mag es, durch sch\u00f6ne deutsche Lande zu rollen.<\/p>\n<p class=\"text-18 leading-17 user-text-lg:text-22 user-text-xl:text-24\"><strong class=\"font-bold\">Aber ich komme auch gern p\u00fcnktlich an.<\/strong> Mit der Bahn klappt das seit Jahren nicht mehr verl\u00e4sslich, und nach Generalsanierungen klappt es ebenso wenig wie vorher. Auch nicht auf der frisch renovierten Prestigestrecke zwischen Hamburg und Berlin, von der Herr Lutz geschw\u00e4rmt hat. Wer um 10 Uhr einen Termin in Hamburg hat, ist gut beraten, in Berlin um 4 Uhr aufzustehen. Die planm\u00e4\u00dfige Fahrzeit dauert nur zwei Stunden, aber verlassen kann man sich darauf nicht. Signalst\u00f6rung, Personalausfall, Anschlussst\u00f6rung: Irgendwas ist eigentlich immer. Auch gestern traf es wieder Tausende Reisende, die aus oder in die Hauptstadt fahren wollten. Wer versuchte, sich in der Bahn-App \u00fcber Ersatzverbindungen zu informieren, landete auf einer Fehlerseite. Kein Anschluss unter dieser Firma. Wer doch noch einen Zug ergatterte und zu arbeiten versuchte, scheiterte auf der neuen Strecke genauso am miserablen Internet-Empfang wie vor der Sanierung.<\/p>\n<p><a href=\"#focus-1\" class=\"transition-colors block text-current relative\" data-sctrack=\"FocusGalleryImage.Reference\"><img   loading=\"lazy\" src=\"https:\/\/www.europesays.com\/de\/wp-content\/uploads\/2026\/06\/auch-in-der-bahn-app-heisst-es-warten.jpg\" alt=\"Auch in der Bahn-App hei\u00dft es warten.\" title=\"Auch in der Bahn-App hei\u00dft es warten.\" width=\"1125\" height=\"996\" class=\"h-full w-full max-w-full rounded-8\" decoding=\"async\"\/><img loading=\"lazy\" src=\"https:\/\/www.t-online.de\/s\/paper\/_next\/static\/media\/zoom-in.f7dae02f.svg\" alt=\"Vergr\u00f6\u00dfern des Bildes\" title=\"Vergr\u00f6\u00dfern des Bildes\" class=\"block h-[calc(var(--height)_\/_16_*_1rem)] w-[calc(var(--width)_\/_16_*_1rem)] max-w-none absolute right-8 bottom-8 rounded-4 bg-snow p-8\" style=\"--width:32;--height:32\" decoding=\"async\"\/>Auch in der Bahn-App hei\u00dft es warten. (Quelle: t-online)<\/a><\/p>\n<p class=\"text-18 leading-17 user-text-lg:text-22 user-text-xl:text-24\"><strong class=\"font-bold\">Ich bilde mir ein, ein geduldiger Mensch zu sein, ebenso wie Millionen andere B\u00fcrger. <\/strong>Deutschlands Infrastruktur ist reparaturbed\u00fcrftig, genauso wie die Bundeswehr, das Sozial-, das Steuer-, das Renten-, das Bildungs- und das Gesundheitssystem. Riesige Aufgaben, die Zeit brauchen, keine Frage. Es geht mir auf den Keks, wenn st\u00e4ndig nur dar\u00fcber geschimpft wird, was alles nicht funktioniert. Ich mag Macher lieber als Meckerer und sehe das Glas lieber halb voll als halb leer. Aber wie auch vielen anderen Leuten fehlt mir das Verst\u00e4ndnis, wenn viel Zeit, Geld und Kraft in Reparaturen oder Reformen gesteckt wird, ohne dass die Defekte erkennbar verschwinden.<\/p>\n<p class=\"text-18 leading-17 user-text-lg:text-22 user-text-xl:text-24\"><strong class=\"font-bold\">An der Bahn l\u00e4sst sich das deutsche Verschlimmbesserungsproblem gut betrachten. <\/strong>Verschlingt eine einzige Streckenreparatur zwischen zwei Metropolen mehr als zwei Milliarden Euro an Steuergeld und werden Hunderttausende Fahrg\u00e4ste ein Jahr lang \u00fcber Ruckelgleise zwischen Stendal und Uelzen geschickt, dann sollte nach Wiederer\u00f6ffnung der Verbindung der Transport bitte verl\u00e4sslich funktionieren. Lehnt die Mehrheit der Bundestagsabgeordneten eine Wiedereinsetzung der <strong class=\"font-bold\">Wehrpflicht<\/strong> ab und h\u00e4lt einen <strong class=\"font-bold\">freiwilligen Wehrdienst<\/strong> tats\u00e4chlich f\u00fcr besser geeignet, um den Angriffskrieger Putin in Schach zu halten, dann sollte sich die Rekrutierung von Soldaten nicht schon wenige Wochen nach Verabschiedung des Gesetzes als ungen\u00fcgend herausstellen. Gebiert die Bundesregierung nach monatelangen Vorbereitungen unter heftigen politischen Wehen eine <strong class=\"font-bold\">Gesundheitsreform,<\/strong> sollte man wenigstens das Zutrauen haben d\u00fcrfen, dass sie Missst\u00e4nde wie das Krankenkassenwirrwarr und die ungerechte Zweiklassenmedizin behebt.<\/p>\n<p class=\"text-18 leading-17 user-text-lg:text-22 user-text-xl:text-24\"><strong class=\"font-bold\">Ich k\u00f6nnte weitere Beispiele anf\u00fchren, aber Sie ahnen wohl auch so, was ich meine. <\/strong>Als Staatsb\u00fcrger w\u00fcrde ich mich gern wieder auf den Staat verlassen k\u00f6nnen. Ich engagiere mich gern, setze mich f\u00fcr Schw\u00e4chere ein und zahle nicht wenig Steuern. Aber es w\u00e4re schon sch\u00f6n, wenn f\u00fcr all das Geld, das Millionen B\u00fcrger monatlich in die H\u00e4nde von Staatsdienern legen, wirklich etwas Gescheites zur\u00fcckk\u00e4me. Manchmal ertappe ich mich bei dem Gedanken: W\u00fcrde ich dauerhaft so mangelhafte Arbeit leisten wie viele staatlich finanzierte Betriebe, \u00c4mter, Ministerien und Schulen, h\u00e4tte mich mein Chef schon l\u00e4ngst gefeuert.<\/p>\n<p><img alt=\"Bild des Newsletters tagesanbruch\" data-testid=\"NewsletterWidget.Image\" loading=\"lazy\" src=\"https:\/\/www.europesays.com\/de\/wp-content\/uploads\/2026\/06\/tagesanbruch_4x5.jpg\" title=\"Bild des Newsletters tagesanbruch\" width=\"1\" height=\"1\" class=\"absolute top-0 size-full max-w-full object-cover\" decoding=\"async\"\/><\/p>\n<p class=\"font-serif font-medium text-salemsfur italic max-md:pb-4 text-18 max-md:text-24\">Tagesanbruch \u2013 Der Newsletter f\u00fcr den Wissensvorsprung<\/p>\n<p class=\"text-14 leading-15 max-md:hidden hidden\">Die Analyse zu den Themen, die Deutschland bewegen \u2013 kostenlos abonnieren.<\/p>\n<p class=\"text-18 leading-17 user-text-lg:text-22 user-text-xl:text-24\"><strong class=\"font-bold\">Die Republik braucht dringend eine Qualit\u00e4tsoffensive.<\/strong> Fr\u00fcher war Deutschland ber\u00fchmt f\u00fcr Ma\u00dfarbeit und Qualit\u00e4t. Es muss doch m\u00f6glich sein, da wieder hinzukommen.<\/p>\n<p>Jetzt geht&#8217;s um die Details<\/p>\n<p><a href=\"#focus-2\" class=\"transition-colors block text-current relative\" data-sctrack=\"FocusGalleryImage.Reference\"><img   loading=\"lazy\" src=\"https:\/\/www.europesays.com\/de\/wp-content\/uploads\/2026\/06\/das-buergenstock-resort-liegt-ueber-dem-vierwaldstaettersee.jpg\" alt=\"Das B\u00fcrgenstock-Resort liegt \u00fcber dem Vierwaldst\u00e4ttersee.\" title=\"Das B\u00fcrgenstock-Resort liegt \u00fcber dem Vierwaldst\u00e4ttersee.\" width=\"2048\" height=\"1365\" class=\"h-full w-full max-w-full rounded-8\" decoding=\"async\"\/><img loading=\"lazy\" src=\"https:\/\/www.t-online.de\/s\/paper\/_next\/static\/media\/zoom-in.f7dae02f.svg\" alt=\"Vergr\u00f6\u00dfern des Bildes\" title=\"Vergr\u00f6\u00dfern des Bildes\" class=\"block h-[calc(var(--height)_\/_16_*_1rem)] w-[calc(var(--width)_\/_16_*_1rem)] max-w-none absolute right-8 bottom-8 rounded-4 bg-snow p-8\" style=\"--width:32;--height:32\" decoding=\"async\"\/>Das B\u00fcrgenstock-Resort liegt \u00fcber dem Vierwaldst\u00e4ttersee. (Quelle: Michael Buholzer\/KEYSTONE\/EDA\/dpa)<\/a><\/p>\n<p class=\"text-18 leading-17 user-text-lg:text-22 user-text-xl:text-24\"><strong class=\"font-bold\">Das Rahmenabkommen zur Beendigung des Krieges haben Irans Staatschef Massud Peseschkian und Donald Trump schneller als geplant unterschrieben. <\/strong><a href=\"https:\/\/www.t-online.de\/nachrichten\/ausland\/internationale-politik\/id_101300754\/iran-deal-der-usa-abkommen-wird-veroeffentlicht.html\" class=\"transition-colors cursor-pointer no-underline md:hover:text-magenta md:focus:text-magenta border-b border-solid border-current text-salemsfur md:hover:border-magenta\" data-tracking=\"{&quot;action&quot;:&quot;click&quot;,&quot;category&quot;:&quot;intextLink&quot;,&quot;label&quot;:&quot;\/nachrichten\/ausland\/internationale-politik\/id_101300754\/iran-deal-der-usa-abkommen-wird-veroeffentlicht.html&quot;}\" data-sctrack=\"BodyAnchor\" rel=\"nofollow noopener\" target=\"_blank\">Der US-Pr\u00e4sident bekam daf\u00fcr von seinem franz\u00f6sischen Kollegen sogar das Sonnenk\u00f6nigschloss Versailles als Kulisse gestellt<\/a>. Allerdings ist die 14 Punkte umfassende Erkl\u00e4rung allgemein gehalten und spart zentrale Konfliktthemen \u2013 etwa das<strong class=\"font-bold\"> iranische Atomprogramm <\/strong>\u2013 nahezu komplett aus. Trotzdem soll auf dieser Basis in nur <strong class=\"font-bold\">60 Tagen<\/strong> ein finales, dann auch v\u00f6lkerrechtlich bindendes Friedensabkommen entstehen.<\/p>\n<p class=\"text-18 leading-17 user-text-lg:text-22 user-text-xl:text-24\"><strong class=\"font-bold\">Im noblen Schweizer B\u00fcrgenstock-Resort beginnt daher heute die Detailarbeit. <\/strong>Erwartet werden Vertreter aus Washington und Teheran, dazu Gesandte der Vermittlerstaaten <strong class=\"font-bold\">Pakistan <\/strong>und <strong class=\"font-bold\">Katar<\/strong> sowie weiterer beteiligter L\u00e4nder. Neben vielen offenen Fragen, zu den sogar die dauerhaft geb\u00fchrenfreie Schifffahrt durch die<strong class=\"font-bold\"> Stra\u00dfe von Hormus<\/strong> geh\u00f6rt, \u00fcberschattet auch noch eine andere Ungewissheit die Verhandlungen: das Verhalten <strong class=\"font-bold\">Israels.<\/strong> Sollte Premier <strong class=\"font-bold\">Benjamin Netanjahu<\/strong> nicht aufh\u00f6ren, den Libanon bombardieren zu lassen, k\u00f6nnte Iran das als Versto\u00df gegen das Abkommen werten. In diesem Punkt n\u00e4mlich ist das d\u00fcnne Dokument eindeutig: Die &#8222;territoriale Integrit\u00e4t und Souver\u00e4nit\u00e4t des Libanon&#8220; wird explizit erw\u00e4hnt.<\/p>\n<p>Abschluss mit Pistorius<\/p>\n<p class=\"text-18 leading-17 user-text-lg:text-22 user-text-xl:text-24\"><strong class=\"font-bold\">Gestern packten die Innenminister des Bundes und der L\u00e4nder bei ihrem Treffen in Hamburg demonstrativ einen Notfallkoffer. <\/strong><a href=\"https:\/\/www.t-online.de\/nachrichten\/deutschland\/innenpolitik\/id_101302076\/innenministerkonferenz-in-hamburg-dobrindt-packt-notfallrucksack.html\" class=\"transition-colors cursor-pointer no-underline md:hover:text-magenta md:focus:text-magenta border-b border-solid border-current text-salemsfur md:hover:border-magenta\" data-tracking=\"{&quot;action&quot;:&quot;click&quot;,&quot;category&quot;:&quot;intextLink&quot;,&quot;label&quot;:&quot;\/nachrichten\/deutschland\/innenpolitik\/id_101302076\/innenministerkonferenz-in-hamburg-dobrindt-packt-notfallrucksack.html&quot;}\" data-sctrack=\"BodyAnchor\" rel=\"nofollow noopener\" target=\"_blank\">Die Aktion sollte zeigen, wie wichtig es ist, f\u00fcr Krisen und Katastrophen vorzusorgen.<\/a> Zum heutigen Abschluss st\u00f6\u00dft auch Verteidigungsminister<strong class=\"font-bold\"> Boris Pistorius <\/strong>(SPD) zu der Runde. Schlie\u00dflich wachsen \u00e4u\u00dfere und innere Sicherheit in Zeiten hybrider Bedrohungen immer st\u00e4rker zusammen. Da f\u00fcr den Katastrophenschutz die L\u00e4nder verantwortlich sind, f\u00fcr den Zivilschutz im Verteidigungsfall aber der Bund, soll es an der Elbe auch um die Verhinderung von <strong class=\"font-bold\">&#8222;Zust\u00e4ndigkeitsgerangel&#8220;<\/strong> gehen.<\/p>\n","protected":false},"excerpt":{"rendered":"Vorlesen Aktuelle Zeit:0:00Gesamtdauer:0:00 1x Jetzt neu bei t-online: Schriftgr\u00f6\u00dfe anpassen! Artikel teilen Guten Morgen, liebe Leserin, lieber Leser,&hellip;\n","protected":false},"author":2,"featured_media":1105012,"comment_status":"","ping_status":"","sticky":false,"template":"","format":"standard","meta":{"footnotes":"","_share_on_mastodon":"0"},"categories":[2],"tags":[21103,3091,331,3924,332,3922,296,685,3364,2030,29,87333,113839,10403,30,692,13,851,345,1420,14,3923,15,3921,2454,4125,31898,12],"class_list":["post-1105011","post","type-post","status-publish","format-standard","has-post-thumbnail","category-deutschland","tag-pfingsten","tag-airline","tag-aktuelle-nachrichten","tag-aktuelle-nachrichten-aus-deutschland","tag-aktuelle-news","tag-aktuelle-news-aus-deutschland","tag-berlin","tag-bundeswehr","tag-de","tag-deutsche-bahn","tag-deutschland","tag-einbau","tag-evelyn-palla","tag-florian-harms","tag-germany","tag-hamburg","tag-headlines","tag-herbst","tag-iran","tag-koeln","tag-nachrichten","tag-nachrichten-aus-deutschland","tag-news","tag-news-aus-deutschland","tag-ostern","tag-pendler","tag-richard-lutz","tag-schlagzeilen"],"share_on_mastodon":{"url":"https:\/\/pubeurope.com\/@de\/116774337051536064","error":""},"_links":{"self":[{"href":"https:\/\/www.europesays.com\/de\/wp-json\/wp\/v2\/posts\/1105011","targetHints":{"allow":["GET"]}}],"collection":[{"href":"https:\/\/www.europesays.com\/de\/wp-json\/wp\/v2\/posts"}],"about":[{"href":"https:\/\/www.europesays.com\/de\/wp-json\/wp\/v2\/types\/post"}],"author":[{"embeddable":true,"href":"https:\/\/www.europesays.com\/de\/wp-json\/wp\/v2\/users\/2"}],"replies":[{"embeddable":true,"href":"https:\/\/www.europesays.com\/de\/wp-json\/wp\/v2\/comments?post=1105011"}],"version-history":[{"count":0,"href":"https:\/\/www.europesays.com\/de\/wp-json\/wp\/v2\/posts\/1105011\/revisions"}],"wp:featuredmedia":[{"embeddable":true,"href":"https:\/\/www.europesays.com\/de\/wp-json\/wp\/v2\/media\/1105012"}],"wp:attachment":[{"href":"https:\/\/www.europesays.com\/de\/wp-json\/wp\/v2\/media?parent=1105011"}],"wp:term":[{"taxonomy":"category","embeddable":true,"href":"https:\/\/www.europesays.com\/de\/wp-json\/wp\/v2\/categories?post=1105011"},{"taxonomy":"post_tag","embeddable":true,"href":"https:\/\/www.europesays.com\/de\/wp-json\/wp\/v2\/tags?post=1105011"}],"curies":[{"name":"wp","href":"https:\/\/api.w.org\/{rel}","templated":true}]}}