{"id":1105184,"date":"2026-06-19T03:48:18","date_gmt":"2026-06-19T03:48:18","guid":{"rendered":"https:\/\/www.europesays.com\/de\/1105184\/"},"modified":"2026-06-19T03:48:18","modified_gmt":"2026-06-19T03:48:18","slug":"bundesliga-nach-rauswurf-von-ole-werner-welcher-trainer-bei-rb-leipzig-jetzt-hoffen-darf-sport","status":"publish","type":"post","link":"https:\/\/www.europesays.com\/de\/1105184\/","title":{"rendered":"Bundesliga: Nach Rauswurf von Ole Werner! Welcher Trainer bei RB Leipzig jetzt hoffen darf. | Sport"},"content":{"rendered":"<p><a class=\"skip-content skip-content--link\" href=\"#in-content-skip-link-target-v-0-0\">TTS-Player \u00fcberspringen\u21b5<\/a><a id=\"in-content-skip-link-target-v-0-0\" class=\"skip-content--target-link-hidden skip-content skip-content--target-link\" href=\"#in-content-skip-link-target-v-0-0\">Artikel weiterlesen<\/a><\/p>\n<p data-21134c99=\"0-1828\"><b>W\u00e4hrend bei RB Leipzig der Rauswurf von Ole Werner (38) bereits entschieden war und die Vorbereitungen f\u00fcr die offizielle Bekanntgabe liefen, erwischte ein spanischer Journalist Martin Demichelis (45) am Mittwoch beim Padel-Tennis auf Mallorca.<\/b><\/p>\n<p data-21134c99=\"0-1828\">Der Ex-Bayern-Star und (Noch\u2011)Trainer von LaLiga-Absteiger RCD Mallorca ist beim Bundesliga-Klub absoluter Wunschkandidat. Auch wenn er sichtlich in der Sonne entspannt und nach BILD-Informationen noch nicht in Leipzig vor Ort war, laufen die Verhandlungen im Hintergrund bereits auf Hochtouren.<\/p>\n<p> An dieser Stelle findest du Inhalte aus Twitter <\/p>\n<p> Um mit Inhalten aus Twitter und anderen sozialen Netzwerken zu interagieren oder diese darzustellen, brauchen wir deine Zustimmung. <\/p>\n<p> soziale Netzwerke aktivieren  Um eingebettete Inhalte anzuzeigen, ist Ihre jederzeit widerrufliche Einwilligung (\u00fcber den Schalter oder \u00fcber &#8220; <a class=\"embed-placeholder__text-link\" href=\"#\" rel=\"noopener noreferrer\" title=\"Tracking widerrufen\"> Widerruf Tracking und Cookies<\/a> &#8220; am Seitenende) zur Verarbeitung personenbezogener Daten n\u00f6tig.  Dabei k\u00f6nnen Daten in Drittl\u00e4nder wie die USA \u00fcbermittelt werden (Art. 49 Abs. 1 lit. a DSGVO). Mit dem Aktivieren des Inhalts stimmen Sie zu. Weitere Infos finden Sie <a class=\"embed-placeholder__text-link\" href=\"#\" rel=\"noopener noreferrer\" title=\"Zu den Privatsph\u00e4re Einstellungen\"> hier<\/a>. <\/p>\n<p data-21134c99=\"0-1828\">Seit Mittwochmittag sind seine Berater bereits im Trainingszentrum am Cottaweg und handeln die finalen Details vor der Vertragsunterschrift aus. Ist alles gekl\u00e4rt, wird dann auch Demichelis&#8216; Ausstiegsklausel in H\u00f6he von 3 Mio. Euro in Mallorca aktiviert. <\/p>\n<p>Demichelis kommt ohne Trainerteam<\/p>\n<p data-21134c99=\"0-1828\">Was in den entscheidenden Gespr\u00e4chen nach BILD-Informationen noch gekl\u00e4rt werden muss: Wer sind k\u00fcnftig die Assistenten des fr\u00fcheren argentinischen Weltklasse-Verteidigers?<\/p>\n<p>Mehr zum Thema<\/p>\n<p data-21134c99=\"0-1828\">Klar: Torwart-Trainer Frederik G\u00f6\u00dfling (48) wird seine Arbeit fortsetzen. Dazu soll Demichelis seine Co-Trainer aus Mallorca nicht mitbringen. Eine Entscheidung, die vor allem einem Noch-Leipziger Hoffnung machen k\u00f6nnte!<\/p>\n<p data-21134c99=\"0-1828\">W\u00e4hrend mit Patrick Kohlmann (43, l.) und Tom Cichon (50, 2.v.r.) zwei Werner-Assistenten am Mittwoch <a href=\"https:\/\/www.bild.de\/sport\/fussball\/rb-leipzig-anruf-im-malaysia-urlaub-so-lief-der-rauswurf-von-ole-werner-in-leipzig-wirklich-6a33ba00af14c0b52895e322\" class=\"text-link\" rel=\"nofollow noopener\" target=\"_blank\">direkt mit freigestellt wurden<\/a>, ist die Zukunft von Jan Zimmermann (41) noch offen. \u201e\u00dcber eine weitere Zusammenarbeit wird <a href=\"https:\/\/www.bild.de\/sport\/fussball\/rb-leipzig\/startseite-leipzig-31148870.bild.html\" class=\"text-link\" rel=\"nofollow noopener\" target=\"_blank\">RB Leipzig<\/a> zeitnah informieren\u201c, hei\u00dft es dazu in der Mitteilung der Sachsen.<\/p>\n<p><img decoding=\"async\" width=\"992\" height=\"1178\" alt=\"Martin Demichelis steht offiziell bis 2028 bei RCD Mallorca unter Vertrag \u2013 darf den Verein aber dank Ausstiegsklausel verlassen\" loading=\"lazy\" src=\"https:\/\/www.europesays.com\/de\/wp-content\/uploads\/2026\/06\/47bc23cbce31d5ede31c75bf68482eb5,8fd378ff.jpeg\"   class=\"portrait\"\/><\/p>\n<p class=\"fig__caption__text\">Martin Demichelis steht offiziell bis 2028 bei RCD Mallorca unter Vertrag \u2013 darf den Verein aber dank Ausstiegsklausel verlassen<\/p>\n<p>Foto: picture alliance\/abaca<\/p>\n<p data-21134c99=\"0-1828\">Was dahintersteckt: Wie BILD erfuhr, w\u00fcrde man intern den Standard-Trainer gern behalten. Er wurde vergangenen Sommer unabh\u00e4ngig von Werner und seinen Co-Trainern verpflichtet. Zimmermanns Arbeit in der vergangenen Saison wird wertgesch\u00e4tzt. <\/p>\n<p data-21134c99=\"0-1828\">Das letzte Wort hat allerdings Demichelis\u00a0\u2026<\/p>\n","protected":false},"excerpt":{"rendered":"TTS-Player \u00fcberspringen\u21b5Artikel weiterlesen W\u00e4hrend bei RB Leipzig der Rauswurf von Ole Werner (38) bereits entschieden war und die&hellip;\n","protected":false},"author":2,"featured_media":1105185,"comment_status":"","ping_status":"","sticky":false,"template":"","format":"standard","meta":{"footnotes":"","_share_on_mastodon":"0"},"categories":[1832],"tags":[3364,231305,29,538,30,71,1655,859,3460,4581,539,27461],"class_list":["post-1105184","post","type-post","status-publish","format-standard","has-post-thumbnail","category-leipzig","tag-de","tag-demichelis-martin","tag-deutschland","tag-erste-bundesliga","tag-germany","tag-leipzig","tag-rb-leipzig","tag-sachsen","tag-sport-leuchtturm-leipzig","tag-sport-tag-im-ticker","tag-werner-ole","tag-zimmermann-jan"],"share_on_mastodon":{"url":"https:\/\/pubeurope.com\/@de\/116774732278524326","error":""},"_links":{"self":[{"href":"https:\/\/www.europesays.com\/de\/wp-json\/wp\/v2\/posts\/1105184","targetHints":{"allow":["GET"]}}],"collection":[{"href":"https:\/\/www.europesays.com\/de\/wp-json\/wp\/v2\/posts"}],"about":[{"href":"https:\/\/www.europesays.com\/de\/wp-json\/wp\/v2\/types\/post"}],"author":[{"embeddable":true,"href":"https:\/\/www.europesays.com\/de\/wp-json\/wp\/v2\/users\/2"}],"replies":[{"embeddable":true,"href":"https:\/\/www.europesays.com\/de\/wp-json\/wp\/v2\/comments?post=1105184"}],"version-history":[{"count":0,"href":"https:\/\/www.europesays.com\/de\/wp-json\/wp\/v2\/posts\/1105184\/revisions"}],"wp:featuredmedia":[{"embeddable":true,"href":"https:\/\/www.europesays.com\/de\/wp-json\/wp\/v2\/media\/1105185"}],"wp:attachment":[{"href":"https:\/\/www.europesays.com\/de\/wp-json\/wp\/v2\/media?parent=1105184"}],"wp:term":[{"taxonomy":"category","embeddable":true,"href":"https:\/\/www.europesays.com\/de\/wp-json\/wp\/v2\/categories?post=1105184"},{"taxonomy":"post_tag","embeddable":true,"href":"https:\/\/www.europesays.com\/de\/wp-json\/wp\/v2\/tags?post=1105184"}],"curies":[{"name":"wp","href":"https:\/\/api.w.org\/{rel}","templated":true}]}}