{"id":1105238,"date":"2026-06-19T04:17:15","date_gmt":"2026-06-19T04:17:15","guid":{"rendered":"https:\/\/www.europesays.com\/de\/1105238\/"},"modified":"2026-06-19T04:17:15","modified_gmt":"2026-06-19T04:17:15","slug":"kryptowaehrung-frank-thelen-verkauft-jetzt-alle-seine-bitcoins-leben-wissen","status":"publish","type":"post","link":"https:\/\/www.europesays.com\/de\/1105238\/","title":{"rendered":"Kryptow\u00e4hrung: Frank Thelen verkauft jetzt alle seine Bitcoins | Leben &#038; Wissen"},"content":{"rendered":"<p>Er war einer der bekanntesten Bitcoin-Verfechter Deutschlands \u2013 jetzt hat Frank Thelen alle Coins verkauft. Privat und in seinen Fonds. Im BILD-Finanztalk \u201eMoney Mittwoch\u201c erkl\u00e4rt der Tech-Investor, warum ihm die Risiken inzwischen zu gro\u00df sind. Welche Entwicklungen ihn besonders besch\u00e4ftigen und weshalb er bestimmte Strukturen kritisch sieht.<\/p>\n<p><b>Lesen Sie mit BILDplus, welche Alternativen Thelen nun pr\u00fcft, welche Tech- und KI-Werte er spannend findet und worauf Anleger aus seiner Sicht besonders achten sollten.<\/b><\/p>\n","protected":false},"excerpt":{"rendered":"Er war einer der bekanntesten Bitcoin-Verfechter Deutschlands \u2013 jetzt hat Frank Thelen alle Coins verkauft. Privat und in&hellip;\n","protected":false},"author":2,"featured_media":1105239,"comment_status":"","ping_status":"","sticky":false,"template":"","format":"standard","meta":{"footnotes":"","_share_on_mastodon":"0"},"categories":[134],"tags":[790,665,175,170,169,29,666,30,227242,16707,792,171,174,24986,45192,47090,173,172,625,43389,22704],"class_list":["post-1105238","post","type-post","status-publish","format-standard","has-post-thumbnail","category-unternehmen-maerkte","tag-bitcoin","tag-boerse","tag-business","tag-companies","tag-companies-markets","tag-deutschland","tag-geld","tag-germany","tag-kc-leben","tag-krypton","tag-kryptowaehrung","tag-markets","tag-maerkte","tag-mein-geld","tag-moneymittwoch","tag-thelen-frank","tag-unternehmen","tag-unternehmen-maerkte","tag-verbraucher","tag-verschluesselung","tag-waehrungen"],"share_on_mastodon":{"url":"https:\/\/pubeurope.com\/@de\/116774846441545296","error":""},"_links":{"self":[{"href":"https:\/\/www.europesays.com\/de\/wp-json\/wp\/v2\/posts\/1105238","targetHints":{"allow":["GET"]}}],"collection":[{"href":"https:\/\/www.europesays.com\/de\/wp-json\/wp\/v2\/posts"}],"about":[{"href":"https:\/\/www.europesays.com\/de\/wp-json\/wp\/v2\/types\/post"}],"author":[{"embeddable":true,"href":"https:\/\/www.europesays.com\/de\/wp-json\/wp\/v2\/users\/2"}],"replies":[{"embeddable":true,"href":"https:\/\/www.europesays.com\/de\/wp-json\/wp\/v2\/comments?post=1105238"}],"version-history":[{"count":0,"href":"https:\/\/www.europesays.com\/de\/wp-json\/wp\/v2\/posts\/1105238\/revisions"}],"wp:featuredmedia":[{"embeddable":true,"href":"https:\/\/www.europesays.com\/de\/wp-json\/wp\/v2\/media\/1105239"}],"wp:attachment":[{"href":"https:\/\/www.europesays.com\/de\/wp-json\/wp\/v2\/media?parent=1105238"}],"wp:term":[{"taxonomy":"category","embeddable":true,"href":"https:\/\/www.europesays.com\/de\/wp-json\/wp\/v2\/categories?post=1105238"},{"taxonomy":"post_tag","embeddable":true,"href":"https:\/\/www.europesays.com\/de\/wp-json\/wp\/v2\/tags?post=1105238"}],"curies":[{"name":"wp","href":"https:\/\/api.w.org\/{rel}","templated":true}]}}