{"id":1105311,"date":"2026-06-19T05:01:21","date_gmt":"2026-06-19T05:01:21","guid":{"rendered":"https:\/\/www.europesays.com\/de\/1105311\/"},"modified":"2026-06-19T05:01:21","modified_gmt":"2026-06-19T05:01:21","slug":"nuernberg-polizeieinsatz-nach-illegaler-kletteraktion-auf-funkturm","status":"publish","type":"post","link":"https:\/\/www.europesays.com\/de\/1105311\/","title":{"rendered":"N\u00fcrnberg: Polizeieinsatz nach illegaler Kletteraktion auf Funkturm"},"content":{"rendered":"<p>In 200 Metern H\u00f6he <\/p>\n<p>Jugendliche klettern auf Funkturm und l\u00f6sen Polizeieinsatz aus<\/p>\n<p>19.06.2026 &#8211; 06:39 UhrLesedauer: 1 Min.<\/p>\n<p><a href=\"#focus-0\" class=\"transition-colors block text-current relative\" data-sctrack=\"FocusGalleryImage.Reference\"><img fetchpriority=\"high\" data-testid=\"Opener.Image\"   loading=\"eager\" src=\"https:\/\/www.europesays.com\/de\/wp-content\/uploads\/2026\/06\/die-polizei-gibt-bisher-wenige-informationen-heraus-symbolbild.jpg\" alt=\"Kommunistische Symbole und Parolen in Lichtenberg\" title=\"Kommunistische Symbole und Parolen in Lichtenberg\" width=\"2048\" height=\"1152\" class=\"bg-[url:var(--lqipURL)] bg-cover bg-center flex h-full w-full max-w-full\" style=\"--lqipURL:url('https:\/\/images.t-online.de\/2026\/06\/BfHQDZz-Pac1\/0x104:2048x1152\/fit-in\/150x0\/filters:blur(25)\/die-polizei-gibt-bisher-wenige-informationen-heraus-symbolbild.jpg')\" decoding=\"async\"\/><img loading=\"lazy\" src=\"https:\/\/nuernberg.t-online.de\/s\/paper\/_next\/static\/media\/zoom-in.f7dae02f.svg\" alt=\"Vergr\u00f6\u00dfern des Bildes\" title=\"Vergr\u00f6\u00dfern des Bildes\" class=\"block h-[calc(var(--height)_\/_16_*_1rem)] w-[calc(var(--width)_\/_16_*_1rem)] max-w-none absolute right-8 bottom-8 rounded-4 bg-snow p-8\" style=\"--width:32;--height:32\" decoding=\"async\"\/><\/a><\/p>\n<p>Zwei Streifenwagen (Symbolbild): Die Eltern der beiden Minderj\u00e4hrigen mussten aus Prag anreisen, um ihre Spr\u00f6sslinge abzuholen. (Quelle: Soeren Stache\/dpa\/dpa-bilder)<\/p>\n<p><img loading=\"lazy\" src=\"https:\/\/nuernberg.t-online.de\/s\/paper\/_next\/static\/media\/audio-volume.6689034c.svg\" alt=\"\" title=\"\" class=\"block h-[calc(var(--height)_\/_16_*_1rem)] w-[calc(var(--width)_\/_16_*_1rem)] max-w-none group-hover:brightness-0 group-hover:invert\" style=\"--width:16;--height:16\" decoding=\"async\"\/>Vorlesen<\/p>\n<p>Aktuelle Zeit:0:00Gesamtdauer:0:00<\/p>\n<p>1x<\/p>\n<p class=\"text-center\">Jetzt neu bei t-online:<\/p>\n<p class=\"text-center\">Schriftgr\u00f6\u00dfe anpassen!<\/p>\n<p><img loading=\"lazy\" src=\"https:\/\/nuernberg.t-online.de\/s\/paper\/_next\/static\/media\/font-sizes.32942e33.svg\" alt=\"\" title=\"\" class=\"block h-[calc(var(--height)_\/_16_*_1rem)] w-[calc(var(--width)_\/_16_*_1rem)] max-w-none group-hover:hidden group-aria-expanded:hidden\" style=\"--width:16;--height:16\" decoding=\"async\"\/><img loading=\"lazy\" src=\"https:\/\/nuernberg.t-online.de\/s\/paper\/_next\/static\/media\/font-sizes-dark-mode.e382645c.svg\" alt=\"\" title=\"\" class=\"block h-[calc(var(--height)_\/_16_*_1rem)] w-[calc(var(--width)_\/_16_*_1rem)] max-w-none hidden group-hover:block group-aria-expanded:block\" style=\"--width:16;--height:16\" decoding=\"async\"\/><img loading=\"lazy\" src=\"https:\/\/nuernberg.t-online.de\/s\/paper\/_next\/static\/media\/sharing-menu-icon.1eb71368.svg\" alt=\"\" title=\"\" class=\"block h-[calc(var(--height)_\/_16_*_1rem)] w-[calc(var(--width)_\/_16_*_1rem)] max-w-none group-hover:brightness-0 group-hover:invert\" style=\"--width:16;--height:16\" decoding=\"async\"\/>Artikel teilen<\/p>\n<p class=\"font-bold text-18 leading-17 user-text-lg:text-22 user-text-xl:text-24\">Ein umz\u00e4untes Grundst\u00fcck, ein Funkturm, 200 Meter H\u00f6he: Zwei Minderj\u00e4hrige verursachen in Bayern einen Polizeieinsatz. Ihre Eltern m\u00fcssen eine weite Reise antreten.<\/p>\n<p class=\"text-18 leading-17 user-text-lg:text-22 user-text-xl:text-24\">Zwei Jugendliche aus Tschechien haben am Donnerstag einen Funkturm bei Kammerstein bei N\u00fcrnberg erklommen \u2013 illegal und in schwindelerregender H\u00f6he. Der Vorfall zog Ermittlungen nach sich und lie\u00df die Eltern der Minderj\u00e4hrigen aus Prag anreisen. Das teilte die Polizeiinspektion Schwabach am fr\u00fchen Freitagmorgen mit.<\/p>\n<p class=\"text-18 leading-17 user-text-lg:text-22 user-text-xl:text-24\">Die beiden Teenager drangen demnach am Donnerstag auf ein eingez\u00e4untes Gel\u00e4nde rund um den Funkturm ein und kletterten anschlie\u00dfend auf das Bauwerk. Zwischenzeitlich befanden sie sich mehr als 200 Meter \u00fcber dem Boden.<\/p>\n<p>Jugendliche werden an Eltern \u00fcbergeben<\/p>\n<p class=\"text-18 leading-17 user-text-lg:text-22 user-text-xl:text-24\">Als die Polizei eintraf und die Jugendlichen aufforderte, den Turm zu verlassen, kamen diese der Aufforderung nach. Sie kletterten eigenst\u00e4ndig herunter \u2013 niemand wurde verletzt.<\/p>\n<p class=\"text-18 leading-17 user-text-lg:text-22 user-text-xl:text-24\">Die Polizei leitete ein Ermittlungsverfahren wegen des illegalen Betretens des Gel\u00e4ndes ein. Anschlie\u00dfend wurden die Jugendlichen an ihre Eltern \u00fcbergeben.<\/p>\n","protected":false},"excerpt":{"rendered":"In 200 Metern H\u00f6he Jugendliche klettern auf Funkturm und l\u00f6sen Polizeieinsatz aus 19.06.2026 &#8211; 06:39 UhrLesedauer: 1 Min.&hellip;\n","protected":false},"author":2,"featured_media":1105312,"comment_status":"","ping_status":"","sticky":false,"template":"","format":"standard","meta":{"footnotes":"","_share_on_mastodon":"0"},"categories":[1837],"tags":[722,3176,772,3364,29,17645,30,220399,3783,121,4908,2859,12475],"class_list":["post-1105311","post","type-post","status-publish","format-standard","has-post-thumbnail","category-nuernberg","tag-722","tag-3176","tag-bayern","tag-de","tag-deutschland","tag-funkturm","tag-germany","tag-kammerstein","tag-nuernberg","tag-polizei","tag-polizeieinsatz","tag-prag","tag-tschechien"],"share_on_mastodon":{"url":"","error":""},"_links":{"self":[{"href":"https:\/\/www.europesays.com\/de\/wp-json\/wp\/v2\/posts\/1105311","targetHints":{"allow":["GET"]}}],"collection":[{"href":"https:\/\/www.europesays.com\/de\/wp-json\/wp\/v2\/posts"}],"about":[{"href":"https:\/\/www.europesays.com\/de\/wp-json\/wp\/v2\/types\/post"}],"author":[{"embeddable":true,"href":"https:\/\/www.europesays.com\/de\/wp-json\/wp\/v2\/users\/2"}],"replies":[{"embeddable":true,"href":"https:\/\/www.europesays.com\/de\/wp-json\/wp\/v2\/comments?post=1105311"}],"version-history":[{"count":0,"href":"https:\/\/www.europesays.com\/de\/wp-json\/wp\/v2\/posts\/1105311\/revisions"}],"wp:featuredmedia":[{"embeddable":true,"href":"https:\/\/www.europesays.com\/de\/wp-json\/wp\/v2\/media\/1105312"}],"wp:attachment":[{"href":"https:\/\/www.europesays.com\/de\/wp-json\/wp\/v2\/media?parent=1105311"}],"wp:term":[{"taxonomy":"category","embeddable":true,"href":"https:\/\/www.europesays.com\/de\/wp-json\/wp\/v2\/categories?post=1105311"},{"taxonomy":"post_tag","embeddable":true,"href":"https:\/\/www.europesays.com\/de\/wp-json\/wp\/v2\/tags?post=1105311"}],"curies":[{"name":"wp","href":"https:\/\/api.w.org\/{rel}","templated":true}]}}