{"id":1105337,"date":"2026-06-19T05:18:17","date_gmt":"2026-06-19T05:18:17","guid":{"rendered":"https:\/\/www.europesays.com\/de\/1105337\/"},"modified":"2026-06-19T05:18:17","modified_gmt":"2026-06-19T05:18:17","slug":"hitzewarnung-in-stuttgart-experten-gefaehrlichster-ort-bei-hitzephase-ist-die-eigene-wohnung","status":"publish","type":"post","link":"https:\/\/www.europesays.com\/de\/1105337\/","title":{"rendered":"Hitzewarnung in Stuttgart: Experten: Gef\u00e4hrlichster Ort bei Hitzephase ist die eigene Wohnung"},"content":{"rendered":"<p>Die Stadt  warnt aktuell vor Kreislaufproblemen, Dehydrierung und Gef\u00e4hrdung besonders f\u00fcr \u00c4ltere, Kranke, S\u00e4uglinge und Menschen, die im Freien arbeiten: Der Stadt stehen hei\u00dfe Tage und hei\u00dfe N\u00e4chte bevor. &#8222;Besonders belastend sind sogenannte Tropenn\u00e4chte, in denen die Temperaturen nicht unter 20 Grad sinken&#8220;, sagt Professor Stefan Ehehalt, der Leiter des Stuttgarter Gesundheitsamts.<\/p>\n<p><a href=\"https:\/\/www.stuttgarter-zeitung.de\/thema\/Stuttgart\" title=\"Stuttgart\" class=\"art_thema\" rel=\"nofollow noopener\" target=\"_blank\">Stuttgart<\/a> hat inzwischen einen Hitzeaktionsplan. Auf den 100 Seiten ist beschrieben, wie die Stuttgarter kurz- und langfristig vor zunehmender <a href=\"https:\/\/www.stuttgarter-zeitung.de\/thema\/Hitze\" title=\"Hitze\" class=\"art_thema\" rel=\"nofollow noopener\" target=\"_blank\">Hitze<\/a> durch den <a href=\"https:\/\/www.stuttgarter-zeitung.de\/thema\/Klimawandel\" title=\"Klimawandel\" class=\"art_thema\" rel=\"nofollow noopener\" target=\"_blank\">Klimawandel<\/a> gesch\u00fctzt werden sollen beziehungsweise wie sie sich selbst sch\u00fctzen k\u00f6nnen. Doch eine Leerstelle hat der Plan: Was passiert, wenn ein sogenannter Hitzedom Stuttgart heimsucht?<\/p>\n<p>  <img decoding=\"async\" loading=\"lazy\" src=\"https:\/\/www.europesays.com\/de\/wp-content\/uploads\/2026\/06\/media.media.0ba6adbe-8d03-4952-8465-55ebdbd3e837.original1024.media.jpeg\"\/>     Der Klimawandel f\u00fchrt zu hei\u00dfer werdenden Sommern.    Foto: dpa\/Frank Rumpenhorst    Stuttgart warnt vor Hitze <\/p>\n<p>Bei diesem Extremereignis handele es sich nicht \u201eum ein paar Grad mehr\u201c, sagt Martin Herrmann, Vorsitzender Deutsche Allianz Klimawandel und Gesundheit (KLUG). \u201eMir scheint, viele haben die Relevanz dieses Szenarios noch nicht verstanden.\u201c \u201eDie Dinge laufen dann anders\u201c, sagt auch Robin Maitra, der Klimaschutzbeauftragte der baden-w\u00fcrttembergischen Landes\u00e4rztekammer.<\/p>\n<p>Bei einem Hitzedom, auch Hitzeglocke genannt, \u201ebildet eine besonders stark ausgepr\u00e4gte Hochdruckzone in der Atmosph\u00e4re eine ,Kuppel\u2018, die die Hitze \u00fcber einem bestimmten Gebiet einschlie\u00dft\u201c, erkl\u00e4rt die Bundes\u00e4rztekammer in einer Mitteilung. Das kann \u00fcber Tage oder Wochen andauern.<\/p>\n<p>Wenn Hitzetage steigen, kommt es zu mehr Krankheits- und Sterbef\u00e4llen <\/p>\n<p>In der Folge kommt es zu deutlich mehr Krankheits- und Sterbef\u00e4llen. Es k\u00f6nne Zehntausende Todesf\u00e4lle binnen weniger Tage geben, warnte im Juli 2025 Markus Gosch, Pr\u00e4sident der Deutschen Gesellschaft f\u00fcr Geriatrie. Zu rechnen sei in jedem Fall mit deutlich mehr Arbeit f\u00fcrs Gesundheitswesen, sagt Robin Maitra. Zumal wom\u00f6glich in der Ferienzeit. \u201eDas m\u00fcssen wir planen.\u201c<\/p>\n<p>Aufgetreten sind Hitzedome beispielsweise bereits in Vancouver oder Paris. Aufgrund des fortschreitenden Klimawandels werden sie wahrscheinlicher. Das Problem: Einem solchen m\u00f6glichen Ereignis stehen die Beh\u00f6rden \u2013 anders als bei einem Hochwasser \u2013 bis dato unvorbereitet gegen\u00fcber. Starke Hitzewellen sind bisher nicht in den Katastrophenpl\u00e4nen verankert. Das gilt auch f\u00fcr Stuttgart \u2013 trotz neuem Hitzeaktionsplan.<\/p>\n<p>Der Hitzeaktionplan adressiert die steigende Zahl an Hitzetagen, sozusagen das neue Normal. Ein Hitzedom ist ein krasses Einzelereignis, quasi eine Lage. \u201eWir wollen keine Panik verursachen\u201c, sagt Professor Stefan Ehehalt, der Leiter des Stuttgarter Gesundheitsamts. \u201eAber es sind Dinge, auf die wir vorbereitet sein m\u00fcssen, auch wenn ihr Eintritt unwahrscheinlich ist.\u201c Deshalb sammele man derzeit Informationen. Zum Beispiel: \u201eAuf welche Temperaturen m\u00fcssen wir uns einstellen?\u201c, so Ehehalt. \u201eWir brauchen erst eine realistische Risikoeinsch\u00e4tzung.\u201c<\/p>\n<p>   Anhaltende Hitze: Risiko f\u00fcr Schlaganfall oder Herzinfarkt steigt <\/p>\n<p>In der Regel sei die Wohnung der gef\u00e4hrlichste Ort in einer Hitzephase, sagt Robin Maitra von der Landes\u00e4rztekammer. Vor allem f\u00fcr \u00c4ltere, Kinder, Schwangere und Menschen mit Vorerkrankungen. K\u00fchlt die Dachgeschosswohnung zum Beispiel \u00fcber viele N\u00e4chte hinweg nicht mehr unter 25 Grad ab, steige das Risiko f\u00fcr Schlaganfall oder Herzinfarkt.<\/p>\n<p>2025 ist Maitra mit weiteren rund 30 Fachleuten in Stuttgart erstmalig zu einem Workshop in Stuttgart zusammengekommen. Vertreten waren der Katastrophenschutz, Mediziner, der Deutsche Wetterdienst, die Wissenschaft, die AOK sowie Vertreter von Kommunen wie Stuttgart oder Mannheim. Es ging vor allem um die Hitzedome und wie man im Notfall reagieren m\u00fcsse. \u201eEs ist wichtig, dass wir diese Dinge nicht verleugnen\u201c, sagt Professor Clemens Becker vom Uniklinikum Heidelberg im Abschluss an den Workshop.<\/p>\n<p> Wohnungen und Pflegezimmer nicht mehr sicher <\/p>\n<p>Auch wenn der Stuttgarter Hitzeaktionsplan an dieser Stelle eine L\u00fccke hat, so werden solche Hitzeglocken zumindest darin angesprochen. Die Rede ist in diesem Zusammenhang <a href=\"https:\/\/www.stuttgarter-zeitung.de\/inhalt.hitze-stuttgart-evakuierung-trinkwasser-notunterkunft-aktionsplan.174c57ba-307b-47b3-a98d-eeedc3fd225b.html\" target=\"_blank\" rel=\"nofollow noopener\">auch von Evakuierungen<\/a>. Schlicht weil es Wohnungen oder Pflegezimmer gibt, in denen die Menschen dann nicht mehr sicher w\u00e4ren. Und um Missverst\u00e4ndnissen vorzubeugen: Bei den Evakuierungen gehe es nicht um zwei Stunden, sagt Martin Herrmann von KLUG. \u201eEs geht um Tage.\u201c<\/p>\n<p>Wie man schnell wei\u00df, wo sich gef\u00e4hrdete Personen aufhalten und wer sie in Sicherheit bringt, soll sich m\u00f6glichst rasch kl\u00e4ren. Bereits im Sommer 2026 will man besser vorbereitet sein. \u201eEs ist ein Szenario, das in f\u00fcnf Jahren eintreten kann\u201c, sagt Martin Herrmann, \u201eoder auch n\u00e4chstes Jahr\u201c.<\/p>\n","protected":false},"excerpt":{"rendered":"Die Stadt warnt aktuell vor Kreislaufproblemen, Dehydrierung und Gef\u00e4hrdung besonders f\u00fcr \u00c4ltere, Kranke, S\u00e4uglinge und Menschen, die im&hellip;\n","protected":false},"author":2,"featured_media":1105338,"comment_status":"","ping_status":"","sticky":false,"template":"","format":"standard","meta":{"footnotes":"","_share_on_mastodon":"0"},"categories":[1830],"tags":[1634,3364,29,30,11607,56090,952,1441],"class_list":["post-1105337","post","type-post","status-publish","format-standard","has-post-thumbnail","category-stuttgart","tag-baden-wuerttemberg","tag-de","tag-deutschland","tag-germany","tag-hitze","tag-hitzeaktionsplan","tag-klimawandel","tag-stuttgart"],"share_on_mastodon":{"url":"https:\/\/pubeurope.com\/@de\/116775086264022025","error":""},"_links":{"self":[{"href":"https:\/\/www.europesays.com\/de\/wp-json\/wp\/v2\/posts\/1105337","targetHints":{"allow":["GET"]}}],"collection":[{"href":"https:\/\/www.europesays.com\/de\/wp-json\/wp\/v2\/posts"}],"about":[{"href":"https:\/\/www.europesays.com\/de\/wp-json\/wp\/v2\/types\/post"}],"author":[{"embeddable":true,"href":"https:\/\/www.europesays.com\/de\/wp-json\/wp\/v2\/users\/2"}],"replies":[{"embeddable":true,"href":"https:\/\/www.europesays.com\/de\/wp-json\/wp\/v2\/comments?post=1105337"}],"version-history":[{"count":0,"href":"https:\/\/www.europesays.com\/de\/wp-json\/wp\/v2\/posts\/1105337\/revisions"}],"wp:featuredmedia":[{"embeddable":true,"href":"https:\/\/www.europesays.com\/de\/wp-json\/wp\/v2\/media\/1105338"}],"wp:attachment":[{"href":"https:\/\/www.europesays.com\/de\/wp-json\/wp\/v2\/media?parent=1105337"}],"wp:term":[{"taxonomy":"category","embeddable":true,"href":"https:\/\/www.europesays.com\/de\/wp-json\/wp\/v2\/categories?post=1105337"},{"taxonomy":"post_tag","embeddable":true,"href":"https:\/\/www.europesays.com\/de\/wp-json\/wp\/v2\/tags?post=1105337"}],"curies":[{"name":"wp","href":"https:\/\/api.w.org\/{rel}","templated":true}]}}