{"id":1105559,"date":"2026-06-19T07:26:18","date_gmt":"2026-06-19T07:26:18","guid":{"rendered":"https:\/\/www.europesays.com\/de\/1105559\/"},"modified":"2026-06-19T07:26:18","modified_gmt":"2026-06-19T07:26:18","slug":"grossprojekt-brueckensteig-deepwood-gmbh-zieht-beim-212-business-breakfast-bilanz","status":"publish","type":"post","link":"https:\/\/www.europesays.com\/de\/1105559\/","title":{"rendered":"Gro\u00dfprojekt Br\u00fcckensteig: Deepwood GmbH zieht beim 212. Business Breakfast Bilanz"},"content":{"rendered":"<p class=\"text_ohne_einzug richtext text-em-55 !leading-serif mx-6 desktop:mx-0\">Am Donnerstagmorgen hie\u00df es im Haus M\u00fcngsten in Solingen \u201eWillkommen im Nein\u201c: Gastgeber war dieses Mal die Teamentwicklungsfirma Deepwood GmbH. Neben zahlreichen Outdoor- und Indoor-Events machte sich die Firma sp\u00e4testens mit dem Br\u00fcckensteig einen Namen. Die Gesch\u00e4ftsf\u00fchrer S\u00f8ren Walla und Gottfried Engendahl gaben Einblicke in die langwierigen Entwicklungen hin zu dem Klettersteig \u00fcber den Stahlbogen der M\u00fcngstener Br\u00fccke. Ein Erlebnis, das heute rund 15 000 Menschen im Jahr anzieht; aber auch ein Projekt, das den Gesch\u00e4ftsf\u00fchrern zw\u00f6lf Jahre Durchhalteverm\u00f6gen, Biss und Ehrgeiz abverlangte.<\/p>\n<p class=\"richtext text-em-55 !leading-serif mx-6 desktop:mx-0\">\u201eWir sind auf dieses touristische Highlight sehr stolz \u2013 hier kommen St\u00e4dte zusammen\u201c, fasst Janine Ballein zusammen, die seit Kurzem die Leitung des Br\u00fcckensteigs \u00fcbernimmt. Jetzt hei\u00dfe es, das Angebot \u00fcber die Stadtgrenzen hinaus zu transportieren und da seien sie \u201eganz klar auf einem guten Weg\u201c. Im August feiert der Klettersteig \u00fcber die h\u00f6chste Eisenbahnbr\u00fccke Deutschlands f\u00fcnfj\u00e4hriges Jubil\u00e4um \u2013 doch ein Blick zur\u00fcck zeigt, dass daf\u00fcr viel Willenskraft n\u00f6tig war.<\/p>\n<p class=\"richtext text-em-55 !leading-serif mx-6 desktop:mx-0\">S\u00f8ren Walla fasst in einem historischen R\u00fcckblick die wichtigsten Ereignisse zusammen: von der Einweihung der Br\u00fccke im Jahr 1897 bis hin zu ihrer eigenen Unternehmensgr\u00fcndung der Marke Deepwood im Jahr 2009. Die durch Aktivelemente Emotionen in Menschen hervorrufen und so eine \u00c4nderung der Haltung bewirken will. Doch bald wollten die Gesch\u00e4ftsf\u00fchrer \u2013 im wahrsten Sinne des Wortes \u2013 h\u00f6her hinauf, setzten sich in den Kopf, einen Klettersteig auf der M\u00fcngstener Br\u00fccke ins Leben zu rufen. Widersetzten sich auf dem Weg \u201e365 Neins, die allesamt ein Aus des Br\u00fcckensteigs bedeutet h\u00e4tten\u201c, erinnert sich Walla, fanden L\u00f6sungen f\u00fcr fehlende Sicherheitssysteme, f\u00fcr Bedenken hinsichtlich des Denkmal- und Naturschutzes, diskutierten mit Experten des UNESCO-Welterbes und verliehen der Br\u00fccke, die einst als Suizid-Hotspot galt, ein neues, lebensbejahendes Sinnangebot.<\/p>\n<p>Exklusivvertrag mit der Deutschen Bahn f\u00fcr 20 Jahre      <\/p>\n<p class=\"text_ohne_einzug richtext text-em-55 !leading-serif mx-6 desktop:mx-0\">Heute blicken die Gesch\u00e4ftsf\u00fchrer mit Stolz zur\u00fcck \u2013 ein 20-j\u00e4hriger Exklusivvertrag mit der Deutschen Bahn ist geschlossen, die Er\u00f6ffnung des Br\u00fcckensteigs fand im August 2021 statt. Positive Presse, eine immer st\u00e4rker werdende \u00fcberregionale Sichtbarkeit und \u201edas einzige Event in Deutschland mit einer 5,0-Sternebewertung \u2013 ich glaube, das haben wir ganz gut hinbekommen\u201c, meint Gottfried Engendahl. Es ist eine Erfolgsgeschichte, und ihr Ende ist scheinbar noch lange nicht erz\u00e4hlt: R\u00e4umlich angekommen an ihren \u201eabsoluten Kapazit\u00e4tsgrenzen\u201c wollen die Gesch\u00e4ftsf\u00fchrer mehr. Erste Pl\u00e4ne, mit den St\u00e4dten gemeinsam ein Besucherzentrum im Br\u00fcckenpark zu bauen und zu beziehen, sind abgelehnt worden, stattdessen soll Deepwood nun das \u201eMimo-Haus\u201c (\u201eMinimal Impact \u2013 Maximum Output\u201c) bekommen, ein Ergebnis eines architektonisch nachhaltigen Projekts der Hochschule D\u00fcsseldorf. Die Schl\u00fcssel\u00fcbergabe fand zuletzt statt, noch muss das Haus allerdings von der Nordbahntrasse nach Solingen umziehen. \u201eWir hoffen, Sie dort 2027 begr\u00fc\u00dfen zu d\u00fcrfen\u201c, sch\u00e4tzt Engendahl vorsichtig. Daneben ist auch die Buga zu einem wichtigen Kooperationspartner geworden, die geplante H\u00e4ngebr\u00fccke ein \u201ezus\u00e4tzliches Geschenk\u201c.<\/p>\n<p class=\"richtext text-em-55 !leading-serif mx-6 desktop:mx-0\">Der Fokus von Walla und Engendahl liegt darauf, die touristischen Bedarfe aufzunehmen, die aktuell im Bereich der M\u00fcngstener Br\u00fccke einfach noch fehlten. \u201eDie Menschen fahren teilweise lange Strecken, um den Br\u00fcckenpark zu besuchen. Doch danach gibt es nichts weiter zu sehen, es gibt keinen touristischen Mehrwert\u201c, f\u00fchrt Engendahl aus. Und bis das geplante Besucherzentrum da ist \u2013 \u201ewollen wir den touristischen Auftrag \u00fcbernehmen.\u201c<\/p>\n<p class=\"richtext text-em-55 !leading-serif mx-6 desktop:mx-0\">Zukunftspl\u00e4ne haben die Gesch\u00e4ftsf\u00fchrer der Deepwood GmbH viele, einige davon sind konkret, andere weniger \u2013 doch sicher ist: Sie wollen hoch hinauf.<\/p>\n","protected":false},"excerpt":{"rendered":"Am Donnerstagmorgen hie\u00df es im Haus M\u00fcngsten in Solingen \u201eWillkommen im Nein\u201c: Gastgeber war dieses Mal die Teamentwicklungsfirma&hellip;\n","protected":false},"author":2,"featured_media":1105560,"comment_status":"","ping_status":"","sticky":false,"template":"","format":"standard","meta":{"footnotes":"","_share_on_mastodon":"0"},"categories":[1840],"tags":[207253,600,38871,38873,234162,3364,234158,29,16097,106553,30,17227,44068,110559,234161,1209,234159,234160,4418],"class_list":["post-1105559","post","type-post","status-publish","format-standard","has-post-thumbnail","category-wuppertal","tag-breakfast","tag-bruecke","tag-brueckenpark","tag-brueckensteig","tag-brueckensteigs","tag-de","tag-deepwood","tag-deutschland","tag-eisenbahnbruecke","tag-engendahl","tag-germany","tag-geschaeftsfuehrer","tag-haengebruecke","tag-klettersteig","tag-muengsten","tag-nordrhein-westfalen","tag-touristische","tag-walla","tag-wuppertal"],"share_on_mastodon":{"url":"https:\/\/pubeurope.com\/@de\/116775589605386841","error":""},"_links":{"self":[{"href":"https:\/\/www.europesays.com\/de\/wp-json\/wp\/v2\/posts\/1105559","targetHints":{"allow":["GET"]}}],"collection":[{"href":"https:\/\/www.europesays.com\/de\/wp-json\/wp\/v2\/posts"}],"about":[{"href":"https:\/\/www.europesays.com\/de\/wp-json\/wp\/v2\/types\/post"}],"author":[{"embeddable":true,"href":"https:\/\/www.europesays.com\/de\/wp-json\/wp\/v2\/users\/2"}],"replies":[{"embeddable":true,"href":"https:\/\/www.europesays.com\/de\/wp-json\/wp\/v2\/comments?post=1105559"}],"version-history":[{"count":0,"href":"https:\/\/www.europesays.com\/de\/wp-json\/wp\/v2\/posts\/1105559\/revisions"}],"wp:featuredmedia":[{"embeddable":true,"href":"https:\/\/www.europesays.com\/de\/wp-json\/wp\/v2\/media\/1105560"}],"wp:attachment":[{"href":"https:\/\/www.europesays.com\/de\/wp-json\/wp\/v2\/media?parent=1105559"}],"wp:term":[{"taxonomy":"category","embeddable":true,"href":"https:\/\/www.europesays.com\/de\/wp-json\/wp\/v2\/categories?post=1105559"},{"taxonomy":"post_tag","embeddable":true,"href":"https:\/\/www.europesays.com\/de\/wp-json\/wp\/v2\/tags?post=1105559"}],"curies":[{"name":"wp","href":"https:\/\/api.w.org\/{rel}","templated":true}]}}