{"id":1105620,"date":"2026-06-19T07:59:18","date_gmt":"2026-06-19T07:59:18","guid":{"rendered":"https:\/\/www.europesays.com\/de\/1105620\/"},"modified":"2026-06-19T07:59:18","modified_gmt":"2026-06-19T07:59:18","slug":"stuttgart-mitte-mehrere-gestohlene-bankkarten-bei-verkehrskontrolle-gefunden","status":"publish","type":"post","link":"https:\/\/www.europesays.com\/de\/1105620\/","title":{"rendered":"Stuttgart-Mitte: Mehrere gestohlene Bankkarten bei Verkehrskontrolle gefunden"},"content":{"rendered":"<p>\t\t\t\t\t\t\t\t\t\t\t\t\t\t\t\t\t\t\t\t\t\t\t\t\t\t\t\t      \t\t            \t\t             \t\t\t\t   \t\t\t\t\t   <img decoding=\"async\" id=\"article-image\" fetchpriority=\"high\" alt=\"Stuttgart-Mitte: Mehrere gestohlene Bankkarten bei Verkehrskontrolle gefunden\" title=\"Stuttgart-Mitte: Mehrere gestohlene Bankkarten bei Verkehrskontrolle gefunden\" src=\"https:\/\/www.europesays.com\/de\/wp-content\/uploads\/2026\/06\/media.media.b7b88b98-1b0d-4188-8d98-94ea94fbfbbc.16x9_700.jpg\" data-linkto=\"https:\/\/www.stuttgarter-nachrichten.de\/javascript:void(0);\"\/>\t\t\t\t\t\t\t\t\t\t\t\t\t\t\t\t\t\t\t\t\t\t\t\tDie Polizei entdeckte mehrere gestohlene Bankkarten. (Symbolbild)\u00a0Foto: IMAGO \/ bonn-sequenz \/ Jochen Tack\t\t\t<\/p>\n<p>Polizeibeamte kontrollieren am Mittwochabend in Stuttgart-Mitte zwei 24-J\u00e4hrige in einem Ford. Sie entdecken 17 gestohlene Bankkarten, die auch schon verwendet wurden.<\/p>\n<p> Bei einer Verkehrskontrolle am Mittwochabend an der K\u00f6nigstra\u00dfe in <a href=\"https:\/\/www.stuttgarter-nachrichten.de\/thema\/Stuttgart-Mitte\" title=\"Stuttgart-Mitte\" class=\"art_thema\" rel=\"nofollow noopener\" target=\"_blank\">Stuttgart-Mitte<\/a> haben Polizeibeamte bei zwei 24 Jahre alten M\u00e4nnern in einem Ford 17 gestohlene Bankkarten entdeckt, die teils verwendet wurden, um unberechtigt Zigaretten zu kaufen beziehungsweise Geld abzuheben.<\/p>\n<p>Wie die <a href=\"https:\/\/www.stuttgarter-nachrichten.de\/thema\/Polizei\" title=\"Polizei\" class=\"art_thema\" rel=\"nofollow noopener\" target=\"_blank\">Polizei<\/a> berichtet, kontrollierten die Beamten gegen 19.50 Uhr den 24-j\u00e4hrigen Ford-Fahrer und seinen gleichaltrigen Beifahrer. Bei der Durchsuchung des Fahrzeugs fanden die Beamten 17 Bankkarten, die offenbar zuvor im gesamten Bundesgebiet gestohlen worden waren. <\/p>\n<p>Einige EC-Karten wurden verwendet, um Zigaretten zu kaufen und Geld abzuheben, wobei ein Sachschaden im hohen vierstelligen Bereich entstand. Die Beamten beschlagnahmten die Bankkarten und setzten die beiden M\u00e4nner nach Abschluss der polizeilichen Ma\u00dfnahmen wieder auf freien Fu\u00df.<\/p>\n","protected":false},"excerpt":{"rendered":"Die Polizei entdeckte mehrere gestohlene Bankkarten. (Symbolbild)\u00a0Foto: IMAGO \/ bonn-sequenz \/ Jochen Tack Polizeibeamte kontrollieren am Mittwochabend in&hellip;\n","protected":false},"author":2,"featured_media":1105621,"comment_status":"","ping_status":"","sticky":false,"template":"","format":"standard","meta":{"footnotes":"","_share_on_mastodon":"0"},"categories":[1830],"tags":[1634,218642,3364,29,1686,30,121,8248,1441,18960],"class_list":["post-1105620","post","type-post","status-publish","format-standard","has-post-thumbnail","category-stuttgart","tag-baden-wuerttemberg","tag-bankkarten","tag-de","tag-deutschland","tag-diebstahl","tag-germany","tag-polizei","tag-polizeibericht-stuttgart","tag-stuttgart","tag-stuttgart-mitte"],"share_on_mastodon":{"url":"https:\/\/pubeurope.com\/@de\/116775720672847416","error":""},"_links":{"self":[{"href":"https:\/\/www.europesays.com\/de\/wp-json\/wp\/v2\/posts\/1105620","targetHints":{"allow":["GET"]}}],"collection":[{"href":"https:\/\/www.europesays.com\/de\/wp-json\/wp\/v2\/posts"}],"about":[{"href":"https:\/\/www.europesays.com\/de\/wp-json\/wp\/v2\/types\/post"}],"author":[{"embeddable":true,"href":"https:\/\/www.europesays.com\/de\/wp-json\/wp\/v2\/users\/2"}],"replies":[{"embeddable":true,"href":"https:\/\/www.europesays.com\/de\/wp-json\/wp\/v2\/comments?post=1105620"}],"version-history":[{"count":0,"href":"https:\/\/www.europesays.com\/de\/wp-json\/wp\/v2\/posts\/1105620\/revisions"}],"wp:featuredmedia":[{"embeddable":true,"href":"https:\/\/www.europesays.com\/de\/wp-json\/wp\/v2\/media\/1105621"}],"wp:attachment":[{"href":"https:\/\/www.europesays.com\/de\/wp-json\/wp\/v2\/media?parent=1105620"}],"wp:term":[{"taxonomy":"category","embeddable":true,"href":"https:\/\/www.europesays.com\/de\/wp-json\/wp\/v2\/categories?post=1105620"},{"taxonomy":"post_tag","embeddable":true,"href":"https:\/\/www.europesays.com\/de\/wp-json\/wp\/v2\/tags?post=1105620"}],"curies":[{"name":"wp","href":"https:\/\/api.w.org\/{rel}","templated":true}]}}