{"id":1105693,"date":"2026-06-19T08:39:19","date_gmt":"2026-06-19T08:39:19","guid":{"rendered":"https:\/\/www.europesays.com\/de\/1105693\/"},"modified":"2026-06-19T08:39:19","modified_gmt":"2026-06-19T08:39:19","slug":"transfer-ticker-claudio-kammerknecht-wechselt-von-dresden-nach-mannheim","status":"publish","type":"post","link":"https:\/\/www.europesays.com\/de\/1105693\/","title":{"rendered":"Transfer-Ticker: Claudio Kammerknecht wechselt von Dresden nach Mannheim"},"content":{"rendered":"<p>Transfer-TickerDresden gibt Kammerknecht ab &#8211; Dirkner nach Belgien?<\/p>\n<p>Artikel anh\u00f6ren (01:02 min)<\/p>\n<p>19.06.2026 | 10:25 Uhr <\/p>\n<p class=\"Typography_text-default__P3otY Typography_weight-normal__pqUbH StorylineParagraph_p__4mkZU\">Der SV Waldhof Mannheim legt nach der Vorstellung des neuen Cheftrainers auch personell nach. Claudio Kammerknecht wechselt von Dynamo Dresden zu den Buwe und kehrt damit in die 3. Liga zur\u00fcck, wo er bereits 123 Eins\u00e4tze absolviert hat. Der 26-j\u00e4hrige Nationalspieler Sri Lankas war in Dresden drei Jahre lang Stammkraft, r\u00fcckte nach dem Zweitligaaufstieg aber ins zweite Glied. Zu den Vertragsdetails machte Waldhof keine Angaben.<\/p>\n<p class=\"Typography_text-default__P3otY Typography_weight-normal__pqUbH StorylineParagraph_p__4mkZU\">Auch bei Hansa Rostock k\u00f6nnte sich noch etwas tun. Nach Informationen der Ostsee-Zeitung zeigt der belgische Erstligist RAAL La Louviere Interesse an Jonas Dirkner. Der 23-j\u00e4hrige Mittelfeldspieler geh\u00f6rte in der R\u00fcckrunde zu den Leistungstr\u00e4gern der Kogge. Erste Angebote aus Belgien soll Hansa-Sportchef Amir Shapourzadeh jedoch abgeblockt haben. Rostock will Dirkner stattdessen \u00fcber 2027 hinaus binden.<\/p>\n<p>Verwendete Quelle: ntv.de<\/p>\n","protected":false},"excerpt":{"rendered":"Transfer-TickerDresden gibt Kammerknecht ab &#8211; Dirkner nach Belgien? Artikel anh\u00f6ren (01:02 min) 19.06.2026 | 10:25 Uhr Der SV&hellip;\n","protected":false},"author":2,"featured_media":1105694,"comment_status":"","ping_status":"","sticky":false,"template":"","format":"standard","meta":{"footnotes":"","_share_on_mastodon":"0"},"categories":[1845],"tags":[1634,132803,3364,29,3766,548,663,3934,30,13,2096,14,15,12,17594],"class_list":["post-1105693","post","type-post","status-publish","format-standard","has-post-thumbnail","category-mannheim","tag-baden-wuerttemberg","tag-claudio-kammerknecht","tag-de","tag-deutschland","tag-dynamo-dresden","tag-eu","tag-europa","tag-europe","tag-germany","tag-headlines","tag-mannheim","tag-nachrichten","tag-news","tag-schlagzeilen","tag-waldhof-mannheim"],"share_on_mastodon":{"url":"https:\/\/pubeurope.com\/@de\/116775876696133615","error":""},"_links":{"self":[{"href":"https:\/\/www.europesays.com\/de\/wp-json\/wp\/v2\/posts\/1105693","targetHints":{"allow":["GET"]}}],"collection":[{"href":"https:\/\/www.europesays.com\/de\/wp-json\/wp\/v2\/posts"}],"about":[{"href":"https:\/\/www.europesays.com\/de\/wp-json\/wp\/v2\/types\/post"}],"author":[{"embeddable":true,"href":"https:\/\/www.europesays.com\/de\/wp-json\/wp\/v2\/users\/2"}],"replies":[{"embeddable":true,"href":"https:\/\/www.europesays.com\/de\/wp-json\/wp\/v2\/comments?post=1105693"}],"version-history":[{"count":0,"href":"https:\/\/www.europesays.com\/de\/wp-json\/wp\/v2\/posts\/1105693\/revisions"}],"wp:featuredmedia":[{"embeddable":true,"href":"https:\/\/www.europesays.com\/de\/wp-json\/wp\/v2\/media\/1105694"}],"wp:attachment":[{"href":"https:\/\/www.europesays.com\/de\/wp-json\/wp\/v2\/media?parent=1105693"}],"wp:term":[{"taxonomy":"category","embeddable":true,"href":"https:\/\/www.europesays.com\/de\/wp-json\/wp\/v2\/categories?post=1105693"},{"taxonomy":"post_tag","embeddable":true,"href":"https:\/\/www.europesays.com\/de\/wp-json\/wp\/v2\/tags?post=1105693"}],"curies":[{"name":"wp","href":"https:\/\/api.w.org\/{rel}","templated":true}]}}