{"id":1105767,"date":"2026-06-19T09:24:30","date_gmt":"2026-06-19T09:24:30","guid":{"rendered":"https:\/\/www.europesays.com\/de\/1105767\/"},"modified":"2026-06-19T09:24:30","modified_gmt":"2026-06-19T09:24:30","slug":"seit-mitternacht-vermisst-polizei-sucht-nach-dreimonatigem-baby-bei-stuttgart","status":"publish","type":"post","link":"https:\/\/www.europesays.com\/de\/1105767\/","title":{"rendered":"Seit Mitternacht vermisst: Polizei sucht nach dreimonatigem Baby bei Stuttgart"},"content":{"rendered":"<p>Seit Mitternacht vermisstPolizei sucht nach dreimonatigem Baby bei Stuttgart<\/p>\n<p>19.06.2026, 10:10 Uhr <\/p>\n<p>Artikel anh\u00f6ren(01:16 min)<\/p>\n<p><img decoding=\"async\" class=\"Image_img__fQCi0 Image_Img_16_9__4BLfH widget-picture-inline_maximizable__t_E7h\" loading=\"eager\" fetchpriority=\"high\" src=\"https:\/\/www.europesays.com\/de\/wp-content\/uploads\/2026\/06\/Ein-Notarzt-konnte-nur-noch-den-Tod-des-Mannes-feststellen.webp\" alt=\"Ein-Notarzt-konnte-nur-noch-den-Tod-des-Mannes-feststellen\"\/>An der Suche sind auch Hunde, Hubschrauber und Drohnen beteiligt. TeilenFolgen auf:<a href=\"https:\/\/www.whatsapp.com\/channel\/0029Va5cdVJD8SDp5YZgYF01\" title=\"Auf WhatsApp folgen\" target=\"_blank\" rel=\"nofollow noopener\"><img decoding=\"async\" src=\"https:\/\/www.n-tv.de\/socialIcons\/whatsapp.svg\" alt=\"whatsapp\" class=\"ArticleShare_icon__FsrC2\"\/><\/a><a href=\"https:\/\/www.google.com\/preferences\/source?q=n-tv.de\" title=\"ntv als bevorzugte Quelle auf Google hinzuf\u00fcgen\" target=\"_blank\" rel=\"nofollow noopener\"><img decoding=\"async\" src=\"https:\/\/www.n-tv.de\/socialIcons\/google.svg\" alt=\"whatsapp\" class=\"ArticleShare_icon__FsrC2\"\/><\/a><\/p>\n<p class=\"Typography_text-m__XI0da Typography_weight-bold__uT6mq storyline_lead_text_leadtext__q_wg8\">In Renningen, einem Ort in der N\u00e4he von Stuttgart l\u00e4uft die gro\u00df angelegte Suche nach einem S\u00e4ugling: Seit kurz vor Mitternacht ist das Baby verschwunden. Wie es abhanden kommen konnte, ist noch unklar.<\/p>\n<p class=\"Typography_text-default__P3otY Typography_weight-normal__pqUbH storyline_paragraph_p__qSR5N\">Die Polizei sucht im baden-w\u00fcrttembergischen Renningen nach einem vermissten S\u00e4ugling. Das teilte ein Polizeisprecher in Ludwigsburg mit. Das drei Monate alte Kind werde seit Donnerstag kurz vor Mitternacht vermisst.\u00a0<\/p>\n<p class=\"Typography_text-default__P3otY Typography_weight-normal__pqUbH storyline_paragraph_p__qSR5N\">An der umfangreichen Suche nach dem S\u00e4ugling seien Suchhunde, Hubschrauber und Drohnen beteiligt, wie es weiter hie\u00df. Kr\u00e4fte von Rettungsdiensten wie dem Deutschen Roten Kreuz (DRK) h\u00e4tten sich auf einem Parkplatz bei einem Lebensmittelmarkt versammelt, um zu unterst\u00fctzen, sagte eine Polizeisprecherin.\u00a0<\/p>\n<p class=\"Typography_text-default__P3otY Typography_weight-normal__pqUbH storyline_paragraph_p__qSR5N\">Wo das Kind verschwunden sein soll, wollte die Polizei nicht bekannt geben. Auch zu den Umst\u00e4nden des Verschwindens gab es zun\u00e4chst keine Auskunft. Die Kriminalpolizei habe die Ermittlungen aufgenommen.\u00a0<\/p>\n<p class=\"Typography_text-default__P3otY Typography_weight-normal__pqUbH storyline_paragraph_p__qSR5N\">Renningen liegt im Landkreis B\u00f6blingen. Die Stadt liegt westlich von Stuttgart und ist rund 25 Kilometer von der Landeshauptstadt entfernt.<\/p>\n<p class=\"Typography_text-s__wu_cm Typography_weight-normal__pqUbH Typography_color-darkgrey__sZEnP article-detail-footer_source__KslPc\">Quelle: ntv.de, jog\/dpa<\/p>\n","protected":false},"excerpt":{"rendered":"Seit Mitternacht vermisstPolizei sucht nach dreimonatigem Baby bei Stuttgart 19.06.2026, 10:10 Uhr Artikel anh\u00f6ren(01:16 min) An der Suche&hellip;\n","protected":false},"author":2,"featured_media":1105768,"comment_status":"","ping_status":"","sticky":false,"template":"","format":"standard","meta":{"footnotes":"","_share_on_mastodon":"0"},"categories":[1830],"tags":[1290,1634,3364,29,30,984,1441,22407],"class_list":["post-1105767","post","type-post","status-publish","format-standard","has-post-thumbnail","category-stuttgart","tag-baby","tag-baden-wuerttemberg","tag-de","tag-deutschland","tag-germany","tag-international","tag-stuttgart","tag-vermisste"],"share_on_mastodon":{"url":"https:\/\/pubeurope.com\/@de\/116776055106946518","error":""},"_links":{"self":[{"href":"https:\/\/www.europesays.com\/de\/wp-json\/wp\/v2\/posts\/1105767","targetHints":{"allow":["GET"]}}],"collection":[{"href":"https:\/\/www.europesays.com\/de\/wp-json\/wp\/v2\/posts"}],"about":[{"href":"https:\/\/www.europesays.com\/de\/wp-json\/wp\/v2\/types\/post"}],"author":[{"embeddable":true,"href":"https:\/\/www.europesays.com\/de\/wp-json\/wp\/v2\/users\/2"}],"replies":[{"embeddable":true,"href":"https:\/\/www.europesays.com\/de\/wp-json\/wp\/v2\/comments?post=1105767"}],"version-history":[{"count":0,"href":"https:\/\/www.europesays.com\/de\/wp-json\/wp\/v2\/posts\/1105767\/revisions"}],"wp:featuredmedia":[{"embeddable":true,"href":"https:\/\/www.europesays.com\/de\/wp-json\/wp\/v2\/media\/1105768"}],"wp:attachment":[{"href":"https:\/\/www.europesays.com\/de\/wp-json\/wp\/v2\/media?parent=1105767"}],"wp:term":[{"taxonomy":"category","embeddable":true,"href":"https:\/\/www.europesays.com\/de\/wp-json\/wp\/v2\/categories?post=1105767"},{"taxonomy":"post_tag","embeddable":true,"href":"https:\/\/www.europesays.com\/de\/wp-json\/wp\/v2\/tags?post=1105767"}],"curies":[{"name":"wp","href":"https:\/\/api.w.org\/{rel}","templated":true}]}}