{"id":1106063,"date":"2026-06-19T12:10:20","date_gmt":"2026-06-19T12:10:20","guid":{"rendered":"https:\/\/www.europesays.com\/de\/1106063\/"},"modified":"2026-06-19T12:10:20","modified_gmt":"2026-06-19T12:10:20","slug":"wetter-frankfurt-hitze-warnung-gewitter-und-unwetter-moeglich","status":"publish","type":"post","link":"https:\/\/www.europesays.com\/de\/1106063\/","title":{"rendered":"Wetter Frankfurt: Hitze-Warnung \u2013 Gewitter und Unwetter m\u00f6glich"},"content":{"rendered":"<p>Meteorologen warnen <\/p>\n<p>Hitzealarm in Frankfurt \u2013 auch schwere Gewitter m\u00f6glich<\/p>\n<p>19.06.2026 &#8211; 13:59 UhrLesedauer: 2 Min.<\/p>\n<p><a href=\"#focus-0\" class=\"transition-colors block text-current relative\" data-sctrack=\"FocusGalleryImage.Reference\"><img fetchpriority=\"high\" data-testid=\"Opener.Image\"   loading=\"eager\" src=\"https:\/\/www.europesays.com\/de\/wp-content\/uploads\/2026\/06\/hitzewelle-in-deutschland-es-drohen-temperaturen-bis-zu-40-grad-celsius.jpg\" alt=\"imago images 163021145\" title=\"imago images 163021145\" width=\"4252\" height=\"2392\" class=\"bg-[url:var(--lqipURL)] bg-cover bg-center flex h-full w-full max-w-full\" style=\"--lqipURL:url('https:\/\/images.t-online.de\/2026\/06\/u9JNr0iRCpNz\/0x380:4252x2392\/fit-in\/150x0\/filters:blur(25)\/hitzewelle-in-deutschland-es-drohen-temperaturen-bis-zu-40-grad-celsius.jpg')\" decoding=\"async\"\/><img loading=\"lazy\" src=\"https:\/\/frankfurt.t-online.de\/s\/paper\/_next\/static\/media\/zoom-in.f7dae02f.svg\" alt=\"Vergr\u00f6\u00dfern des Bildes\" title=\"Vergr\u00f6\u00dfern des Bildes\" class=\"block h-[calc(var(--height)_\/_16_*_1rem)] w-[calc(var(--width)_\/_16_*_1rem)] max-w-none absolute right-8 bottom-8 rounded-4 bg-snow p-8\" style=\"--width:32;--height:32\" decoding=\"async\"\/><\/a><\/p>\n<p>Hitzewelle in Frankfurt: Es drohen Temperaturen bis knapp 40 Grad Celsius. (Quelle: IMAGO\/Rene Traut\/imago)<\/p>\n<p><img loading=\"lazy\" src=\"https:\/\/frankfurt.t-online.de\/s\/paper\/_next\/static\/media\/audio-volume.6689034c.svg\" alt=\"\" title=\"\" class=\"block h-[calc(var(--height)_\/_16_*_1rem)] w-[calc(var(--width)_\/_16_*_1rem)] max-w-none group-hover:brightness-0 group-hover:invert\" style=\"--width:16;--height:16\" decoding=\"async\"\/>Vorlesen<\/p>\n<p>Aktuelle Zeit:0:00Gesamtdauer:0:00<\/p>\n<p>1x<\/p>\n<p class=\"text-center\">Jetzt neu bei t-online:<\/p>\n<p class=\"text-center\">Schriftgr\u00f6\u00dfe anpassen!<\/p>\n<p><img loading=\"lazy\" src=\"https:\/\/frankfurt.t-online.de\/s\/paper\/_next\/static\/media\/font-sizes.32942e33.svg\" alt=\"\" title=\"\" class=\"block h-[calc(var(--height)_\/_16_*_1rem)] w-[calc(var(--width)_\/_16_*_1rem)] max-w-none group-hover:hidden group-aria-expanded:hidden\" style=\"--width:16;--height:16\" decoding=\"async\"\/><img loading=\"lazy\" src=\"https:\/\/frankfurt.t-online.de\/s\/paper\/_next\/static\/media\/font-sizes-dark-mode.e382645c.svg\" alt=\"\" title=\"\" class=\"block h-[calc(var(--height)_\/_16_*_1rem)] w-[calc(var(--width)_\/_16_*_1rem)] max-w-none hidden group-hover:block group-aria-expanded:block\" style=\"--width:16;--height:16\" decoding=\"async\"\/><img loading=\"lazy\" src=\"https:\/\/frankfurt.t-online.de\/s\/paper\/_next\/static\/media\/sharing-menu-icon.1eb71368.svg\" alt=\"\" title=\"\" class=\"block h-[calc(var(--height)_\/_16_*_1rem)] w-[calc(var(--width)_\/_16_*_1rem)] max-w-none group-hover:brightness-0 group-hover:invert\" style=\"--width:16;--height:16\" decoding=\"async\"\/>Artikel teilen<\/p>\n<p class=\"font-bold text-18 leading-17 user-text-lg:text-22 user-text-xl:text-24\">In Frankfurt bleibt es extrem hei\u00df. Am Freitagabend drohen zudem kr\u00e4ftige Gewitter mit Starkregen, Hagel und Sturmb\u00f6en.<\/p>\n<p class=\"text-18 leading-17 user-text-lg:text-22 user-text-xl:text-24\">In den kommenden Tagen bleibt es weiterhin extrem hei\u00df. Der Deutsche Wetterdienst erwartet am Freitag in Hessen schw\u00fclhei\u00dfe Temperaturen zwischen 32 und 38 Grad. In weiten Teilen des Landes gilt eine extreme, sonst eine starke W\u00e4rmebelastung.<\/p>\n<p class=\"text-18 leading-17 user-text-lg:text-22 user-text-xl:text-24\">In Frankfurt gilt am Freitag eine Hitzewarnung der Stufe 2. Hei\u00dft: Bis 19 Uhr erwarten die Meteorologen eine extreme W\u00e4rmebelastung. Die Meteorologen teilten mit: &#8222;Mit einer zus\u00e4tzlichen Belastung aufgrund verringerter n\u00e4chtlicher Abk\u00fchlung ist insbesondere im dicht bebauten Stadtgebiet von Frankfurt am Main zu rechnen.&#8220;<\/p>\n<p class=\"text-18 leading-17 user-text-lg:text-22 user-text-xl:text-24\">Besonders kritisch k\u00f6nnte der Freitagnachmittag und -abend werden. Dann sind laut DWD \u00f6rtlich Schauer und Gewitter wahrscheinlich. Dabei besteht Unwettergefahr. Auch in der Nacht zum Samstag k\u00f6nnen einzelne Gewitter noch anhalten.<\/p>\n<p>Starkregen und Sturmb\u00f6en m\u00f6glich<\/p>\n<p class=\"text-18 leading-17 user-text-lg:text-22 user-text-xl:text-24\">Bei Gewittern rechnet der DWD mit Starkregen zwischen 15 und 25 Litern pro Quadratmeter innerhalb einer Stunde. Vereinzelt kann es heftigen Starkregen bis 35 Liter pro Quadratmeter in kurzer Zeit geben. Ganz lokal seien sogar extreme Mengen von mehr als 40 Litern pro Quadratmeter nicht v\u00f6llig ausgeschlossen.<\/p>\n<p class=\"text-18 leading-17 user-text-lg:text-22 user-text-xl:text-24\">Dazu k\u00f6nnen st\u00fcrmische B\u00f6en um 70 Kilometer pro Stunde auftreten. Vereinzelt sind auch Sturmb\u00f6en bis schwere Sturmb\u00f6en zwischen 80 und 100 Kilometern pro Stunde m\u00f6glich. Zudem kann Hagel mit K\u00f6rnern bis zu drei Zentimetern fallen.<\/p>\n<p class=\"text-18 leading-17 user-text-lg:text-22 user-text-xl:text-24\">Der DWD r\u00e4t weiterhin dazu, Hitze nach M\u00f6glichkeit zu vermeiden, ausreichend Wasser zu trinken und Innenr\u00e4ume k\u00fchl zu halten. Besonders alte und pflegebed\u00fcrftige Menschen sowie Menschen mit Vorerkrankungen k\u00f6nnen durch die hohen Temperaturen gef\u00e4hrdet sein.<\/p>\n<p>Auch am Wochenende bleibt es hei\u00df<\/p>\n<p class=\"text-18 leading-17 user-text-lg:text-22 user-text-xl:text-24\">Eine schnelle Entspannung ist nicht in Sicht. Am Samstag bleibt es in Hessen schw\u00fclhei\u00df, erwartet werden 31 bis 37 Grad. Das Gewitterrisiko f\u00e4llt nach Einsch\u00e4tzung des DWD zwar etwas geringer aus als am Freitag. Vereinzelt k\u00f6nnen Gewitter aber erneut unwetterartig ausfallen.<\/p>\n<p class=\"text-18 leading-17 user-text-lg:text-22 user-text-xl:text-24\">Auch am Sonntag sind bei 28 bis 37 Grad gebietsweise Schauer und Gewitter m\u00f6glich, lokal erneut mit unwetterartigem Starkregen. Zum Wochenbeginn bleibt es hei\u00df bis sehr hei\u00df. Am Montag erwartet der DWD H\u00f6chstwerte zwischen 32 und 38 Grad.<\/p>\n<p class=\"text-18 leading-17 user-text-lg:text-22 user-text-xl:text-24\">Die Wetterlage betrifft auch Zehntausende Besucher der Helene-Fischer-Konzerte im Deutsche Bank Park. Die S\u00e4ngerin tritt am Freitag und Samstag in Frankfurt auf. Wegen der Hitze <a href=\"https:\/\/frankfurt.t-online.de\/region\/frankfurt-am-main\/id_101303968\/helene-fischer-in-frankfurt-veranstalter-passt-regeln-wegen-wetter-an.html\" class=\"transition-colors cursor-pointer no-underline md:hover:text-magenta md:focus:text-magenta border-b border-solid border-current text-salemsfur md:hover:border-magenta\" data-tracking=\"{&quot;action&quot;:&quot;click&quot;,&quot;category&quot;:&quot;intextLink&quot;,&quot;label&quot;:&quot;\/region\/frankfurt-am-main\/id_101303968\/helene-fischer-in-frankfurt-veranstalter-passt-regeln-wegen-wetter-an.html&quot;}\" data-sctrack=\"BodyAnchor\" rel=\"nofollow noopener\" target=\"_blank\">hat der Veranstalter bereits die Einlassregeln angepasst.<\/a><\/p>\n","protected":false},"excerpt":{"rendered":"Meteorologen warnen Hitzealarm in Frankfurt \u2013 auch schwere Gewitter m\u00f6glich 19.06.2026 &#8211; 13:59 UhrLesedauer: 2 Min. Hitzewelle in&hellip;\n","protected":false},"author":2,"featured_media":1106064,"comment_status":"","ping_status":"","sticky":false,"template":"","format":"standard","meta":{"footnotes":"","_share_on_mastodon":"0"},"categories":[1829],"tags":[522,3092,61817,950,29,2050,2051,30,19634,2052,73623,60973,18113,32438,1973,4907,10216,5415,25902],"class_list":["post-1106063","post","type-post","status-publish","format-standard","has-post-thumbnail","category-frankfurt-am-main","tag-522","tag-3092","tag-37-grad","tag-deutscher-wetterdienst","tag-deutschland","tag-frankfurt","tag-frankfurt-am-main","tag-germany","tag-gewitter","tag-hessen","tag-hitzealarm","tag-hitzetag","tag-hitzewelle","tag-sturmboee","tag-wetter","tag-wetteraussicht","tag-wetterbericht","tag-wetterprognose","tag-wetterwarnung"],"share_on_mastodon":{"url":"https:\/\/pubeurope.com\/@de\/116776708160907343","error":""},"_links":{"self":[{"href":"https:\/\/www.europesays.com\/de\/wp-json\/wp\/v2\/posts\/1106063","targetHints":{"allow":["GET"]}}],"collection":[{"href":"https:\/\/www.europesays.com\/de\/wp-json\/wp\/v2\/posts"}],"about":[{"href":"https:\/\/www.europesays.com\/de\/wp-json\/wp\/v2\/types\/post"}],"author":[{"embeddable":true,"href":"https:\/\/www.europesays.com\/de\/wp-json\/wp\/v2\/users\/2"}],"replies":[{"embeddable":true,"href":"https:\/\/www.europesays.com\/de\/wp-json\/wp\/v2\/comments?post=1106063"}],"version-history":[{"count":0,"href":"https:\/\/www.europesays.com\/de\/wp-json\/wp\/v2\/posts\/1106063\/revisions"}],"wp:featuredmedia":[{"embeddable":true,"href":"https:\/\/www.europesays.com\/de\/wp-json\/wp\/v2\/media\/1106064"}],"wp:attachment":[{"href":"https:\/\/www.europesays.com\/de\/wp-json\/wp\/v2\/media?parent=1106063"}],"wp:term":[{"taxonomy":"category","embeddable":true,"href":"https:\/\/www.europesays.com\/de\/wp-json\/wp\/v2\/categories?post=1106063"},{"taxonomy":"post_tag","embeddable":true,"href":"https:\/\/www.europesays.com\/de\/wp-json\/wp\/v2\/tags?post=1106063"}],"curies":[{"name":"wp","href":"https:\/\/api.w.org\/{rel}","templated":true}]}}