{"id":1106202,"date":"2026-06-19T13:27:19","date_gmt":"2026-06-19T13:27:19","guid":{"rendered":"https:\/\/www.europesays.com\/de\/1106202\/"},"modified":"2026-06-19T13:27:19","modified_gmt":"2026-06-19T13:27:19","slug":"nach-umzug-in-stuttgart-stadt-wartezeiten-in-zulassungsstelle-weit-mehr-als-halbiert","status":"publish","type":"post","link":"https:\/\/www.europesays.com\/de\/1106202\/","title":{"rendered":"Nach Umzug in Stuttgart: Stadt: Wartezeiten in Zulassungsstelle \u201eweit mehr als halbiert\u201c"},"content":{"rendered":"<p>\t\t\t\t\t\t\t\t\t\t\t\t\t\t\t\t\t\t\t\t\t\t\t\t\t\t\t\t      \t\t            \t\t             \t\t\t\t   \t\t\t\t\t   <img decoding=\"async\" id=\"article-image\" fetchpriority=\"high\" alt=\"Nach Umzug in Stuttgart: Stadt: Wartezeiten in Zulassungsstelle \u201eweit mehr als halbiert\u201c\" title=\"Nach Umzug in Stuttgart: Stadt: Wartezeiten in Zulassungsstelle \u201eweit mehr als halbiert\u201c\" src=\"https:\/\/www.europesays.com\/de\/wp-content\/uploads\/2026\/06\/media.media.129075e0-c03a-4dee-b0b2-7ce6ef912042.16x9_700.jpg\" data-linkto=\"https:\/\/www.stuttgarter-nachrichten.de\/javascript:void(0);\"\/>\t\t\t\t\t\t\t\t\t\t\t\t\t\t\t\t\t\t\t\t\t\t\t\tDie neue KFZ-Zulassungs- und F\u00fchrerscheinstelle in Bad Cannstatt soll die Abl\u00e4ufe f\u00fcr Personal und Kunden verbessern.\u00a0Foto: Lichtgut\/Max Kovalenko\t\t\t<\/p>\n<p>Seit 100 Tagen hat die neue Stuttgarter KFZ-Zulassungs- und F\u00fchrerscheinstelle ge\u00f6ffnet. Dort soll alles besser werden. Das scheint zu gelingen.<\/p>\n<p> <a href=\"https:\/\/www.stuttgarter-nachrichten.de\/inhalt.neue-zulassungsstelle-in-stuttgart-nicht-mehr-auf-schreibtisch-vespern-so-soll-alles-besser-werden.2c507832-0293-4373-9aa6-aa9b2b58d44d.html\" target=\"_blank\" rel=\"nofollow noopener\">Der Ruf der Stuttgarter KFZ-Zulassungs- und F\u00fchrerscheinstelle<\/a> ist, gelinde gesagt, miserabel. \u00dcber Jahre klagten die Kunden \u00fcber lange Wartezeiten, ein Sicherheitsdienst musste f\u00fcr Ordnung sorgen, Gesch\u00e4ftemacher boten in der Schlange an, gegen Geld das Warten zu \u00fcbernehmen. Zeitweise campierten die Menschen mitten in der Nacht vor dem Geb\u00e4ude in der Feuerbacher Krailenshaldenstra\u00dfe, um ihre Chancen zu erh\u00f6hen, am Morgen auch dranzukommen. Eine unhaltbare Situation sowohl f\u00fcr die B\u00fcrgerinnen und B\u00fcrger, als auch f\u00fcr das Personal, an dem es stets mangelte.<\/p>\n<p>Nun soll alles anders werden. Vor hundert Tagen ist die Zulassungs- und F\u00fchrerscheinstelle nach <a href=\"https:\/\/www.stuttgarter-nachrichten.de\/thema\/Stuttgart-Bad_Cannstatt\" title=\"Bad Cannstatt\" class=\"art_thema\" rel=\"nofollow noopener\" target=\"_blank\">Bad Cannstatt<\/a> umgezogen. Im Geb\u00e4ude L\u00f6wentorbogen 11 verlief der Start allerdings holprig: Wegen der vorausgegangenen Schlie\u00dfung f\u00fcr den <a href=\"https:\/\/www.stuttgarter-nachrichten.de\/thema\/Umzug\" title=\"Umzug\" class=\"art_thema\" rel=\"nofollow noopener\" target=\"_blank\">Umzug<\/a> war der Andrang dort anfangs enorm. Es bildeten sich die vertrauten langen Schlangen, Kunden klagten \u00fcber enorme Wartezeiten und M\u00fcll. Die Stadt bat sogar \u00f6ffentlich darum, erst einmal nicht zu kommen.<\/p>\n<p>Es kommen kaum noch Klagen <\/p>\n<p>Gut drei Monate sp\u00e4ter hat sich die Lage offenbar entspannt. Klagen sind kaum noch zu vernehmen, Fotos mit endlosen Schlangen scheinen der Vergangenheit anzugeh\u00f6ren. Bei Stippvisiten an verschiedenen Tagen stehen maximal 20 bis 30 Wartende vor der T\u00fcr.<\/p>\n<p>Das liegt auch daran, dass viele Dienstleistungen inzwischen von der Stadt online angeboten werden. Manche kann man auch in den B\u00fcrgerb\u00fcros erledigen. Die <a href=\"https:\/\/www.stuttgart.de\/service\/oeffnungszeiten\/termine-bei-der-fuehrerscheinstelle\" target=\"_blank\" rel=\"nofollow noopener\">F\u00fchrerscheinstelle kann man seit vergangenem November nur noch mit Terminbuchung<\/a> besuchen. Eine <a href=\"https:\/\/www.stuttgart.de\/kfz-zulassung-termine\" target=\"_blank\" rel=\"nofollow noopener\">Online-Terminvergabe gibt es auch f\u00fcr die Zulassungsstelle<\/a>, dort kann man zu den \u00d6ffnungszeiten allerdings auch spontan vorbeischauen.<\/p>\n<p>\u201eDie Terminvergabe l\u00e4uft gut. Die angebotenen Termine werden meist vollst\u00e4ndig gebucht\u201c, hei\u00dft es im <a href=\"https:\/\/www.stuttgart.de\/organigramm\/verwaltungseinheit\/amt-fuer-oeffentliche-ordnung\" target=\"_blank\" rel=\"nofollow noopener\">Amt f\u00fcr \u00f6ffentliche Ordnung<\/a>. Oft w\u00fcrden kurzfristig, je nach Personalbesetzung, noch f\u00fcr den aktuellen Tag zus\u00e4tzliche Termine freigegeben. Dies entspanne die Lage und werde gerne in Anspruch genommen. Gleichwohl kann es nach wie vor Situationen geben, in denen es schwierig ist, zeitnah einen Termin zu bekommen.<\/p>\n<p>Ma\u00dfnahmen zur weiteren Verringerung der Wartezeiten w\u00fcrden regelm\u00e4\u00dfig gepr\u00fcft <\/p>\n<p>Auch in den neuen R\u00e4umen scheint es mittlerweile zu laufen. \u201eDie Prozesse und Abl\u00e4ufe haben sich sehr gut eingespielt. Weiterhin wird dauerhaft an der Optimierung der Abl\u00e4ufe gearbeitet\u201c, hei\u00dft es bei der Stadt. Die Wartezeiten bei der Kfz-<a href=\"https:\/\/www.stuttgarter-nachrichten.de\/thema\/Zulassungsstelle\" title=\"Zulassungsstelle\" class=\"art_thema\" rel=\"nofollow noopener\" target=\"_blank\">Zulassungsstelle<\/a> \u201ehaben sich mittlerweile weit mehr als halbiert, abh\u00e4ngig von der jeweiligen Personalbesetzung\u201c. Ma\u00dfnahmen zur weiteren Verringerung der Wartezeiten w\u00fcrden regelm\u00e4\u00dfig gepr\u00fcft. Weil f\u00fcr den Besuch der F\u00fchrerscheinstelle eine vorherige Terminbuchung erforderlich ist, gebe es dort in der Regel keine nennenswerten Wartezeiten vor Ort.<\/p>\n<p>  <img decoding=\"async\" loading=\"lazy\" src=\"https:\/\/www.europesays.com\/de\/wp-content\/uploads\/2026\/06\/media.media.e484faef-ea20-4a6e-9b32-04bf52ee4578.original1024.media.jpeg\"\/>     Lange Schlangen vor der alten Zulassungsstelle in   <a href=\"https:\/\/www.stuttgarter-nachrichten.de\/thema\/Feuerbach\" title=\"Feuerbach\" class=\"art_thema\" rel=\"nofollow noopener\" target=\"_blank\">Feuerbach<\/a> &#8211; sie sollen in Bad Cannstatt der Vergangenheit angeh\u00f6ren.    Foto: Lichtgut\/Leif Piechowski    <\/p>\n<p>Offenbar wissen das auch die Nutzer zu sch\u00e4tzen. \u201eDie R\u00fcckmeldungen der Kundschaft sind \u00fcberwiegend positiv\u201c, hei\u00dft es im Ordnungsamt. Allerdings gibt es nach wie vor kritische Punkte. Schilderpr\u00e4ger etwa haben sich im Umfeld der neuen R\u00e4ume in Bad Cannstatt immer noch nicht angesiedelt. Die finden sich nach wie vor in Feuerbach am alten Standort.<\/p>\n<p>Fest steht: Die Richtung stimmt. Wenn sich die Abl\u00e4ufe und die Personallage weiter verbessern, bestehen gute Aussichten, dass der miserable Ruf der Stuttgarter KFZ-Zulassungs- und F\u00fchrerscheinstelle bald der Vergangenheit angeh\u00f6rt.<\/p>\n","protected":false},"excerpt":{"rendered":"Die neue KFZ-Zulassungs- und F\u00fchrerscheinstelle in Bad Cannstatt soll die Abl\u00e4ufe f\u00fcr Personal und Kunden verbessern.\u00a0Foto: Lichtgut\/Max Kovalenko&hellip;\n","protected":false},"author":2,"featured_media":1106203,"comment_status":"","ping_status":"","sticky":false,"template":"","format":"standard","meta":{"footnotes":"","_share_on_mastodon":"0"},"categories":[1830],"tags":[5934,1634,3364,29,28095,94057,30,217442,231720,229190,1441,5251,16259,84746],"class_list":["post-1106202","post","type-post","status-publish","format-standard","has-post-thumbnail","category-stuttgart","tag-umzug","tag-baden-wuerttemberg","tag-de","tag-deutschland","tag-feuerbach","tag-fuehrerscheinstelle","tag-germany","tag-juergen-bock","tag-lichtgut","tag-max-kovalenko","tag-stuttgart","tag-stuttgart-bad-cannstatt","tag-wartezeit","tag-zulassungsstelle"],"share_on_mastodon":{"url":"https:\/\/pubeurope.com\/@de\/116777009063050045","error":""},"_links":{"self":[{"href":"https:\/\/www.europesays.com\/de\/wp-json\/wp\/v2\/posts\/1106202","targetHints":{"allow":["GET"]}}],"collection":[{"href":"https:\/\/www.europesays.com\/de\/wp-json\/wp\/v2\/posts"}],"about":[{"href":"https:\/\/www.europesays.com\/de\/wp-json\/wp\/v2\/types\/post"}],"author":[{"embeddable":true,"href":"https:\/\/www.europesays.com\/de\/wp-json\/wp\/v2\/users\/2"}],"replies":[{"embeddable":true,"href":"https:\/\/www.europesays.com\/de\/wp-json\/wp\/v2\/comments?post=1106202"}],"version-history":[{"count":0,"href":"https:\/\/www.europesays.com\/de\/wp-json\/wp\/v2\/posts\/1106202\/revisions"}],"wp:featuredmedia":[{"embeddable":true,"href":"https:\/\/www.europesays.com\/de\/wp-json\/wp\/v2\/media\/1106203"}],"wp:attachment":[{"href":"https:\/\/www.europesays.com\/de\/wp-json\/wp\/v2\/media?parent=1106202"}],"wp:term":[{"taxonomy":"category","embeddable":true,"href":"https:\/\/www.europesays.com\/de\/wp-json\/wp\/v2\/categories?post=1106202"},{"taxonomy":"post_tag","embeddable":true,"href":"https:\/\/www.europesays.com\/de\/wp-json\/wp\/v2\/tags?post=1106202"}],"curies":[{"name":"wp","href":"https:\/\/api.w.org\/{rel}","templated":true}]}}