{"id":1106211,"date":"2026-06-19T13:32:18","date_gmt":"2026-06-19T13:32:18","guid":{"rendered":"https:\/\/www.europesays.com\/de\/1106211\/"},"modified":"2026-06-19T13:32:18","modified_gmt":"2026-06-19T13:32:18","slug":"koeln-mord-aus-grausamkeit-angeklagter-fordert-neue-identitaet-vor-gericht","status":"publish","type":"post","link":"https:\/\/www.europesays.com\/de\/1106211\/","title":{"rendered":"K\u00f6ln: Mord aus Grausamkeit \u2013 Angeklagter fordert neue Identit\u00e4t vor Gericht"},"content":{"rendered":"<p>Mann soll Freundin get\u00f6tet haben <\/p>\n<p>&#8222;Mord aus Grausamkeit&#8220; vor Gericht: &#8222;Ich habe sie geliebt&#8220;<\/p>\n<p>19.06.2026 &#8211; 15:28 UhrLesedauer: 2 Min.<\/p>\n<p><a href=\"#focus-0\" class=\"transition-colors block text-current relative\" data-sctrack=\"FocusGalleryImage.Reference\"><img fetchpriority=\"high\" data-testid=\"Opener.Image\"   loading=\"eager\" src=\"https:\/\/www.europesays.com\/de\/wp-content\/uploads\/2026\/06\/landgericht-und-amtsgericht-im-justizzentrum-koeln-haupteingang-zum-landgericht-und-amtsgericht-im-j.jpeg\" alt=\"imago images 0258842880\" title=\"imago images 0258842880\" width=\"3455\" height=\"1944\" class=\"bg-[url:var(--lqipURL)] bg-cover bg-center flex h-full w-full max-w-full\" style=\"--lqipURL:url('https:\/\/images.t-online.de\/2023\/11\/39zNebz01kcD\/451x671:3455x1944\/fit-in\/150x0\/filters:blur(25)\/landgericht-und-amtsgericht-im-justizzentrum-koeln-haupteingang-zum-landgericht-und-amtsgericht-im-justizzentrum-koeln-copyright-xzoonar-com-gerdxharderx-20191901.jpg')\" decoding=\"async\"\/><img loading=\"lazy\" src=\"https:\/\/koeln.t-online.de\/s\/paper\/_next\/static\/media\/zoom-in.f7dae02f.svg\" alt=\"Vergr\u00f6\u00dfern des Bildes\" title=\"Vergr\u00f6\u00dfern des Bildes\" class=\"block h-[calc(var(--height)_\/_16_*_1rem)] w-[calc(var(--width)_\/_16_*_1rem)] max-w-none absolute right-8 bottom-8 rounded-4 bg-snow p-8\" style=\"--width:32;--height:32\" decoding=\"async\"\/><\/a><\/p>\n<p>Landgericht und Amtsgericht im Justizzentrum K\u00f6ln (Archivbild): Der Prozess l\u00e4uft voraussichtlich bis September. (Quelle: IMAGO\/Zoonar.com\/Gerd Harder\/imago-images-bilder)<\/p>\n<p><img loading=\"lazy\" src=\"https:\/\/koeln.t-online.de\/s\/paper\/_next\/static\/media\/audio-volume.6689034c.svg\" alt=\"\" title=\"\" class=\"block h-[calc(var(--height)_\/_16_*_1rem)] w-[calc(var(--width)_\/_16_*_1rem)] max-w-none group-hover:brightness-0 group-hover:invert\" style=\"--width:16;--height:16\" decoding=\"async\"\/>Vorlesen<\/p>\n<p>Aktuelle Zeit:0:00Gesamtdauer:0:00<\/p>\n<p>1x<\/p>\n<p class=\"text-center\">Jetzt neu bei t-online:<\/p>\n<p class=\"text-center\">Schriftgr\u00f6\u00dfe anpassen!<\/p>\n<p><img loading=\"lazy\" src=\"https:\/\/koeln.t-online.de\/s\/paper\/_next\/static\/media\/font-sizes.32942e33.svg\" alt=\"\" title=\"\" class=\"block h-[calc(var(--height)_\/_16_*_1rem)] w-[calc(var(--width)_\/_16_*_1rem)] max-w-none group-hover:hidden group-aria-expanded:hidden\" style=\"--width:16;--height:16\" decoding=\"async\"\/><img loading=\"lazy\" src=\"https:\/\/koeln.t-online.de\/s\/paper\/_next\/static\/media\/font-sizes-dark-mode.e382645c.svg\" alt=\"\" title=\"\" class=\"block h-[calc(var(--height)_\/_16_*_1rem)] w-[calc(var(--width)_\/_16_*_1rem)] max-w-none hidden group-hover:block group-aria-expanded:block\" style=\"--width:16;--height:16\" decoding=\"async\"\/><img loading=\"lazy\" src=\"https:\/\/koeln.t-online.de\/s\/paper\/_next\/static\/media\/sharing-menu-icon.1eb71368.svg\" alt=\"\" title=\"\" class=\"block h-[calc(var(--height)_\/_16_*_1rem)] w-[calc(var(--width)_\/_16_*_1rem)] max-w-none group-hover:brightness-0 group-hover:invert\" style=\"--width:16;--height:16\" decoding=\"async\"\/>Artikel teilen<\/p>\n<p class=\"font-bold text-18 leading-17 user-text-lg:text-22 user-text-xl:text-24\">Ein Mann aus Leverkusen muss sich wegen Mordes vor dem K\u00f6lner Landgericht verantworten. Er soll seine Lebensgef\u00e4hrtin brutal get\u00f6tet haben.<\/p>\n<p class=\"text-18 leading-17 user-text-lg:text-22 user-text-xl:text-24\">Seit Freitag muss sich ein 34-j\u00e4hriger Leverkusener vor dem K\u00f6lner Landgericht verantworten. Die Staatsanwaltschaft wirft ihm Mord aus Grausamkeit sowie K\u00f6rperverletzung vor. Er soll im November 2025 seine Lebensgef\u00e4hrtin in einem Streit unter anderem mit einer Hantel so schwer am Kopf verletzt haben, dass die Frau kurz darauf verblutete.<\/p>\n<p class=\"text-18 leading-17 user-text-lg:text-22 user-text-xl:text-24\">Weil der Angeklagte zur Tatzeit erheblich unter dem Einfluss von Alkohol und Cannabis gestanden haben soll, geht die Staatsanwaltschaft von verminderter Schuldf\u00e4higkeit aus. Die Anklagebeh\u00f6rde fordert neben einer Verurteilung wegen Mordes auch die Unterbringung des Mannes in einer Entziehungsanstalt. Zu den Vorw\u00fcrfen \u00e4u\u00dferte sich der Angeklagte zun\u00e4chst nicht.<\/p>\n<p>Anklage spricht von &#8222;gef\u00fchlloser Gesinnung&#8220;<\/p>\n<p class=\"text-18 leading-17 user-text-lg:text-22 user-text-xl:text-24\">Laut der Anklage soll der Mann seine Lebensgef\u00e4hrtin Mitte November zun\u00e4chst in seiner Wohnung in Leverkusen ins Gesicht geschlagen haben. F\u00fcnf Tage sp\u00e4ter soll ein Streit dann in einen Gewaltexzess gem\u00fcndet sein: Der Mann habe der Frau laut Anklage mit einer Hantel in &#8222;gef\u00fchlloser Gesinnung&#8220; mindestens sechsmal gegen den Kopf geschlagen.<\/p>\n<p class=\"text-18 leading-17 user-text-lg:text-22 user-text-xl:text-24\">Zudem soll der Angeklagte seine Lebensgef\u00e4hrtin laut Anklage mit einem nicht n\u00e4her bekannten stumpfen Gegenstand sowie mit den F\u00e4usten wiederholt auf Kopf und Gesicht geschlagen haben. Der 34-J\u00e4hrige habe der Frau dadurch &#8222;erhebliche Schmerzen und Qualen&#8220; zugef\u00fcgt, die &#8222;\u00fcber das f\u00fcr die T\u00f6tung erforderliche Ma\u00df&#8220; hinausgegangen seien.<\/p>\n<p>Schl\u00e4ge und Tritte ins Gesicht \u2013 Gewaltexzess in Leverkusen<\/p>\n<p class=\"text-18 leading-17 user-text-lg:text-22 user-text-xl:text-24\">Nach dem hohen Blutverlust seiner Freundin infolge schwerer Sch\u00e4delverletzungen soll der Angeklagte die Frau ins Bad getragen, sie ausgezogen und abgeduscht haben \u2013 dabei habe er Videoaufnahmen gemacht. Danach soll er sie zur\u00fcck in den Wohn- und Schlafbereich gebracht und auf eine Matratze gelegt haben.<\/p>\n<p class=\"text-18 leading-17 user-text-lg:text-22 user-text-xl:text-24\">Nach weiteren Faustschl\u00e4gen ins Gesicht soll der Angeklagte die Frau schlie\u00dflich noch mehrfach mit dem beschuhten Fu\u00df brutal ins Gesicht getreten haben. Die Gesch\u00e4digte starb noch am Tatort.<\/p>\n<p>Landgericht K\u00f6ln: Angeklagter will neue Identit\u00e4t<\/p>\n<p class=\"text-18 leading-17 user-text-lg:text-22 user-text-xl:text-24\">Der Prozess startete mit rund 30 Minuten Versp\u00e4tung. Grund war ein Antrag des Angeklagten auf Ausschluss der \u00d6ffentlichkeit. &#8222;Ich m\u00f6chte nicht, dass das im Internet steht. Das ist eine Schande&#8220;, sagte der Mann. Au\u00dferdem bat er das Gericht um eine neue Identit\u00e4t, da er Racheakte bef\u00fcrchte. &#8222;Ich habe sie unendlich geliebt. Ich wei\u00df nicht, was ich getan habe&#8220;, erkl\u00e4rte der 34-J\u00e4hrige.<\/p>\n<p class=\"text-18 leading-17 user-text-lg:text-22 user-text-xl:text-24\">Das Gericht lehnte einen Ausschluss der \u00d6ffentlichkeit ab. Das &#8222;Informationsbed\u00fcrfnis der \u00d6ffentlichkeit&#8220; \u00fcberwiege in diesem Fall die &#8222;schutzw\u00fcrdigen Interessen des Angeklagten&#8220;. Den Antrag auf eine neue Identit\u00e4t wies das Gericht zudem wegen Nichtzust\u00e4ndigkeit zur\u00fcck.<\/p>\n<p class=\"text-18 leading-17 user-text-lg:text-22 user-text-xl:text-24\">Der Prozess ist auf neun weitere Verhandlungstage angesetzt und l\u00e4uft voraussichtlich bis Anfang September.<\/p>\n","protected":false},"excerpt":{"rendered":"Mann soll Freundin get\u00f6tet haben &#8222;Mord aus Grausamkeit&#8220; vor Gericht: &#8222;Ich habe sie geliebt&#8220; 19.06.2026 &#8211; 15:28 UhrLesedauer:&hellip;\n","protected":false},"author":2,"featured_media":1106212,"comment_status":"","ping_status":"","sticky":false,"template":"","format":"standard","meta":{"footnotes":"","_share_on_mastodon":"0"},"categories":[1828],"tags":[722,1601,652,29,30,132339,47529,1420,682,4933,2375,2183,1209,1997],"class_list":["post-1106211","post","type-post","status-publish","format-standard","has-post-thumbnail","category-koeln","tag-722","tag-amtsgericht","tag-cannabis","tag-deutschland","tag-germany","tag-grausamkeit","tag-justizzentrum","tag-koeln","tag-koerperverletzung","tag-landgericht","tag-leverkusen","tag-mord","tag-nordrhein-westfalen","tag-staatsanwaltschaft"],"share_on_mastodon":{"url":"https:\/\/pubeurope.com\/@de\/116777030551661264","error":""},"_links":{"self":[{"href":"https:\/\/www.europesays.com\/de\/wp-json\/wp\/v2\/posts\/1106211","targetHints":{"allow":["GET"]}}],"collection":[{"href":"https:\/\/www.europesays.com\/de\/wp-json\/wp\/v2\/posts"}],"about":[{"href":"https:\/\/www.europesays.com\/de\/wp-json\/wp\/v2\/types\/post"}],"author":[{"embeddable":true,"href":"https:\/\/www.europesays.com\/de\/wp-json\/wp\/v2\/users\/2"}],"replies":[{"embeddable":true,"href":"https:\/\/www.europesays.com\/de\/wp-json\/wp\/v2\/comments?post=1106211"}],"version-history":[{"count":0,"href":"https:\/\/www.europesays.com\/de\/wp-json\/wp\/v2\/posts\/1106211\/revisions"}],"wp:featuredmedia":[{"embeddable":true,"href":"https:\/\/www.europesays.com\/de\/wp-json\/wp\/v2\/media\/1106212"}],"wp:attachment":[{"href":"https:\/\/www.europesays.com\/de\/wp-json\/wp\/v2\/media?parent=1106211"}],"wp:term":[{"taxonomy":"category","embeddable":true,"href":"https:\/\/www.europesays.com\/de\/wp-json\/wp\/v2\/categories?post=1106211"},{"taxonomy":"post_tag","embeddable":true,"href":"https:\/\/www.europesays.com\/de\/wp-json\/wp\/v2\/tags?post=1106211"}],"curies":[{"name":"wp","href":"https:\/\/api.w.org\/{rel}","templated":true}]}}