{"id":1106236,"date":"2026-06-19T13:46:17","date_gmt":"2026-06-19T13:46:17","guid":{"rendered":"https:\/\/www.europesays.com\/de\/1106236\/"},"modified":"2026-06-19T13:46:17","modified_gmt":"2026-06-19T13:46:17","slug":"fernsehkrimi-berliner-tatort-aljinovic-kehrt-fuer-eine-folge-zurueck","status":"publish","type":"post","link":"https:\/\/www.europesays.com\/de\/1106236\/","title":{"rendered":"Fernsehkrimi: Berliner \u00abTatort\u00bb: Aljinovic kehrt f\u00fcr eine Folge zur\u00fcck"},"content":{"rendered":"<p class=\"paragraph article__item\">Nach mehr als zehn Jahren kehrt Boris Aljinovic (58) nochmal f\u00fcr eine Folge als Berliner \u00ab<a class=\"rtr-entity\" href=\"https:\/\/www.zeit.de\/thema\/tatort\" rel=\"nofollow noopener\" target=\"_blank\">Tatort<\/a>\u00bb-Ermittler zur\u00fcck. Anfang 2027 soll er gemeinsam mit dem aktuellen Kommissar Mark Waschke einen neuen Fall im Fernsehen l\u00f6sen, wie der Rundfunk Berlin-Brandenburg (rbb) mitteilte.\n<\/p>\n<p>Aktuelles<\/p>\n<p>                <a href=\"https:\/\/www.zeit.de\/gesellschaft\/zeitgeschehen\/2026-05\/rbb-schlesinger-skandal-formen-mohr-klage\" data-ct-label=\"Rundfunk Berlin-Brandenburg: Gericht best\u00e4tigt Entlassung ehemaliger RBB-Leiterin als rechtm\u00e4\u00dfig\" data-uuid=\"51eab33a-5242-4f8a-8f0c-cc3019f932bb\" rel=\"nofollow noopener\" target=\"_blank\"><\/p>\n<p>                        Rundfunk Berlin-Brandenburg:<br \/>\n                        Gericht best\u00e4tigt Entlassung ehemaliger RBB-Leiterin als rechtm\u00e4\u00dfig<\/p>\n<p>                <\/a><\/p>\n<p>                <a href=\"https:\/\/www.zeit.de\/entdecken\/2026-06\/reinhard-mey-musik-wochenende-tipps-podcast-audio\" data-ct-label=\"\u00bbUnd was machst du am Wochenende?\u00ab: \u00bbKeiner hat an \u203a\u00dcber den Wolken\u2039 geglaubt\u00ab\" data-uuid=\"8cd739d6-7ca7-435a-962d-86a0756c4ad0\" rel=\"nofollow noopener\" target=\"_blank\"><\/p>\n<p>                        \u00bbUnd was machst du am Wochenende?\u00ab:<br \/>\n                        \u00bbKeiner hat an \u203a\u00dcber den Wolken\u2039 geglaubt\u00ab<\/p>\n<p>                <\/a><\/p>\n<p>                <a href=\"https:\/\/www.zeit.de\/politik\/ausland\/2026-06\/sexuelle-gewalt-kinder-frankreich-justiz-kommission-ciivise-gxe\" data-ct-label=\"Frankreich: Kommission fordert h\u00e4rtere Verfolgung sexueller Gewalt gegen Kinder\" data-uuid=\"45c01c89-1d8f-46d9-8daf-aeb781ee1185\" rel=\"nofollow noopener\" target=\"_blank\"><\/p>\n<p>                        Frankreich:<br \/>\n                        Kommission fordert h\u00e4rtere Verfolgung sexueller Gewalt gegen Kinder<\/p>\n<p>                <\/a><\/p>\n<p class=\"paragraph article__item\">Im Berliner Sonntagskrimi ermittelt <a class=\"rtr-entity\" href=\"https:\/\/www.zeit.de\/thema\/mark-waschke\" rel=\"nofollow noopener\" target=\"_blank\">Waschke<\/a> derzeit alleine, weil seine Kollegin Corinna Harfouch wie geplant nach sechs Folgen aus dem \u00abTatort\u00bb ausgestiegen ist. Wer ihr nachfolgen soll, ist bisher nicht bekannt.\n<\/p>\n<p class=\"paragraph article__item\">Waschkes Figur Robert Karow holt sich nun f\u00fcr seinen neuen Fall Hilfe bei seinem Vorg\u00e4nger, wie der <a class=\"rtr-entity\" href=\"https:\/\/www.zeit.de\/thema\/rbb\" rel=\"nofollow noopener\" target=\"_blank\">rbb<\/a> zum Drehstart mitteilte. Aljinovic hatte von 2001 bis 2014 den Ermittler Felix Stark gespielt.\n<\/p>\n<p class=\"paragraph article__item\">Im neuen Film will Karow ihn nun aufsp\u00fcren, um mit Hilfe fr\u00fcherer Ermittlungen einem mutma\u00dflichen Serienm\u00f6rder auf die Spur zu kommen. Die Dreharbeiten zur neuen Folge \u00abZwei minus Eins gleich Null\u00bb h\u00e4tten Mitte Juni begonnen und sollen bis Mitte Juli dauern, wie der rbb weiter mitteilte.\n<\/p>\n<p class=\"paragraph article__item\">\u00a9 dpa-infocom, dpa:260619-930-250812\/1<\/p>\n","protected":false},"excerpt":{"rendered":"Nach mehr als zehn Jahren kehrt Boris Aljinovic (58) nochmal f\u00fcr eine Folge als Berliner \u00abTatort\u00bb-Ermittler zur\u00fcck. Anfang&hellip;\n","protected":false},"author":2,"featured_media":1106237,"comment_status":"","ping_status":"","sticky":false,"template":"","format":"standard","meta":{"footnotes":"","_share_on_mastodon":"0"},"categories":[1773],"tags":[234284,29,214,1473,30,11203,15,2239,471,1780,218,215],"class_list":["post-1106236","post","type-post","status-publish","format-standard","has-post-thumbnail","category-serien","tag-boris-aljinovic","tag-deutschland","tag-entertainment","tag-fernsehkrimi","tag-germany","tag-mark-waschke","tag-news","tag-rbb","tag-serien","tag-series","tag-tatort","tag-unterhaltung"],"share_on_mastodon":{"url":"https:\/\/pubeurope.com\/@de\/116777083722933815","error":""},"_links":{"self":[{"href":"https:\/\/www.europesays.com\/de\/wp-json\/wp\/v2\/posts\/1106236","targetHints":{"allow":["GET"]}}],"collection":[{"href":"https:\/\/www.europesays.com\/de\/wp-json\/wp\/v2\/posts"}],"about":[{"href":"https:\/\/www.europesays.com\/de\/wp-json\/wp\/v2\/types\/post"}],"author":[{"embeddable":true,"href":"https:\/\/www.europesays.com\/de\/wp-json\/wp\/v2\/users\/2"}],"replies":[{"embeddable":true,"href":"https:\/\/www.europesays.com\/de\/wp-json\/wp\/v2\/comments?post=1106236"}],"version-history":[{"count":0,"href":"https:\/\/www.europesays.com\/de\/wp-json\/wp\/v2\/posts\/1106236\/revisions"}],"wp:featuredmedia":[{"embeddable":true,"href":"https:\/\/www.europesays.com\/de\/wp-json\/wp\/v2\/media\/1106237"}],"wp:attachment":[{"href":"https:\/\/www.europesays.com\/de\/wp-json\/wp\/v2\/media?parent=1106236"}],"wp:term":[{"taxonomy":"category","embeddable":true,"href":"https:\/\/www.europesays.com\/de\/wp-json\/wp\/v2\/categories?post=1106236"},{"taxonomy":"post_tag","embeddable":true,"href":"https:\/\/www.europesays.com\/de\/wp-json\/wp\/v2\/tags?post=1106236"}],"curies":[{"name":"wp","href":"https:\/\/api.w.org\/{rel}","templated":true}]}}