{"id":1106370,"date":"2026-06-19T15:00:17","date_gmt":"2026-06-19T15:00:17","guid":{"rendered":"https:\/\/www.europesays.com\/de\/1106370\/"},"modified":"2026-06-19T15:00:17","modified_gmt":"2026-06-19T15:00:17","slug":"wetter-berlin-und-brandenburg-wappnen-sich-fuer-hitze-wochenende","status":"publish","type":"post","link":"https:\/\/www.europesays.com\/de\/1106370\/","title":{"rendered":"Wetter: Berlin und Brandenburg wappnen sich f\u00fcr Hitze-Wochenende"},"content":{"rendered":"<p class=\"paragraph article__item\">Extremes Sommerwetter beherrscht derzeit Berlin und <a class=\"rtr-entity\" href=\"https:\/\/www.zeit.de\/thema\/brandenburg\" rel=\"nofollow noopener\" target=\"_blank\">Brandenburg<\/a>. Das Bundesamt f\u00fcr Bev\u00f6lkerungsschutz und Katastrophenhilfe warnt vor allem f\u00fcr Samstag vor extremer Hitze mit Temperaturen bis zu 35 Grad. Der Deutsche Wetterdienst (DWD) erwartet \u00fcber das gesamte Wochenende Werte von mehr als 30 Grad.\n<\/p>\n<p>Aktuelles<\/p>\n<p>                <a href=\"https:\/\/www.zeit.de\/wissenschaft\/umwelt\/2026-06\/hitzewarnung-dwd-extreme-hitze-deutschland-gxe\" data-ct-label=\"Hitzewarnungen: Wetterdienst weitet Hitzewarnung auf ganz Deutschland aus\" data-uuid=\"5399c6c3-bc71-4c7f-82da-f5d4bcc6ddfc\" rel=\"nofollow noopener\" target=\"_blank\"><\/p>\n<p>                        Hitzewarnungen:<br \/>\n                        Wetterdienst weitet Hitzewarnung auf ganz Deutschland aus<\/p>\n<p>                <\/a><\/p>\n<p>                <a href=\"https:\/\/www.zeit.de\/gesellschaft\/zeitgeschehen\/2026-06\/hitzewelle-deutschland-dwd-hitzewarnung-gxe\" data-ct-label=\"Hitzewelle in Deutschland: Deutscher Wetterdienst warnt vor starker Hitze im S\u00fcdwesten\" data-uuid=\"c4969e06-ea32-4c21-a887-9d6b20d0b605\" rel=\"nofollow noopener\" target=\"_blank\"><\/p>\n<p>                        Hitzewelle in Deutschland:<br \/>\n                        Deutscher Wetterdienst warnt vor starker Hitze im S\u00fcdwesten<\/p>\n<p>                <\/a><\/p>\n<p>                <a href=\"https:\/\/www.zeit.de\/gesundheit\/2026-06\/hitze-europa-who-hitzetote-klimawandel-gxe\" data-ct-label=\"Hitze in Europa: WHO fordert besseren Hitzeschutz f\u00fcr Bev\u00f6lkerung in Europa\" data-uuid=\"92fea6d2-3792-49a4-aa73-115e04d0a254\" rel=\"nofollow noopener\" target=\"_blank\"><\/p>\n<p>                        Hitze in Europa:<br \/>\n                        WHO fordert besseren Hitzeschutz f\u00fcr Bev\u00f6lkerung in Europa<\/p>\n<p>                <\/a><\/p>\n<p class=\"paragraph article__item\">Am Freitag k\u00f6nnen in Brandenburg starke Gewitter hinzukommen. F\u00fcr die Uckermark galt zun\u00e4chst eine amtliche Unwetterwarnung vor schwerem Gewitter mit heftigem Starkregen und Hagel, die aufgehoben wurde.\u00a0\n<\/p>\n<p class=\"paragraph article__item\">In den Landkreisen M\u00e4rkisch-Oderland, Oder-Spree, Dahme-Spreewald, Elbe-Elster, Oberspreewald-Lausitz und Spree-Nei\u00dfe gab es lokal abgeschw\u00e4chte einfache amtliche Warnungen vor starkem Gewitter.\u00a0\n<\/p>\n<p>            Warnung vor Gesundheitsgefahren            <\/p>\n<p class=\"paragraph article__item\">Die Hitze gef\u00e4hrdet vor allem Menschen ab 65 Jahren, Menschen mit Vorerkrankungen sowie S\u00e4uglinge und Kleinkinder. Vor allem in dicht bebauten Teilen <a class=\"rtr-entity\" href=\"https:\/\/www.zeit.de\/thema\/berlin\" rel=\"nofollow noopener\" target=\"_blank\">Berlins<\/a> k\u00f6nne die Belastung zus\u00e4tzlich steigen, weil es nachts weniger abk\u00fchle.\n<\/p>\n<p class=\"paragraph article__item\">Kliniken bereiten sich auf die Folgen vor: Die Zentrale Notaufnahme am Uniklinikum Cottbus stellt sich auf m\u00f6gliche Patienten mit Kreislaufkollaps, Schwindel oder Kopfschmerzen ein.\u00a0\n<\/p>\n<p class=\"paragraph article__item\">Chefarzt Matthias Fehr r\u00e4t: \u00abWir empfehlen leichte Nahrungsmittel, wasserreiche Obst- und Gem\u00fcsesorten, ausreichend Fl\u00fcssigkeit und mehrere kleine Mahlzeiten \u00fcber den Tag verteilt.\u00bb Sport sollte nur in Ma\u00dfen und am fr\u00fchen Morgen oder in den sp\u00e4ten Abendstunden betrieben werden.\u00a0\n<\/p>\n<p class=\"paragraph article__item\">Pflegekr\u00e4fte achteten darauf, dass \u00e4ltere Menschen ausreichend trinken w\u00fcrden, hie\u00df es unter anderem von der Volkssolidarit\u00e4t. W\u00fcrden die Senioren in ihren eigenen W\u00e4nden betreut, schauten die Besch\u00e4ftigte unter anderem, ob Fenster geschlossen und verdunkelt seien, schilderte eine Sprecherin des Diakonie-Pflege-Verbunds. Die Fachkr\u00e4fte seien geschult, fr\u00fche Anzeichen von Dehydrierung, Hitzeersch\u00f6pfung oder Verwirrtheit zu erkennen.\u00a0\n<\/p>\n<p class=\"paragraph article__item\">In den Einrichtungen des Unionshilfswerks wurden die Fenster mit Hitzeschutzfolien ausgestattet, wie eine Sprecherin mitteilte. K\u00fchlende Anwendungen wie Fu\u00dfb\u00e4der oder feuchte T\u00fccher im Nacken- und Armbereich sollen f\u00fcr Erfrischung sorgen. \u00abStatt schwerer Kost servieren wir leichte, wasserreiche Lebensmittel wie Melonen, Gurken, Tomaten sowie kalte Suppen\u00bb, so die Sprecherin weiter.\u00a0\n<\/p>\n<p>            Obdachlose besonders in Gefahr            <\/p>\n<p class=\"paragraph article__item\">Berlins Sozialsenatorin Cansel Kiziltepe (SPD) rief die Bev\u00f6lkerung zur Aufmerksamkeit betreffend Obdachlosen auf. \u00abFehlende R\u00fcckzugsorte, mangelnder Zugang zu Trinkwasser und die dauerhafte Belastung durch die <a class=\"rtr-entity\" href=\"https:\/\/www.zeit.de\/thema\/hitze\" rel=\"nofollow noopener\" target=\"_blank\">Hitze<\/a> erh\u00f6hen das Risiko von Dehydration und Kreislaufproblemen erheblich\u00bb, erkl\u00e4rte die Senatorin.\u00a0\n<\/p>\n<p class=\"paragraph article__item\">Sie bat die Berlinerinnen und Berliner darum, auf Menschen zu achten, die ungesch\u00fctzt in der Sonne s\u00e4\u00dfen und hilflos wirkten. \u00abSprechen Sie die Menschen auf Augenh\u00f6he an, fragen Sie, ob Hilfe n\u00f6tig ist und rufen Sie notfalls einen Krankenwagen.\u00bb\n<\/p>\n<p>            Volle Freib\u00e4der, Waldbrandgefahr und Gewitter            <\/p>\n<p class=\"paragraph article__item\">Die Freib\u00e4der stellen sich auf starken Andrang ein und empfehlen den Kauf von Eintrittskarten im Internet. Bei \u00dcberf\u00fcllung k\u00f6nnen Eing\u00e4nge geschlossen werden. Auch in Berliner Parks, an Seen im Umland und an der Havel d\u00fcrfte es voll werden, genauso vor den Eisdielen.\u00a0\n<\/p>\n<p class=\"paragraph article__item\">Das Berliner Ensemble hat im Hof eine Nebeldusche aufgebaut, unter der G\u00e4ste und Passanten sich abk\u00fchlen k\u00f6nnen. Auch im Mauerpark gibt es seit kurzem eine Vernebelungsanlage: Auf Knopfdruck wird innerhalb von 45 Sekunden etwa ein Liter Trinkwasser aus 32 D\u00fcsen verspr\u00fcht, wie das Landesamt f\u00fcr Gesundheit und Soziales informiert.\n<\/p>\n<p class=\"paragraph article__item\">In Brandenburg steigt wegen der anhaltenden Trockenheit die Waldbrandgefahr. In vielen W\u00e4ldern ist die Gefahr bereits hoch, am Wochenende soll sie weiter zunehmen. Im Mai gab es bereits einen gro\u00dfen Waldbrand auf einem munitionsbelasteten Gebiet bei J\u00fcterbog im S\u00fcdwesten Brandenburgs.\n<\/p>\n<p class=\"paragraph article__item\">\u00a9 dpa-infocom, dpa:260619-930-250537\/4<\/p>\n","protected":false},"excerpt":{"rendered":"Extremes Sommerwetter beherrscht derzeit Berlin und Brandenburg. Das Bundesamt f\u00fcr Bev\u00f6lkerungsschutz und Katastrophenhilfe warnt vor allem f\u00fcr Samstag&hellip;\n","protected":false},"author":2,"featured_media":1106371,"comment_status":"","ping_status":"","sticky":false,"template":"","format":"standard","meta":{"footnotes":"","_share_on_mastodon":"0"},"categories":[1816],"tags":[1960,1958,1959,1957,296,1956,1890,59111,29,4906,30,11607,15,16051,12088,1973],"class_list":["post-1106370","post","type-post","status-publish","format-standard","has-post-thumbnail","category-brandenburg","tag-aktuelle-nachrichten-aus-berlin-und-brandenburg","tag-aktuelle-nachrichten-aus-brandenburg","tag-aktuelle-news-aus-berlin-und-brandenburg","tag-aktuelle-news-aus-brandenburg","tag-berlin","tag-berlin-und-brandenburg","tag-brandenburg","tag-bundesamt-fuer-bevoelkerungsschutz-und-katastrophenhilfe","tag-deutschland","tag-dwd","tag-germany","tag-hitze","tag-news","tag-starkregen","tag-uckermark","tag-wetter"],"share_on_mastodon":{"url":"https:\/\/pubeurope.com\/@de\/116777374686674746","error":""},"_links":{"self":[{"href":"https:\/\/www.europesays.com\/de\/wp-json\/wp\/v2\/posts\/1106370","targetHints":{"allow":["GET"]}}],"collection":[{"href":"https:\/\/www.europesays.com\/de\/wp-json\/wp\/v2\/posts"}],"about":[{"href":"https:\/\/www.europesays.com\/de\/wp-json\/wp\/v2\/types\/post"}],"author":[{"embeddable":true,"href":"https:\/\/www.europesays.com\/de\/wp-json\/wp\/v2\/users\/2"}],"replies":[{"embeddable":true,"href":"https:\/\/www.europesays.com\/de\/wp-json\/wp\/v2\/comments?post=1106370"}],"version-history":[{"count":0,"href":"https:\/\/www.europesays.com\/de\/wp-json\/wp\/v2\/posts\/1106370\/revisions"}],"wp:featuredmedia":[{"embeddable":true,"href":"https:\/\/www.europesays.com\/de\/wp-json\/wp\/v2\/media\/1106371"}],"wp:attachment":[{"href":"https:\/\/www.europesays.com\/de\/wp-json\/wp\/v2\/media?parent=1106370"}],"wp:term":[{"taxonomy":"category","embeddable":true,"href":"https:\/\/www.europesays.com\/de\/wp-json\/wp\/v2\/categories?post=1106370"},{"taxonomy":"post_tag","embeddable":true,"href":"https:\/\/www.europesays.com\/de\/wp-json\/wp\/v2\/tags?post=1106370"}],"curies":[{"name":"wp","href":"https:\/\/api.w.org\/{rel}","templated":true}]}}