{"id":1106372,"date":"2026-06-19T15:01:19","date_gmt":"2026-06-19T15:01:19","guid":{"rendered":"https:\/\/www.europesays.com\/de\/1106372\/"},"modified":"2026-06-19T15:01:19","modified_gmt":"2026-06-19T15:01:19","slug":"sommer-in-berlin-die-neue-edition-vom-tipberlin-2","status":"publish","type":"post","link":"https:\/\/www.europesays.com\/de\/1106372\/","title":{"rendered":"Sommer in Berlin \u2013 die neue Edition\u00a0vom tipBerlin"},"content":{"rendered":"<p>&#13;<br \/>\n\t&#13;<br \/>\n&#13;<\/p>\n<p>\t\t\t\t\t<img decoding=\"async\" src=\"https:\/\/www.europesays.com\/de\/wp-content\/uploads\/2026\/06\/tip2026sommer870.jpg\" alt=\"tip Berlin: Sommer in Berlin\"\/><\/p>\n<p>Sommer in Berlin: vom k\u00fchlen Park bis zur hei\u00dfen Party im Hinterhof &#8211; Foto: Pixabay, Cover: \u00a9 Tip Berlin Media Group<\/p>\n<p>\t&#13;<br \/>\n\t&#13;<br \/>\n\t&#13;<br \/>\n\t&#13;<br \/>\n\t\t&#13;<br \/>\n&#13;<br \/>\n\t\t\t&#13;<br \/>\n\t&#13;<\/p>\n<p>Die sch\u00f6nste Zeit des Jahres beginnt \u2013 und Berlin bl\u00fcht auf. Freib\u00e4der und Festivals, lauschige Orte und Ausflugsrestaurants, k\u00fcnstlerische Experimentierfreude und modische Extravaganz sowie kulturelle Highlights pr\u00e4gen das Stadtbild und schaffen ein einzigartiges Lebensgef\u00fchl. Die am 19. Juni erscheinende neue Edition Sommer in Berlin fungiert als Wegweiser durch die sch\u00f6nste Zeit des Jahres. Sie f\u00fchrt zu besonderen Orten, spannenden Entdeckungen und den Hotspots des Berliner Sommers. Ob Clubber oder Naturliebhaberin, ob Sportfreundin oder Kulturb\u00fcrger, ob Foodie oder Styler \u2013 hier finden alle Inspiration f\u00fcr unvergessliche Sommertage.<\/p>\n<p>Themen im Heft:<\/p>\n<ul class=\"wp-block-list\">\n<li>Trendsport: Wie Tischtennis f\u00fcr Feelgood-Vibes sorgt<\/li>\n<li>An der frischen Luft: Bierg\u00e4rten in Berliner Clubs<\/li>\n<li>Fu\u00dfballfieber: Public-Viewing-Locations zur WM<\/li>\n<li>Swimming around the clock: Badeorte im Laufe des Tages<\/li>\n<li>Sommermode f\u00fcr Stadt, Strand und Festivals<\/li>\n<li>Open-Air-Sommer: \u00adFestivals in der Region im \u00dcberblick<\/li>\n<li>Afrikanische K\u00fcche erfreut den Gaumen<\/li>\n<li>Eis, Eis Baby! Was in diesem Sommer in den Eiswaffeln steckt<\/li>\n<li>Nah am Wasser: Lauschige Orte am Ufer.<\/li>\n<\/ul>\n<p>Sommer in Berlin 2026 \u2013 die neue Edition vom tipBerlin<\/p>\n<p>114 Seiten, ISBN: 978-3-946631-78-1<br \/>Ab dem 19. Juni 2026 f\u00fcr 9,90 \u20ac im Handel<br \/>oder versandkostenfrei bestellen: <a href=\"http:\/\/tip-berlin.de\/sommer\" data-type=\"link\" data-id=\"tip-berlin.de\/sommer\" target=\"_blank\" rel=\"noreferrer noopener nofollow\">tip-berlin.de\/sommer<\/a><\/p>\n<p><strong>Public Media<\/strong> \u2014 Lokalpresse, Stadtinformation &amp; offene Medienebene f\u00fcr Smart Citizenship.<\/p>\n<p>\t\t\t&#13;<br \/>\n&#13;<br \/>\n\t&#13;<\/p>\n","protected":false},"excerpt":{"rendered":"&#13; &#13; &#13; Sommer in Berlin: vom k\u00fchlen Park bis zur hei\u00dfen Party im Hinterhof &#8211; Foto: Pixabay,&hellip;\n","protected":false},"author":2,"featured_media":1106373,"comment_status":"","ping_status":"","sticky":false,"template":"","format":"standard","meta":{"footnotes":"","_share_on_mastodon":"0"},"categories":[1825],"tags":[1941,1939,19729,296,1937,29,30,19730,2075,14,1940,1938,530,16,3871,1009,19728,4283,8509,55],"class_list":["post-1106372","post","type-post","status-publish","format-standard","has-post-thumbnail","category-berlin","tag-aktuelle-nachrichten-aus-berlin","tag-aktuelle-news-aus-berlin","tag-bauvorhaben","tag-berlin","tag-berlin-news","tag-deutschland","tag-germany","tag-interkultur","tag-kunst","tag-nachrichten","tag-nachrichten-aus-berlin","tag-news-aus-berlin","tag-pankow","tag-politik","tag-prenzlauer-berg","tag-recht","tag-schoenhauser-allee","tag-shopping","tag-weissensee","tag-wirtschaft"],"share_on_mastodon":{"url":"https:\/\/pubeurope.com\/@de\/116777380265738936","error":""},"_links":{"self":[{"href":"https:\/\/www.europesays.com\/de\/wp-json\/wp\/v2\/posts\/1106372","targetHints":{"allow":["GET"]}}],"collection":[{"href":"https:\/\/www.europesays.com\/de\/wp-json\/wp\/v2\/posts"}],"about":[{"href":"https:\/\/www.europesays.com\/de\/wp-json\/wp\/v2\/types\/post"}],"author":[{"embeddable":true,"href":"https:\/\/www.europesays.com\/de\/wp-json\/wp\/v2\/users\/2"}],"replies":[{"embeddable":true,"href":"https:\/\/www.europesays.com\/de\/wp-json\/wp\/v2\/comments?post=1106372"}],"version-history":[{"count":0,"href":"https:\/\/www.europesays.com\/de\/wp-json\/wp\/v2\/posts\/1106372\/revisions"}],"wp:featuredmedia":[{"embeddable":true,"href":"https:\/\/www.europesays.com\/de\/wp-json\/wp\/v2\/media\/1106373"}],"wp:attachment":[{"href":"https:\/\/www.europesays.com\/de\/wp-json\/wp\/v2\/media?parent=1106372"}],"wp:term":[{"taxonomy":"category","embeddable":true,"href":"https:\/\/www.europesays.com\/de\/wp-json\/wp\/v2\/categories?post=1106372"},{"taxonomy":"post_tag","embeddable":true,"href":"https:\/\/www.europesays.com\/de\/wp-json\/wp\/v2\/tags?post=1106372"}],"curies":[{"name":"wp","href":"https:\/\/api.w.org\/{rel}","templated":true}]}}