{"id":1106382,"date":"2026-06-19T15:06:35","date_gmt":"2026-06-19T15:06:35","guid":{"rendered":"https:\/\/www.europesays.com\/de\/1106382\/"},"modified":"2026-06-19T15:06:35","modified_gmt":"2026-06-19T15:06:35","slug":"hitzewelle-in-deutschland-promis-verraten-abkuehl-tipps-unterhaltung","status":"publish","type":"post","link":"https:\/\/www.europesays.com\/de\/1106382\/","title":{"rendered":"Hitzewelle in Deutschland: Promis verraten Abk\u00fchl-Tipps | Unterhaltung"},"content":{"rendered":"<p><a class=\"skip-content skip-content--link\" href=\"#in-content-skip-link-target-v-0-0\">TTS-Player \u00fcberspringen\u21b5<\/a><a id=\"in-content-skip-link-target-v-0-0\" class=\"skip-content--target-link-hidden skip-content skip-content--target-link\" href=\"#in-content-skip-link-target-v-0-0\">Artikel weiterlesen<\/a><\/p>\n<p>Berlin \u2013 <b>Deutschland schwitzt! Der Deutsche Wetterdienst erwartet Temperaturen von deutlich \u00fcber 30 Grad, in einigen Regionen k\u00f6nnte sogar die 35-Grad-Marke geknackt werden. P\u00fcnktlich zum hei\u00dfen Sommerwochenende verraten Promis gegen\u00fcber BILD ihre ganz pers\u00f6nlichen Tricks zum Abk\u00fchlen. <\/b><\/p>\n<p>Moderatorin Patrice Aminati (31) setzt auf einen ungew\u00f6hnlichen Trick. Mit einem F\u00e4cher verschafft sie sich unterwegs Abk\u00fchlung, gegen Schwei\u00df im Gesicht hilft ihr aber etwas ganz anderes: Toilettenpapier. \u201eGerade wenn man geschminkt ist, einfach mit Toilettenpapier abtupfen. Das ist g\u00fcnstig und sch\u00f6n saugstark\u201c, sagt sie beim <a href=\"https:\/\/www.bild.de\/news\/einherzfuerkinder\/ein-herz-fuer-kinder\/home-15682108.bild.html\" class=\"text-link\" rel=\"nofollow noopener\" target=\"_blank\">Sommerfest von \u201eEin Herz f\u00fcr Kinder\u201c<\/a>. F\u00fcr sie bedeuten die Sommertage auch eine gewisse Gefahr: \u201eAls Hautkrebs-Patientin muss ich besonders aufpassen und mich vor der Sonne sch\u00fctzen.\u201c <\/p>\n<p>Diego Pooth (22), der \u00e4lteste Sohn von Verona Pooth (58), schw\u00f6rt bei den hohen Temperaturen auf \u201eganz kalt duschen\u201c und einen Mini-Ventilator. \u201eDas sind zwei Sachen, die mir extrem helfen.\u201c Am hei\u00dfen Samstag zieht es ihn raus aus der Stadt und in die Berge \u00d6sterreichs. \u201eIch freue mich auf die Natur und die Zeit in der H\u00fctte\u201c, sagt er.<\/p>\n<p><img decoding=\"async\" width=\"992\" height=\"1178\" alt=\"Diego Pooth (22) fl\u00fcchtet bei der Sommerhitze in die Berge\" loading=\"lazy\" src=\"https:\/\/www.europesays.com\/de\/wp-content\/uploads\/2026\/06\/e4ed2aff693a6b8c0e7131ad1ffa120e,975b9fd1.jpeg\"   class=\"portrait\"\/><\/p>\n<p class=\"fig__caption__text\">Diego Pooth (22) fl\u00fcchtet bei der Sommerhitze in die Berge <\/p>\n<p>Foto: Getty Images<\/p>\n<p>Olympiasiegerin Katarina Witt (60) ist eigentlich auf dem Eis zu Hause. Die Hitze sieht sie trotzdem ganz pragmatisch: \u201eWasser trinken, Wasser trinken.\u201c Au\u00dferdem meidet sie die pralle Sonne und bleibt lieber in k\u00fchleren R\u00e4umen. Am Ende nimmt sie das Wetter mit Humor: \u201eWenn es so hei\u00df ist, wollen wir es k\u00fchler, wenn es zu kalt ist, wollen wir es wieder w\u00e4rmer. Es ist ja immer schwierig, es uns recht zu machen.\u201c<\/p>\n<p>Promis im Hitzetest: So feiern die Stars den WM-Sommer bei \u201eEin Herz f\u00fcr Kinder\u201c<a class=\"anchor video-teaser__anchor\" href=\"https:\/\/www.bild.de\/unterhaltung\/stars-und-leute\/so-feiern-die-stars-den-sommer-bei-ein-herz-fuer-kinder-6a344b987e682fc37fbffcb4\" rel=\"nofollow noopener\" target=\"_blank\"><img decoding=\"async\" width=\"992\" height=\"558\" alt=\" So feiern die Stars den Sommer bei \u201eEin Herz f\u00fcr Kinder\u201c\" loading=\"lazy\" src=\"https:\/\/www.europesays.com\/de\/wp-content\/uploads\/2026\/06\/e71eb5a4918850128a30b8e373deedfb,ae621043.jpeg\"   class=\"landscape teaser__image\"\/><\/a><\/p>\n<p>Quelle: BILD19.06.2026<\/p>\n<p><img decoding=\"async\" width=\"992\" height=\"558\" alt=\"Wenn selbst die Eisk\u00f6nigin ins Schwitzen kommt: Olympiasiegerin Katarina Witt (60) erinnert daran, viel zu trinken\" loading=\"lazy\" src=\"https:\/\/www.europesays.com\/de\/wp-content\/uploads\/2026\/06\/82908adb4bcd54b40a9f857a37c21023,2dcc309d.jpeg\"   class=\"landscape\"\/><\/p>\n<p class=\"fig__caption__text\">Wenn selbst die Eisk\u00f6nigin ins Schwitzen kommt: Olympiasiegerin Katarina Witt (60) erinnert daran, viel zu trinken <\/p>\n<p>Foto: AEDT starpress\/aedt<\/p>\n<p>Diese Promis fl\u00fcchten vor der Hitze <\/p>\n<p>W\u00e4hrend andere den Sommer genie\u00dfen, suchen manche Stars lieber das Weite. Talkshow-Host <a href=\"https:\/\/www.bild.de\/themen\/personen\/sandra-maischberger\/nachrichten-news-fotos-videos-tv-shows-15786810.bild.html\" class=\"text-link\" rel=\"nofollow noopener\" target=\"_blank\">Sandra Maischberger<\/a> (59) zieht es bei hohen Temperaturen in die Berge. \u201eAb 1000 Metern werden die Temperaturen besser\u201c, sagt sie beim Sommerfest der Film- und Medienstiftung NRW. In den bayerischen Alpen mit dabei: das E-Bike. Wer doch lieber ins Wasser will? \u201eTauchen ist gut zum Abk\u00fchlen\u201c, so Maischberger, die selber einen Tauchschein hat. <\/p>\n<p><img decoding=\"async\" width=\"992\" height=\"558\" alt=\"Hei\u00dfe Debatten ist sie gewohnt: Sandra Maischberger (59) sucht bei der Hitzewelle lieber die k\u00fchle Bergluft\" loading=\"lazy\" src=\"https:\/\/www.europesays.com\/de\/wp-content\/uploads\/2026\/06\/7b09646a5c2b326ac7dd9d7ab70e875c,85c821f4.jpeg\"   class=\"landscape\"\/><\/p>\n<p class=\"fig__caption__text\">Hei\u00dfe Debatten ist sie gewohnt: Sandra Maischberger (59) sucht bei der Hitzewelle lieber die k\u00fchle Bergluft<\/p>\n<p>Foto: picture alliance\/Geisler-Fotopress<\/p>\n<p>Auch \u201eBergdoktor\u201c-Star Ronja Forcher (30) kann mit der Hitze nichts anfangen. Wenigstens eine leckere Abk\u00fchlung? Lieber nicht. \u201eIch hasse Eis\u201c, verr\u00e4t sie BILD. Statt Strandurlaub zieht es sie lieber zum Wandern in die Berge nach Italien.<\/p>\n<p><img decoding=\"async\" width=\"992\" height=\"1178\" alt=\"Ein Eis zur Abk\u00fchlung? F\u00fcr Bergdoktor-Star Ronja Forcher (30) lieber nicht\" loading=\"lazy\" src=\"https:\/\/www.europesays.com\/de\/wp-content\/uploads\/2026\/06\/3834f58a09fcc923cb40e33280d44bb5,6ba59265.jpeg\"   class=\"portrait\"\/><\/p>\n<p class=\"fig__caption__text\">Ein Eis zur Abk\u00fchlung? F\u00fcr Bergdoktor-Star Ronja Forcher (30) lieber nicht<\/p>\n<p>Foto: Niels Starnick\/BILD<\/p>\n<p>Die t\u00fcrkisch-deutsche Schauspielerin Meltem Kaptan (45) r\u00e4umt mit einem Klischee auf. \u201eIch bin zwar S\u00fcdl\u00e4nderin, aber trotz meiner t\u00fcrkischen Wurzeln ein Wintertyp.\u201c Wenn es nach ihr geht, darf der Urlaub gerne nach Island oder Schweden f\u00fchren. Gegen die Hitze helfen ihr kalte Duschen, eine k\u00fchlere Badewanne und sogar nasse Kleider: \u201eIch habe meist ein Kleidchen an und befeuchte das. Wenn es ganz schlimm ist, laufe ich fast in nassen Kleidern herum.\u201c<\/p>\n<p><img decoding=\"async\" width=\"992\" height=\"558\" alt=\"\u201eJag hatar v\u00e4rme\u201c hei\u00dft \u201eIch hasse Hitze\u201c auf schwedisch. Schauspielerin Meltem Kaptan (45) reist lieber in den k\u00fchleren Norden\" loading=\"lazy\" src=\"https:\/\/www.europesays.com\/de\/wp-content\/uploads\/2026\/06\/12c5c25cedd89e5151e0e506874f6b10,990026cc.jpeg\"   class=\"landscape\"\/><\/p>\n<p class=\"fig__caption__text\">\u201eJag hatar v\u00e4rme\u201c hei\u00dft \u201eIch hasse Hitze\u201c auf schwedisch. Schauspielerin Meltem Kaptan (45) reist lieber in den k\u00fchleren Norden<\/p>\n<p>Foto: picture alliance\/Geisler-Fotopress<\/p>\n<p>Komikerin Annette Frier (52) bleibt dagegen m\u00f6glichst im Schatten. Ihr Motto: \u201eEs gibt kein zu gutes Wetter, es gibt nur falsche Kleidung.\u201c Auch Komiker-Kollegin Cordula Stratmann (62) zieht sich lieber zur\u00fcck. \u201eIch fliehe nach drinnen. Das Freibad ist mir zu voll\u201c, sagt sie.<\/p>\n<p><img decoding=\"async\" width=\"992\" height=\"1178\" alt=\"Komikerin Annette Frier (52) und Cordula Stratmann (62) beim Sommerfest der Film- und Medienstiftung NRW in K\u00f6ln\" loading=\"lazy\" src=\"https:\/\/www.europesays.com\/de\/wp-content\/uploads\/2026\/06\/d2cf4f002e5975a50a374b583b1a98d3,e951cce7.jpeg\"   class=\"portrait\"\/><\/p>\n<p class=\"fig__caption__text\">Komikerin Annette Frier (52) und Cordula Stratmann (62) beim Sommerfest der Film- und Medienstiftung NRW in K\u00f6ln<\/p>\n<p>Foto: picture alliance\/Geisler-Fotopress<\/p>\n<p>Ab ins Wasser\u00a0\u2013 oder ans Eis <\/p>\n<p>\u201eLet\u2019s Dance\u201c-Star Vanessa Borck (29) setzt auf einen Mini-Ventilator, ihre Freundin Lara (29) auf Eis. \u201eVon innen heraus quasi k\u00fchlen\u201c, sagt Lara. Am Wochenende fahren die beiden mit Nessis kleiner Tochter Livi (4) zu Laras Eltern nach Aachen. Geplant ist ein entspanntes Sommerwochenende im Garten: \u201eDa werden wir auch viel Eis essen und einfach die Sonne genie\u00dfen\u201c, sagt Nessi.<\/p>\n<p><img decoding=\"async\" width=\"992\" height=\"558\" alt=\"Vanessa Borck (29, l.) und ihre Freundin Lara (29)\" loading=\"lazy\" src=\"https:\/\/www.europesays.com\/de\/wp-content\/uploads\/2026\/06\/b5c2c005e809e584e3c6a6e818ce49b3,cc3d8cee.jpeg\"   class=\"landscape\"\/><\/p>\n<p class=\"fig__caption__text\">Vanessa Borck (29, l.) und ihre Freundin Lara (29)<\/p>\n<p>Foto: Daniel Biskup\/BILD<\/p>\n<p>Auch Schauspieler Merlin Sandmeyer (36) vertraut auf den Klassiker. Er will sich mit \u201eganz viel Eiscreme von innen k\u00fchlen\u201c.  Und ans Wasser soll\u2019s gehen: \u201eIch hoffe, irgendwo ein Wasserloch zu finden, das nicht allzu \u00fcberf\u00fcllt ist.\u201c<\/p>\n<p><img decoding=\"async\" width=\"992\" height=\"1178\" alt=\"Christoph Maria Herbst (60)\" loading=\"lazy\" src=\"https:\/\/www.europesays.com\/de\/wp-content\/uploads\/2026\/06\/205b1a2555f9e68e4560d94ec2023cde,b4800f2e.jpeg\"   class=\"portrait\"\/><\/p>\n<p class=\"fig__caption__text\">Christoph Maria Herbst (60) setzt auf seine Badewanne<\/p>\n<p>Foto: picture alliance\/Geisler-Fotopress<\/p>\n<p>\u201eStromberg\u201c-Star Christoph Maria Herbst (60) geht noch einen Schritt weiter: \u201eIch habe zum Gl\u00fcck eine Badewanne. Ich lege mich zwischendurch in meine kalte Badewanne.\u201c Er sagt BILD: \u201eIch wei\u00df nat\u00fcrlich, dass solche Hitzewellen jetzt \u00f6fter auf uns zukommen, man sollte sich also langsam mal wappnen. Wie ich zu Hause herumlaufe, wollen Sie nicht wissen \u2026\u201c<\/p>\n<p>Model Franziska Knuppe (51) braucht f\u00fcr ihren Hitze-Tipp nur einen Satz: \u201eSchuhe ausziehen, den Bikini anziehen und in den See springen.\u201c<\/p>\n<p><img decoding=\"async\" width=\"992\" height=\"558\" alt=\"Model Franziska Knuppe (51) braucht f\u00fcr ihren Hitze-Tipp nur einen Satz: \u201eSchuhe ausziehen, den Bikini anziehen und in den See springen.\u201c\" loading=\"lazy\" src=\"https:\/\/www.europesays.com\/de\/wp-content\/uploads\/2026\/06\/b03bde12fc506dcd496270c5f11ee94c,bc8b62a2.jpeg\"   class=\"landscape\"\/><\/p>\n<p class=\"fig__caption__text\">Franziska Knuppe (51) setzt auf den See<\/p>\n<p>Foto: picture alliance\/dpa<\/p>\n<p>Diese Promis sind Hitze-Fans <\/p>\n<p>W\u00e4hrend viele \u00fcber die Temperaturen st\u00f6hnen, k\u00f6nnen Moderatorin Jana Ina Zarrella (49), S\u00e4ngerin Vicky Leandros (73) und Schauspielerin Tina Ruland (59) das kaum nachvollziehen. \u201eIch will schwitzen, ich will es richtig hei\u00df\u201c, sagt die Brasilianerin Jana Ina. Ihr reicht ein Getr\u00e4nk mit Eisw\u00fcrfeln, ansonsten genie\u00dft sie das Wetter einfach. <\/p>\n<p><img decoding=\"async\" width=\"992\" height=\"1178\" alt=\"S\u00e4ngerin Vicky Leandros (73) liebt die Hitze\" loading=\"lazy\" src=\"https:\/\/www.europesays.com\/de\/wp-content\/uploads\/2026\/06\/df341b1d935b442c94c029a7e76ca5d4,2eaa9348.jpeg\"   class=\"portrait\"\/><\/p>\n<p class=\"fig__caption__text\">S\u00e4ngerin Vicky Leandros (73) liebt die Hitze<\/p>\n<p>Foto: Getty Images<\/p>\n<p>Vicky Leandros sieht das \u00e4hnlich: \u201eIch bin Griechin und ich liebe jede Hitze.\u201c Selbst 40 Grad bringen sie nicht aus der Ruhe. Ihr Rat: \u201eEinfach geschehen lassen.\u201c Und Tina Ruland bringt ihre Haltung auf den Punkt: \u201eIch finde es ja geil, wenn es hei\u00df ist. Mir macht das Spa\u00df.\u201c<\/p>\n","protected":false},"excerpt":{"rendered":"TTS-Player \u00fcberspringen\u21b5Artikel weiterlesen Berlin \u2013 Deutschland schwitzt! Der Deutsche Wetterdienst erwartet Temperaturen von deutlich \u00fcber 30 Grad, in&hellip;\n","protected":false},"author":2,"featured_media":1106383,"comment_status":"","ping_status":"","sticky":false,"template":"","format":"standard","meta":{"footnotes":"","_share_on_mastodon":"0"},"categories":[1776],"tags":[1801,29,32814,214,30,18113,18662,2284,10031,1802,2715,138370,215,1973],"class_list":["post-1106382","post","type-post","status-publish","format-standard","has-post-thumbnail","category-prominente","tag-celebrities","tag-deutschland","tag-ein-herz-fuer-kinder","tag-entertainment","tag-germany","tag-hitzewelle","tag-leandros-vicky","tag-maischberger-sandra","tag-pooth-verona","tag-prominente","tag-sommer","tag-team-first","tag-unterhaltung","tag-wetter"],"share_on_mastodon":{"url":"https:\/\/pubeurope.com\/@de\/116777399142939478","error":""},"_links":{"self":[{"href":"https:\/\/www.europesays.com\/de\/wp-json\/wp\/v2\/posts\/1106382","targetHints":{"allow":["GET"]}}],"collection":[{"href":"https:\/\/www.europesays.com\/de\/wp-json\/wp\/v2\/posts"}],"about":[{"href":"https:\/\/www.europesays.com\/de\/wp-json\/wp\/v2\/types\/post"}],"author":[{"embeddable":true,"href":"https:\/\/www.europesays.com\/de\/wp-json\/wp\/v2\/users\/2"}],"replies":[{"embeddable":true,"href":"https:\/\/www.europesays.com\/de\/wp-json\/wp\/v2\/comments?post=1106382"}],"version-history":[{"count":0,"href":"https:\/\/www.europesays.com\/de\/wp-json\/wp\/v2\/posts\/1106382\/revisions"}],"wp:featuredmedia":[{"embeddable":true,"href":"https:\/\/www.europesays.com\/de\/wp-json\/wp\/v2\/media\/1106383"}],"wp:attachment":[{"href":"https:\/\/www.europesays.com\/de\/wp-json\/wp\/v2\/media?parent=1106382"}],"wp:term":[{"taxonomy":"category","embeddable":true,"href":"https:\/\/www.europesays.com\/de\/wp-json\/wp\/v2\/categories?post=1106382"},{"taxonomy":"post_tag","embeddable":true,"href":"https:\/\/www.europesays.com\/de\/wp-json\/wp\/v2\/tags?post=1106382"}],"curies":[{"name":"wp","href":"https:\/\/api.w.org\/{rel}","templated":true}]}}