{"id":1106569,"date":"2026-06-19T16:51:14","date_gmt":"2026-06-19T16:51:14","guid":{"rendered":"https:\/\/www.europesays.com\/de\/1106569\/"},"modified":"2026-06-19T16:51:14","modified_gmt":"2026-06-19T16:51:14","slug":"kein-open-air-theater-2027-in-augsburg-jetzt-muss-die-neue-stadtregierung-handeln","status":"publish","type":"post","link":"https:\/\/www.europesays.com\/de\/1106569\/","title":{"rendered":"Kein Open-Air-Theater 2027 in Augsburg: Jetzt muss die neue Stadtregierung handeln"},"content":{"rendered":"<p class=\"mb-6 text-xs-varying md:text-m lg:text-l font-serif group-[.font-sans]:font-sans \">\n    Auf den Schock der \u00fcberraschenden Freilichtb\u00fchnen-Schlie\u00dfung reagierten <a href=\"https:\/\/www.augsburger-allgemeine.de\/augsburg\/\" target=\"_self\" class=\"underline \" rel=\"nofollow noopener\">Augsburgs<\/a> f\u00fchrende Politiker Anfang des Jahres mit flott gedrehten Videos: <a href=\"https:\/\/www.facebook.com\/share\/v\/1HYN6H5GQS\/\" rel=\"nofollow noopener\" target=\"_blank\" class=\"underline \">Die damalige Oberb\u00fcrgermeisterin Eva Weber (CSU) \u201e\u00e4rgerte\u201c sich \u00fcber die Nachricht<\/a>, sah darin aber auch eine Chance, Kultur in der Innenstadt neu zu denken. Florian Freund, damals noch SPD-OB-Kandidat, versprach schnelle L\u00f6sungen \u2013 auch, um den Veranstaltern zu helfen. Den Ank\u00fcndigungen folgte eine z\u00fcgige Entscheidung; leider eine, die nur die Halbwertszeit eines Jahres hat.\n  <\/p>\n<p>      <a href=\"https:\/\/www.augsburger-allgemeine.de\/augsburg\/nach-schliessung-der-augsburger-freilichtbuehne-staatstheater-sagt-open-air-saison-2027-ab-114483858\" class=\"hidden  &#010;                md:block md:mr-5 md:min-w-[140px]  aspect-photo md:aspect-tv lg:aspect-tv w-fullXXX relative self-start inline overflow-hidden\" rel=\"nofollow noopener\" target=\"_blank\"><\/p>\n<p>    <img decoding=\"async\" src=\"\" alt=\"Zwischen Scheibengasbeh\u00e4lter (links) und Reinigergeb\u00e4ude (rechts) steht die \u201eneue\u201c Freilichtb\u00fchne des Staatstheaters Augsburg. In einer Woche ist dort Premiere. 2027 allerdings wird es keine Freilichtb\u00fchnensaison geben \u2013 zumindest nicht in gewohntem Umfang.\" title=\"Zwischen Scheibengasbeh\u00e4lter (links) und Reinigergeb\u00e4ude (rechts) steht die \u201eneue\u201c Freilichtb\u00fchne des Staatstheaters Augsburg. In einer Woche ist dort Premiere. 2027 allerdings wird es keine Freilichtb\u00fchnensaison geben \u2013 zumindest nicht in gewohntem Umfang.\" loading=\"lazy\" class=\"h-full w-full object-cover\"\/><br \/>\n   <\/a><\/p>\n<p class=\"mb-6 text-xs-varying md:text-m lg:text-l font-serif group-[.font-sans]:font-sans \">\n    Dass die Ersatzb\u00fchne am Gaswerk nur f\u00fcr 2026 angemietet wurde, kann man der ehemaligen Stadtregierung nicht vorwerfen. Erstens ahnte im Januar keiner, ob die B\u00fchne funktionieren w\u00fcrde. Irgendwie hoffte man zweitens wohl auch, f\u00fcr 2027 eine bessere L\u00f6sung pr\u00e4sentieren zu k\u00f6nnen. Drittens waren alle auf den Wahlkampf fokussiert. Die Schlie\u00dfung der Freilichtb\u00fchne kam f\u00fcr Schwarz-Gr\u00fcn daher \u00e4u\u00dferst ungelegen. F\u00fcr die Herausforderer war sie ein gefundenes Fressen, <a href=\"https:\/\/www.augsburger-allgemeine.de\/augsburg\/marode-zustaende-in-schulen-roemischem-museum-freilichtbuehne-augsburg-kaempft-gegen-schlechten-ruf-113312784\" target=\"_self\" class=\"underline \" rel=\"nofollow noopener\">um das Narrativ zu st\u00e4rken, dass diese Stadt einen politischen Wechsel braucht<\/a>.\n  <\/p>\n<p>            Freilichtb\u00fchnen-Aus: Quittung f\u00fcr politische Kurzsichtigkeit<\/p>\n<p class=\"mb-6 text-xs-varying md:text-m lg:text-l font-serif group-[.font-sans]:font-sans \">\n    Was dabei keiner im Blick hatte: Das Staatstheater h\u00e4tte schon Anfang des Jahres eine verbindliche Aussage dar\u00fcber gebraucht, ob es auch 2027 eine Ersatzb\u00fchne zur Verf\u00fcgung hat. Doch diese Aussage gab es nicht. Die Quittung f\u00fcr diese politische Kurzsichtigkeit liegt nun auf dem Tisch: Die Open-Air-Saison f\u00fcr n\u00e4chstes Jahr ist gestrichen, die Augsburger m\u00fcssen auf die <a href=\"https:\/\/www.augsburger-allgemeine.de\/augsburg\/Augsburger-Geschichte-Seit-90-Jahren-wird-die-Freilichtbuehne-bespielt-id54578571.html\" target=\"_self\" class=\"underline \" rel=\"nofollow noopener\">seit fast hundert Jahren bestehende und lieb gewonnene Tradition<\/a> verzichten.\n  <\/p>\n<p class=\"mb-6 text-xs-varying md:text-m lg:text-l font-serif group-[.font-sans]:font-sans \">\n    F\u00fcr 2027 ist das Kind in den Brunnen gefallen, doch f\u00fcr das Theater mit seinen langen Vorlaufzeiten ist auch 2028 nicht mehr weit entfernt. Oberb\u00fcrgermeister Florian Freund muss jetzt beweisen, dass er seine Ank\u00fcndigungen im Wahlkampf ernst meinte und so schnell wie m\u00f6glich eine Alternative pr\u00e4sentieren. Gelingt ihm das nicht, k\u00f6nnte die Open-Air-Tradition bis zur Wiederer\u00f6ffnung der Freilichtb\u00fchne Geschichte sein.\n  <\/p>\n","protected":false},"excerpt":{"rendered":"Auf den Schock der \u00fcberraschenden Freilichtb\u00fchnen-Schlie\u00dfung reagierten Augsburgs f\u00fchrende Politiker Anfang des Jahres mit flott gedrehten Videos: Die&hellip;\n","protected":false},"author":2,"featured_media":946786,"comment_status":"","ping_status":"","sticky":false,"template":"","format":"standard","meta":{"footnotes":"","_share_on_mastodon":"0"},"categories":[1846],"tags":[680,772,774,3364,29,548,663,3934,98650,139238,66046,30,13,80,14,15,16,12,184,6799],"class_list":["post-1106569","post","type-post","status-publish","format-standard","has-post-thumbnail","category-augsburg","tag-augsburg","tag-bayern","tag-csu","tag-de","tag-deutschland","tag-eu","tag-europa","tag-europe","tag-eva-weber","tag-florian-freund","tag-freilichtbuehne","tag-germany","tag-headlines","tag-kultur","tag-nachrichten","tag-news","tag-politik","tag-schlagzeilen","tag-spd","tag-wahlkampf"],"share_on_mastodon":{"url":"https:\/\/pubeurope.com\/@de\/116777811178078356","error":""},"_links":{"self":[{"href":"https:\/\/www.europesays.com\/de\/wp-json\/wp\/v2\/posts\/1106569","targetHints":{"allow":["GET"]}}],"collection":[{"href":"https:\/\/www.europesays.com\/de\/wp-json\/wp\/v2\/posts"}],"about":[{"href":"https:\/\/www.europesays.com\/de\/wp-json\/wp\/v2\/types\/post"}],"author":[{"embeddable":true,"href":"https:\/\/www.europesays.com\/de\/wp-json\/wp\/v2\/users\/2"}],"replies":[{"embeddable":true,"href":"https:\/\/www.europesays.com\/de\/wp-json\/wp\/v2\/comments?post=1106569"}],"version-history":[{"count":0,"href":"https:\/\/www.europesays.com\/de\/wp-json\/wp\/v2\/posts\/1106569\/revisions"}],"wp:featuredmedia":[{"embeddable":true,"href":"https:\/\/www.europesays.com\/de\/wp-json\/wp\/v2\/media\/946786"}],"wp:attachment":[{"href":"https:\/\/www.europesays.com\/de\/wp-json\/wp\/v2\/media?parent=1106569"}],"wp:term":[{"taxonomy":"category","embeddable":true,"href":"https:\/\/www.europesays.com\/de\/wp-json\/wp\/v2\/categories?post=1106569"},{"taxonomy":"post_tag","embeddable":true,"href":"https:\/\/www.europesays.com\/de\/wp-json\/wp\/v2\/tags?post=1106569"}],"curies":[{"name":"wp","href":"https:\/\/api.w.org\/{rel}","templated":true}]}}