{"id":1106787,"date":"2026-06-19T19:06:23","date_gmt":"2026-06-19T19:06:23","guid":{"rendered":"https:\/\/www.europesays.com\/de\/1106787\/"},"modified":"2026-06-19T19:06:23","modified_gmt":"2026-06-19T19:06:23","slug":"kita-plaetze-in-eving-bis-2035-fehlen-mindestens-sechs-gruppen","status":"publish","type":"post","link":"https:\/\/www.europesays.com\/de\/1106787\/","title":{"rendered":"Kita-Pl\u00e4tze in Eving: Bis 2035 fehlen mindestens sechs Gruppen"},"content":{"rendered":"<p>\t\tKita-Pl\u00e4tze in Eving<br \/>\n\t\t\t\t\tBis 2035 fehlen mindestens sechs Gruppen<\/p>\n<p>\t\t<img alt=\"\" src=\"https:\/\/www.europesays.com\/de\/wp-content\/uploads\/2025\/05\/630_0036_48786_.jpg\"  class=\"avatar avatar-36 photo avatar-default\" height=\"36\" width=\"36\" loading=\"eager\" decoding=\"async\"\/>\t\t<a class=\"article-author__name\" href=\"https:\/\/www.ruhrnachrichten.de\/author\/andreas-schroeter\/\" rel=\"author nofollow noopener\" target=\"_blank\">Andreas Schr\u00f6ter<\/a><br \/>\n\t\tRedakteur<\/p>\n<p>    <a href=\"https:\/\/www.ruhrnachrichten.de\/wp-content\/uploads\/2026\/06\/18\/14\/630_0900_6382920_-1648x824.jpg\" rel=\"nofollow noopener\" target=\"_blank\"><\/p>\n<p>            <img loading=\"lazy\" decoding=\"async\" src=\"https:\/\/www.europesays.com\/de\/wp-content\/uploads\/2026\/06\/630_0900_6382938_-640x428.jpg\" width=\"640\" height=\"428\"  alt=\"Die Versorgung an Kindergartenpl\u00e4tzen im Stadtbezirk Eving lag Ende 2025 bei 96 Prozent. Ziel der Stadt sind jedoch 100 Prozent.\"\/><\/p>\n<p>    <\/a><br \/>\n    Die Versorgung an Kindergartenpl\u00e4tzen im Stadtbezirk Eving lag Ende 2025 bei 96 Prozent. Ziel der Stadt sind jedoch 100 Prozent. \u00a9 picture alliance \/ dpa<\/p>\n<p class=\"article__teaser-text\">In Eving fehlen weiter Kita-Pl\u00e4tze. Das Jugendamt nennt neue Zahlen, geplante Standorte und den zus\u00e4tzlichen Bedarf bis 2035.<\/p>\n<p>3 Min Lesezeit<\/p>\n","protected":false},"excerpt":{"rendered":"Kita-Pl\u00e4tze in Eving Bis 2035 fehlen mindestens sechs Gruppen Andreas Schr\u00f6ter Redakteur Die Versorgung an Kindergartenpl\u00e4tzen im Stadtbezirk&hellip;\n","protected":false},"author":2,"featured_media":1106788,"comment_status":"","ping_status":"","sticky":false,"template":"","format":"standard","meta":{"footnotes":"","_share_on_mastodon":"0"},"categories":[1833],"tags":[3364,29,217,13484,30,1209,8953],"class_list":["post-1106787","post","type-post","status-publish","format-standard","has-post-thumbnail","category-dortmund","tag-de","tag-deutschland","tag-dortmund","tag-eving","tag-germany","tag-nordrhein-westfalen","tag-schule-kita"],"share_on_mastodon":{"url":"https:\/\/pubeurope.com\/@de\/116778343849828610","error":""},"_links":{"self":[{"href":"https:\/\/www.europesays.com\/de\/wp-json\/wp\/v2\/posts\/1106787","targetHints":{"allow":["GET"]}}],"collection":[{"href":"https:\/\/www.europesays.com\/de\/wp-json\/wp\/v2\/posts"}],"about":[{"href":"https:\/\/www.europesays.com\/de\/wp-json\/wp\/v2\/types\/post"}],"author":[{"embeddable":true,"href":"https:\/\/www.europesays.com\/de\/wp-json\/wp\/v2\/users\/2"}],"replies":[{"embeddable":true,"href":"https:\/\/www.europesays.com\/de\/wp-json\/wp\/v2\/comments?post=1106787"}],"version-history":[{"count":0,"href":"https:\/\/www.europesays.com\/de\/wp-json\/wp\/v2\/posts\/1106787\/revisions"}],"wp:featuredmedia":[{"embeddable":true,"href":"https:\/\/www.europesays.com\/de\/wp-json\/wp\/v2\/media\/1106788"}],"wp:attachment":[{"href":"https:\/\/www.europesays.com\/de\/wp-json\/wp\/v2\/media?parent=1106787"}],"wp:term":[{"taxonomy":"category","embeddable":true,"href":"https:\/\/www.europesays.com\/de\/wp-json\/wp\/v2\/categories?post=1106787"},{"taxonomy":"post_tag","embeddable":true,"href":"https:\/\/www.europesays.com\/de\/wp-json\/wp\/v2\/tags?post=1106787"}],"curies":[{"name":"wp","href":"https:\/\/api.w.org\/{rel}","templated":true}]}}