{"id":1107257,"date":"2026-06-19T23:36:31","date_gmt":"2026-06-19T23:36:31","guid":{"rendered":"https:\/\/www.europesays.com\/de\/1107257\/"},"modified":"2026-06-19T23:36:31","modified_gmt":"2026-06-19T23:36:31","slug":"berlin-petition-20-000-fuer-hape-kerkeling-als-bundespraesident-3","status":"publish","type":"post","link":"https:\/\/www.europesays.com\/de\/1107257\/","title":{"rendered":"Berlin | Petition: 20.000 f\u00fcr Hape Kerkeling als Bundespr\u00e4sident"},"content":{"rendered":"<p>Berlin (dpa) &#8211; Hape Kerkeling als Bundespr\u00e4sident: Eine Online-Petition zur Nominierung des Komikers f\u00fcr das h\u00f6chste Staatsamt hat inzwischen mehr als 20.000 Unterst\u00fctzer. Gerichtet ist der Aufruf auf der Plattform der Kampagnenorganisation Campact an die Fraktionsf\u00fchrungen von Union, SPD, Gr\u00fcnen und Linken im Bundestag.<\/p>\n<p>\u00abNominieren Sie Hans-Peter Kerkeling als gemeinsamen, \u00fcberparteilichen Kandidaten f\u00fcr das Amt des Bundespr\u00e4sidenten f\u00fcr die Wahl am 30. Januar 2027\u00bb, hei\u00dft es darin. \u00abDeutschland braucht an der Spitze keine Parteitaktik, sondern eine Pers\u00f6nlichkeit, die unser Land w\u00fcrdig repr\u00e4sentiert und gesellschaftlichen Zusammenhalt stiftet.\u00bb<\/p>\n<p>\u00abBesitzt Tiefe\u00bb<\/p>\n<p>Kerkeling habe bewiesen, dass er Tiefe besitze, hei\u00dft es zur Begr\u00fcndung. \u00abSeine Rede in der Gedenkst\u00e4tte Buchenwald am 12. April 2026 hat viele von uns ersch\u00fcttert und gleichzeitig inspiriert. Er sprach dort als Enkel von Hermann Kerkeling, der drei Jahre in Buchenwald f\u00fcr die Freiheit litt. Kerkeling hat klargemacht, dass unsere Demokratie t\u00e4gliche Pflege und eine lebendige Erinnerungskultur braucht.\u00bb<\/p>\n<p>Der 61-j\u00e4hrige Kerkeling ist seit Jahrzehnten als Komiker und Autor erfolgreich. Furore machte er unter anderem mit seiner Kunstfigur Horst Schl\u00e4mmer &#8211; sein Buch \u00abIch bin dann mal weg\u00bb wurde zum Bestseller.\u00a0<\/p>\n<p>Beim Gedenkakt zum Jahrestag der Befreiung des NS-Konzentrationslagers Buchenwald erinnerte er an die Leidenszeit seines dort damals inhaftierten Gro\u00dfvaters, der nach der Macht\u00fcbernahme der Nationalsozialisten Flugbl\u00e4tter gegen Adolf Hitler verteilt hatte. \u00abNie wieder\u00bb m\u00fcsse t\u00e4glicher Kompass sein, forderte sein Enkel in der Rede.<\/p>\n<p>\u00abSchlie\u00dfe nichts aus\u00bb<\/p>\n<p>Bundespr\u00e4sident Frank-Walter Steinmeier gibt sein Amt nach zehn Jahren 2027 ab. Sein Nachfolger oder seine Nachfolgerin wird von der Bundesversammlung gew\u00e4hlt, die aus Abgeordneten des Bundestags und Delegierten aus den L\u00e4ndern besteht. Die schwarz-rote Koalition will sich erst im Herbst festlegen, wen sie nominieren will.<\/p>\n<p>\u00dcber die Petition hatten mehrere Medien berichtet. Laut Stern TV sagte Kerkeling zu der m\u00f6glichen Nominierung: \u00abIch muss ihnen ehrlich sagen, nach all dem, was in der Welt passiert und wer so an der Spitze von Nationen steht \u2013 ich schlie\u00dfe nichts mehr aus.\u00bb Sein Unterton war allerdings deutlich ironisch. Online-Petitionen haben in der Regel wenig Einfluss auf politische Entscheidungsprozesse.<\/p>\n","protected":false},"excerpt":{"rendered":"Berlin (dpa) &#8211; Hape Kerkeling als Bundespr\u00e4sident: Eine Online-Petition zur Nominierung des Komikers f\u00fcr das h\u00f6chste Staatsamt hat&hellip;\n","protected":false},"author":2,"featured_media":1107258,"comment_status":"","ping_status":"","sticky":false,"template":"","format":"standard","meta":{"footnotes":"","_share_on_mastodon":"0"},"categories":[1825],"tags":[1941,1939,296,1937,14489,29,30,2549,1940,1938],"class_list":["post-1107257","post","type-post","status-publish","format-standard","has-post-thumbnail","category-berlin","tag-aktuelle-nachrichten-aus-berlin","tag-aktuelle-news-aus-berlin","tag-berlin","tag-berlin-news","tag-bundespraesident","tag-deutschland","tag-germany","tag-leute","tag-nachrichten-aus-berlin","tag-news-aus-berlin"],"share_on_mastodon":{"url":"https:\/\/pubeurope.com\/@de\/116779403636714299","error":""},"_links":{"self":[{"href":"https:\/\/www.europesays.com\/de\/wp-json\/wp\/v2\/posts\/1107257","targetHints":{"allow":["GET"]}}],"collection":[{"href":"https:\/\/www.europesays.com\/de\/wp-json\/wp\/v2\/posts"}],"about":[{"href":"https:\/\/www.europesays.com\/de\/wp-json\/wp\/v2\/types\/post"}],"author":[{"embeddable":true,"href":"https:\/\/www.europesays.com\/de\/wp-json\/wp\/v2\/users\/2"}],"replies":[{"embeddable":true,"href":"https:\/\/www.europesays.com\/de\/wp-json\/wp\/v2\/comments?post=1107257"}],"version-history":[{"count":0,"href":"https:\/\/www.europesays.com\/de\/wp-json\/wp\/v2\/posts\/1107257\/revisions"}],"wp:featuredmedia":[{"embeddable":true,"href":"https:\/\/www.europesays.com\/de\/wp-json\/wp\/v2\/media\/1107258"}],"wp:attachment":[{"href":"https:\/\/www.europesays.com\/de\/wp-json\/wp\/v2\/media?parent=1107257"}],"wp:term":[{"taxonomy":"category","embeddable":true,"href":"https:\/\/www.europesays.com\/de\/wp-json\/wp\/v2\/categories?post=1107257"},{"taxonomy":"post_tag","embeddable":true,"href":"https:\/\/www.europesays.com\/de\/wp-json\/wp\/v2\/tags?post=1107257"}],"curies":[{"name":"wp","href":"https:\/\/api.w.org\/{rel}","templated":true}]}}