{"id":1107393,"date":"2026-06-20T01:00:30","date_gmt":"2026-06-20T01:00:30","guid":{"rendered":"https:\/\/www.europesays.com\/de\/1107393\/"},"modified":"2026-06-20T01:00:30","modified_gmt":"2026-06-20T01:00:30","slug":"erste-bilder-spektakulaere-plaene-so-soll-das-gruenwalder-umgebaut-werden","status":"publish","type":"post","link":"https:\/\/www.europesays.com\/de\/1107393\/","title":{"rendered":"Erste Bilder, spektakul\u00e4re Pl\u00e4ne: So soll das Gr\u00fcnwalder umgebaut werden"},"content":{"rendered":"<p>Zugegeben, die Erste Liga scheint in diesen Giesinger Wochen sehr, sehr weit weg f\u00fcr den <a href=\"https:\/\/www.abendzeitung-muenchen.de\/sport\/tsv1860\/\" rel=\"nofollow noopener\" target=\"_blank\">TSV 1860<\/a>. Und doch ist es bei den Erweiterungspl\u00e4nen f\u00fcrs <a href=\"https:\/\/www.abendzeitung-muenchen.de\/thema\/gruenwalder-stadion\/\" rel=\"nofollow noopener\" target=\"_blank\">Gr\u00fcnwalder Stadion<\/a> ein zentraler Aspekt. Dass die L\u00f6wen wissen, dass sie \u2013 sollte es eines Tages tats\u00e4chlich wieder ganz nach oben gehen \u2013 auf dem Giesinger Berg sogar Bundesliga spielen k\u00f6nnten.<\/p>\n<p>Und es k\u00f6nnte funktionieren. Das ist das Ergebnis der lang erwarteten Machbarkeitsstudie, die die Sechzger am Freitagabend \u00a0an der Gr\u00fcnwalder Stra\u00dfe Nachbarn und Fans vorstellten. Es sind ambitionierte Pl\u00e4ne, die der EV vorantreiben will. Immerhin: Wie mehrmals berichtet, stehen Stadtspitze und Stadtrat dem Plan, dass die L\u00f6wen das st\u00e4dtische Stadion, das ihnen einst geh\u00f6rt hatte, in Erbpacht wieder selbst \u00fcbernehmen, sehr offen gegen\u00fcber.<\/p>\n<p>Die AZ erkl\u00e4rt die bisher bekannten Details aus der Studie<\/p>\n<p>An diesem Sonntag soll bei der Mitgliederversammlung die Gr\u00fcndung einer Stadionbetreibergesellschaft beschlossen werden. Und nun ist deutlich klarer, mit welchen Ideen die Sechzger ihre Mitglieder \u00fcberzeugen wollen.<\/p>\n<p>Erste Simulationen zeigen eine Osttrib\u00fcne, die architektonisch an die heutige Stehhalle angelehnt ist. Eine andere Visualisierung zeigt die Westkurve weiter als Fanblock \u2013 aber als eine Gerade direkt hinter dem Tor.<\/p>\n<p>  <img decoding=\"async\" loading=\"lazy\" src=\"https:\/\/www.europesays.com\/de\/wp-content\/uploads\/2026\/06\/1703804_artikelbild_1GdlAZ_MfyG4A.png\" alt=\"Die neue Osttrib\u00fcne erinnert architektonisch an die heutige Stehhalle. Ist aber ein modernes Bauwerk.\" title=\"Die neue Osttrib\u00fcne erinnert architektonisch an die heutige Stehhalle. Ist aber ein modernes Bauwerk.\" width=\"812\" height=\"459\"\/><\/p>\n<p>      Die neue Osttrib\u00fcne erinnert architektonisch an die heutige Stehhalle. Ist aber ein modernes Bauwerk.<br \/>\n      \u00a9 Powerhouse Company<\/p>\n<p>    Die neue Osttrib\u00fcne erinnert architektonisch an die heutige Stehhalle. Ist aber ein modernes Bauwerk.<\/p>\n<p>von Powerhouse Company <\/p>\n<p>&#8222;}&#8220;&gt; <\/p>\n<p>Mindestens genauso spannend f\u00fcr Fans (und Politiker und Nachbarn): die Eckdaten, was laut der Studie am Standort m\u00f6glich werden k\u00f6nnte. Neben der Erstligatauglichkeit waren die ersten Punkte, die am Freitag zu erfahren waren, folgende:<\/p>\n<p><b>\u2022<\/b> Durch PV-Anlage und Einspeisung k\u00f6nnte das Stadion ganz CO2-neutral werden. Ein Punkt, der f\u00fcr die \u00f6ffentliche Debatte durchaus eine Rolle spielen k\u00f6nnte \u2013 und auch bei der gr\u00fcn-gef\u00fchrten Stadtspitze gut ankommen k\u00f6nnte.<\/p>\n<p><b>\u2022<\/b> In der Machbarkeitsstudie ist die Rede von 25.000 Zuschauern. Eigentlich sind es sogar 27.000 \u2013 weil bei den L\u00f6wen mit Bezug auf die Machbarkeitsstudie nun explizit von &#8222;zus\u00e4tzlich&#8220; 2000 Business-Seats und Logen gesprochen wird. Diese sind f\u00fcr die Sechzger ein wesentlicher Punkt. Am Standort Giesing gilt seit langem als gro\u00dfer Wettbewerbsnachteil, dass es ganz anders als in modernen Fu\u00dfballarenen fast \u00fcberhaupt nicht m\u00f6glich ist, sehr teure Angebote f\u00fcr Firmenkunden und Co. zu machen \u2013 was f\u00fcr die Einnahmen im Profifu\u00dfball aber sehr wichtig geworden ist.<\/p>\n<p><b>\u2022<\/b> Die Westkurve wird auf 13.000 Zuschauer erweitert \u2013 und das offenbar mit einem Neubau. Nicht nur, dass eine erste Simulation eine gerade Trib\u00fcne (wenn auch mit geschwungenem Dach) hinterm Tor zeigt. Bei den L\u00f6wen war am Freitag auch die Rede davon, dass es auf halber H\u00f6he der Trib\u00fcne einen Umlauf geben werde &#8222;mit Gastroangebot und reichlich Toiletten&#8220;. Die historische Anzeigentafel aber soll integriert werden.<\/p>\n<p>Schon in den n\u00e4chsten Wochen sollen die Ergebnisse der Machbarkeitsstudie dann auch der Stadt \u00fcbergeben werden \u2013 die noch vor wenigen Jahren die Ansicht vertrat, mehr als 12.500 Zuschauer k\u00f6nnten nie wieder auf Giesings H\u00f6hen Fu\u00dfball schauen. Dann doch wieder 15.000 erlaubte und zuletzt von einer Obergrenze von 18.100 sprach. Nun also scheint denkbar, dass der Traum einer modernen Fu\u00dfballarena am Giesinger Berg wahr wird. Zumindest, wenn man sehr optimistisch ist, was die Finanzierung betrifft.<\/p>\n","protected":false},"excerpt":{"rendered":"Zugegeben, die Erste Liga scheint in diesen Giesinger Wochen sehr, sehr weit weg f\u00fcr den TSV 1860. Und&hellip;\n","protected":false},"author":2,"featured_media":1107394,"comment_status":"","ping_status":"","sticky":false,"template":"","format":"standard","meta":{"footnotes":"","_share_on_mastodon":"0"},"categories":[1827],"tags":[772,29,30,6787,108506,1268],"class_list":["post-1107393","post","type-post","status-publish","format-standard","has-post-thumbnail","category-muenchen","tag-bayern","tag-deutschland","tag-germany","tag-giesing","tag-gruenwalder-stadion","tag-muenchen"],"share_on_mastodon":{"url":"https:\/\/pubeurope.com\/@de\/116779734545988579","error":""},"_links":{"self":[{"href":"https:\/\/www.europesays.com\/de\/wp-json\/wp\/v2\/posts\/1107393","targetHints":{"allow":["GET"]}}],"collection":[{"href":"https:\/\/www.europesays.com\/de\/wp-json\/wp\/v2\/posts"}],"about":[{"href":"https:\/\/www.europesays.com\/de\/wp-json\/wp\/v2\/types\/post"}],"author":[{"embeddable":true,"href":"https:\/\/www.europesays.com\/de\/wp-json\/wp\/v2\/users\/2"}],"replies":[{"embeddable":true,"href":"https:\/\/www.europesays.com\/de\/wp-json\/wp\/v2\/comments?post=1107393"}],"version-history":[{"count":0,"href":"https:\/\/www.europesays.com\/de\/wp-json\/wp\/v2\/posts\/1107393\/revisions"}],"wp:featuredmedia":[{"embeddable":true,"href":"https:\/\/www.europesays.com\/de\/wp-json\/wp\/v2\/media\/1107394"}],"wp:attachment":[{"href":"https:\/\/www.europesays.com\/de\/wp-json\/wp\/v2\/media?parent=1107393"}],"wp:term":[{"taxonomy":"category","embeddable":true,"href":"https:\/\/www.europesays.com\/de\/wp-json\/wp\/v2\/categories?post=1107393"},{"taxonomy":"post_tag","embeddable":true,"href":"https:\/\/www.europesays.com\/de\/wp-json\/wp\/v2\/tags?post=1107393"}],"curies":[{"name":"wp","href":"https:\/\/api.w.org\/{rel}","templated":true}]}}