{"id":1107431,"date":"2026-06-20T01:20:18","date_gmt":"2026-06-20T01:20:18","guid":{"rendered":"https:\/\/www.europesays.com\/de\/1107431\/"},"modified":"2026-06-20T01:20:18","modified_gmt":"2026-06-20T01:20:18","slug":"ein-fliegendes-weisses-haus-trump-nimmt-geschenkte-boeing-aus-katar-in-betrieb","status":"publish","type":"post","link":"https:\/\/www.europesays.com\/de\/1107431\/","title":{"rendered":"&#8222;Ein fliegendes Wei\u00dfes Haus&#8220;: Trump nimmt geschenkte Boeing aus Katar in Betrieb"},"content":{"rendered":"<p>&#8222;Ein fliegendes Wei\u00dfes Haus&#8220;Trump nimmt geschenkte Boeing aus Katar in Betrieb<\/p>\n<p>20.06.2026, 02:04 Uhr <\/p>\n<p>Artikel anh\u00f6ren(03:30 min)<\/p>\n<p><img decoding=\"async\" class=\"Image_img__fQCi0 Image_Img_16_9__4BLfH widget-picture-inline_maximizable__t_E7h\" loading=\"eager\" fetchpriority=\"high\" src=\"https:\/\/www.europesays.com\/de\/wp-content\/uploads\/2026\/06\/US-Praesident-Donald-Trump-M-verlaesst-nach-einem-Rundgang-auf-der-Joint-Base-Andrews-das-neu-ausgew.webp\" alt=\"US-Praesident-Donald-Trump-M-verlaesst-nach-einem-Rundgang-auf-der-Joint-Base-Andrews-das-neu-ausgewiesene-Praesidentenflugzeug-Air-Force-One\"\/>US-Pr\u00e4sident Trump (M) verl\u00e4sst das neu ausgewiesene Pr\u00e4sidentenflugzeug &#8222;Air Force One&#8220;. (Foto: picture alliance\/dpa\/AP)TeilenFolgen auf:<a href=\"https:\/\/www.whatsapp.com\/channel\/0029Va5cdVJD8SDp5YZgYF01\" title=\"Auf WhatsApp folgen\" target=\"_blank\" rel=\"nofollow noopener\"><img decoding=\"async\" src=\"https:\/\/www.n-tv.de\/socialIcons\/whatsapp.svg\" alt=\"whatsapp\" class=\"ArticleShare_icon__FsrC2\"\/><\/a><a href=\"https:\/\/www.google.com\/preferences\/source?q=n-tv.de\" title=\"ntv als bevorzugte Quelle auf Google hinzuf\u00fcgen\" target=\"_blank\" rel=\"nofollow noopener\"><img decoding=\"async\" src=\"https:\/\/www.n-tv.de\/socialIcons\/google.svg\" alt=\"whatsapp\" class=\"ArticleShare_icon__FsrC2\"\/><\/a><\/p>\n<p class=\"Typography_text-m__XI0da Typography_weight-bold__uT6mq storyline_lead_text_leadtext__q_wg8\">Mit einer 400-Millionen-Dollar teuren Boeing beschenkt Katar die USA. W\u00e4hrend die Demokraten darin Bestechung sehen, schw\u00e4rmt US-Pr\u00e4sident Trump in h\u00f6chsten T\u00f6nen von dem Flugzeug. Er preist den Luxus und bilanziert, er w\u00e4re &#8222;dumm&#8220;, es nicht anzunehmen. <\/p>\n<p class=\"Typography_text-default__P3otY Typography_weight-normal__pqUbH storyline_paragraph_p__qSR5N\">Ein &#8222;fliegendes Wei\u00dfes Haus&#8220;: US-Pr\u00e4sident Donald Trump hat offiziell das neue Pr\u00e4sidentenflugzeug Air Force One eingeweiht, ein Geschenk des Golfstaats Katar. Die Maschine gelte als &#8222;das luxuri\u00f6seste Flugzeug der Welt&#8220;, schw\u00e4rmte Trump bei einer Zeremonie auf dem Luftwaffenst\u00fctzpunkt Andrews. Katar dankte er daf\u00fcr, &#8222;dass sie so nett waren und es bereitgestellt haben&#8220;. Das kostspielige Geschenk wirft ethische und verfassungsrechtliche Fragen auf. Vertreter der Demokratischen Partei hatten das Geschenk Katars als &#8222;Bestechung&#8220; und &#8222;ausl\u00e4ndische Einflussnahme&#8220; kritisiert.<\/p>\n<p class=\"Typography_text-default__P3otY Typography_weight-normal__pqUbH storyline_paragraph_p__qSR5N\">Um den Verdacht der Bestechlichkeit von Trump auszur\u00e4umen, ging die 400 Millionen Dollar teure &#8222;Spende&#8220; aus Katar offiziell an das Verteidigungsministerium. Trump hatte in der Vergangenheit gesagt, es w\u00e4re &#8222;dumm&#8220;, wenn er das &#8222;kostenlose, sehr teure Flugzeug&#8220; nicht annehmen w\u00fcrde. Das Geschenk aus Katar erspare dem Staat viel Geld, um die beiden veralteten Pr\u00e4sidentenmaschinen der Air-Force-One-Flotte zu ersetzen. <\/p>\n<p class=\"Typography_text-default__P3otY Typography_weight-normal__pqUbH storyline_paragraph_p__qSR5N\">Gleichzeitig weckte der Pr\u00e4sident weitere Besorgnis mit der Ank\u00fcndigung, sp\u00e4ter solle die Maschine an seine k\u00fcnftige Pr\u00e4sidenten-Bibliothek gehen. Die US-Verfassung verbietet es Regierungsvertretern, Geschenke, Titel oder \u00c4hnliches &#8222;von einem K\u00f6nig, Prinzen oder ausl\u00e4ndischen Staat&#8220; ohne Zustimmung des US-Kongresses anzunehmen.<\/p>\n<p>&#8222;Weiter und schneller als jede Air Force One&#8220;<\/p>\n<p class=\"Typography_text-default__P3otY Typography_weight-normal__pqUbH storyline_paragraph_p__qSR5N\">Bei der Einweihungszeremonie lobte Trump die neue Boeing 747 aus Katar in den h\u00f6chsten T\u00f6nen. Zahlreiche Menschen h\u00e4tten in den vergangenen Monaten viel Arbeit und &#8222;au\u00dfergew\u00f6hnliche Hingabe&#8220; investiert, um die Maschine &#8222;in ein fliegendes Wei\u00dfes Haus zu verwandeln, mit einem Ausma\u00df an Luxus, das niemand zuvor je gesehen hat&#8220;.<\/p>\n<p class=\"Typography_text-default__P3otY Typography_weight-normal__pqUbH storyline_paragraph_p__qSR5N\">&#8222;Wenn Sie es sehen, werden Sie es nicht glauben &#8211; die Qualit\u00e4t der H\u00f6lzer, die Qualit\u00e4t der Materialien, die Qualit\u00e4t der Triebwerke&#8220;, f\u00fchrte der Pr\u00e4sident weiter aus. Die neue Maschine fliege &#8222;weiter und schneller als jede Air Force One zuvor&#8220;. Trump k\u00fcndigte an, das neue Flugzeug solle voraussichtlich an einem \u00dcberflug w\u00e4hrend der Feierlichkeiten zum 250. Unabh\u00e4ngigkeitstag der USA am 4. Juli teilnehmen.<\/p>\n<p class=\"Typography_text-default__P3otY Typography_weight-normal__pqUbH storyline_paragraph_p__qSR5N\">Schon in seiner ersten Amtszeit hatte Trump es sich zur Aufgabe gemacht, die seit den 90er Jahren genutzten Pr\u00e4sidentenflugzeuge zu ersetzen. Am Donnerstag hatte das Wei\u00dfe Haus Abschied von einer der bislang genutzten Boeing 747 genommen, die die US-Pr\u00e4sidenten in den vergangenen Jahrzehnten bei ihren Reisen genutzt hatten. W\u00e4hrend die nun abgel\u00f6ste Maschine in Blau und Wei\u00df gehalten war, hat die neue einen marineblauen Rumpf, einen roten Streifen und eine wei\u00dfe Oberseite. Sobald ein US-Pr\u00e4sident sie nutzt, bekommt die Maschine das Rufzeichen Air Force One.<\/p>\n<p class=\"Typography_text-s__wu_cm Typography_weight-normal__pqUbH Typography_color-darkgrey__sZEnP article-detail-footer_source__KslPc\">Quelle: ntv.de, mau\/AFP<\/p>\n","protected":false},"excerpt":{"rendered":"&#8222;Ein fliegendes Wei\u00dfes Haus&#8220;Trump nimmt geschenkte Boeing aus Katar in Betrieb 20.06.2026, 02:04 Uhr Artikel anh\u00f6ren(03:30 min) US-Pr\u00e4sident&hellip;\n","protected":false},"author":2,"featured_media":1107432,"comment_status":"","ping_status":"","sticky":false,"template":"","format":"standard","meta":{"footnotes":"","_share_on_mastodon":"0"},"categories":[3],"tags":[3088,106,153693,13,579,324,14,15,16,12,10,8,9,11,103,104],"class_list":["post-1107431","post","type-post","status-publish","format-standard","has-post-thumbnail","category-welt","tag-boeing","tag-donald-trump","tag-flugbereitschaft","tag-headlines","tag-katar","tag-korruption","tag-nachrichten","tag-news","tag-politik","tag-schlagzeilen","tag-top-news","tag-top-meldungen","tag-topmeldungen","tag-topnews","tag-welt","tag-world"],"share_on_mastodon":{"url":"https:\/\/pubeurope.com\/@de\/116779812793132184","error":""},"_links":{"self":[{"href":"https:\/\/www.europesays.com\/de\/wp-json\/wp\/v2\/posts\/1107431","targetHints":{"allow":["GET"]}}],"collection":[{"href":"https:\/\/www.europesays.com\/de\/wp-json\/wp\/v2\/posts"}],"about":[{"href":"https:\/\/www.europesays.com\/de\/wp-json\/wp\/v2\/types\/post"}],"author":[{"embeddable":true,"href":"https:\/\/www.europesays.com\/de\/wp-json\/wp\/v2\/users\/2"}],"replies":[{"embeddable":true,"href":"https:\/\/www.europesays.com\/de\/wp-json\/wp\/v2\/comments?post=1107431"}],"version-history":[{"count":0,"href":"https:\/\/www.europesays.com\/de\/wp-json\/wp\/v2\/posts\/1107431\/revisions"}],"wp:featuredmedia":[{"embeddable":true,"href":"https:\/\/www.europesays.com\/de\/wp-json\/wp\/v2\/media\/1107432"}],"wp:attachment":[{"href":"https:\/\/www.europesays.com\/de\/wp-json\/wp\/v2\/media?parent=1107431"}],"wp:term":[{"taxonomy":"category","embeddable":true,"href":"https:\/\/www.europesays.com\/de\/wp-json\/wp\/v2\/categories?post=1107431"},{"taxonomy":"post_tag","embeddable":true,"href":"https:\/\/www.europesays.com\/de\/wp-json\/wp\/v2\/tags?post=1107431"}],"curies":[{"name":"wp","href":"https:\/\/api.w.org\/{rel}","templated":true}]}}