{"id":1107506,"date":"2026-06-20T02:03:35","date_gmt":"2026-06-20T02:03:35","guid":{"rendered":"https:\/\/www.europesays.com\/de\/1107506\/"},"modified":"2026-06-20T02:03:35","modified_gmt":"2026-06-20T02:03:35","slug":"radeberg-beschliesst-machbarkeitsstudie-fuer-autonomes-fahren-dawo","status":"publish","type":"post","link":"https:\/\/www.europesays.com\/de\/1107506\/","title":{"rendered":"Radeberg beschlie\u00dft Machbarkeitsstudie f\u00fcr autonomes Fahren &#8211; DAWO!"},"content":{"rendered":"<p><img decoding=\"async\" src=\"https:\/\/www.europesays.com\/de\/wp-content\/uploads\/2026\/06\/Autonomes-Fahren-678x381.jpg\" alt=\"Autonomes Fahren\" title=\"Autonomes Fahren\" class=\"lazyload\" style=\"--smush-placeholder-width: 678px; --smush-placeholder-aspect-ratio: 678\/381;\"\/><br \/>\nDieses Bus f\u00e4hrtbereits zwischen S-Bahnhof Rackwitz und Schladitzer Bucht. Foto: Bastian Raabe<\/p>\n<p><strong>Gibt es konkrete Einsatzm\u00f6glichkeiten f\u00fcr autonome Verkehrssysteme in der Gro\u00dfen Kreisstadt Radeberg? Eine Studie soll das pr\u00fcfen und damit die Grundlage f\u00fcr ein m\u00f6gliches sp\u00e4teres Verkehrsprojekt schaffen. Deshalb beschloss der Stadtrat von Radeberg jetzt eine Machbarkeisstudie.<\/strong><\/p>\n<p>Radeberg schaut auf Dresden, genauer auf den Norden der Landeshauptstadt. Denn hier entsteht mit ESMC eine gigantische neue Halbleiterfabrik mit tausenden neuen Fach- und Arbeitskr\u00e4ften. Und die werden nicht nur in Dresden wohnen, sondern auch in Ballungsr\u00e4umen rund um die Landeshauptstadt wie zum Beispiel in Radeberg. Das wiederum macht gute Verkehrsanbindungen umso wichtiger.<\/p>\n<p>Darum wird die Machbarkeitsstudie in Auftrag gegeben<\/p>\n<p>Fakt ist: Im Vergleich zum privaten Pkw-Verkehr ist der \u00d6ffentliche Personennahverkehr (\u00d6PNV) au\u00dferhalb von Metropolr\u00e4umen bislang nicht konkurrenzf\u00e4hig, insbesondere in Bezug auf Abdeckung, Taktung und Reisedauer. Hinzu kommt ein zunehmender Mangel an qualifizierten Busfahrpersonal, der au\u00dferdem noch durch hohe Zugangsvoraussetzungen und den demografischen Wandel verst\u00e4rkt wird. Autonomes Fahren ist daher ein m\u00f6glicher Ansatz f\u00fcr Verbesserungen.<\/p>\n<p>Wie also k\u00f6nnen gute Verkehrsanbindungen in Radeberg aussehen \u2013 insbesondere von Bahnhof und Innenstadt zu den bestehenden Gewerbegebieten an der Heide- und der Pillnitzer Stra\u00dfe sowie zum geplanten Gewerbegebiet Radeberg Ost? Wo bestehen die gr\u00f6\u00dften Bedarfe und welche Gebiete lassen sich gut beziehungsweise schlecht automatisieren? Genau das soll die Studie kl\u00e4ren. Untersucht werden dabei m\u00f6glich Linien und Routen, die Automatisierbarkeit dieser Strecken, es bedarf eines Bedien- und Betriebskonzepts und nicht zuletzt muss die wirtschaftliche Tragf\u00e4higkeit eines sp\u00e4teren Betriebs bewertet werden.<\/p>\n<p>Sind alles Fakten zusammengetragen, dient die Machbarkeitsstudie als faktenbasierte Diskussionsgrundlage f\u00fcr Gespr\u00e4che mit dem Landkreis Bautzen, dem ZVVO als potentiellen Betreiber der Fahrzeuge sowie potenziellen Investoren.<\/p>\n<p>Was kostet die Studie?<\/p>\n<p>Die Studie kostet rund 150.000 Euro und soll unter der Voraussetzung durchgef\u00fchrt werden, dass F\u00f6rdermittel aus dem Programm \u201eRL Mobilit\u00e4t EFRE\/JTF 2021\u20132027\u201c bewilligt werden. Bei einer F\u00f6rderquote von 75 Prozent werden 112.500 Euro \u00fcber F\u00f6rdermittel abgedeckt, 37.500 Euro bringt die Stadt aus Eigenmitteln auf, die aus Mehreinnahmen bei Zinsen bereitgestellt werden.<\/p>\n<p>\u201eMit der Machbarkeitsstudie haben wir ein Leuchtturmprojekt vor uns, dass mit Sicherheit \u00fcber die Stadtgrenzen hinaus in den Landkreis Bautzen und den gesamten Freistaat Sachsen ausstrahlen wird. Radeberg pr\u00e4sentiert sich damit als Stadt der Zukunft. Die Zustimmung des Stadtrates ist ein wichtiges Signal daf\u00fcr, dass wir das Thema moderne Mobilit\u00e4t selbst aktiv gestalten wollen\u201c, so Radebergs OB Frank H\u00f6hme.<\/p>\n<p>&#13;<br \/>\n\t\t\t\t Post Views: 188&#13;\n\t\t\t<\/p>\n","protected":false},"excerpt":{"rendered":"Dieses Bus f\u00e4hrtbereits zwischen S-Bahnhof Rackwitz und Schladitzer Bucht. Foto: Bastian Raabe Gibt es konkrete Einsatzm\u00f6glichkeiten f\u00fcr autonome&hellip;\n","protected":false},"author":2,"featured_media":1107507,"comment_status":"","ping_status":"","sticky":false,"template":"","format":"standard","meta":{"footnotes":"","_share_on_mastodon":"0"},"categories":[1835],"tags":[10757,3364,29,2386,30,234484,50697,859],"class_list":["post-1107506","post","type-post","status-publish","format-standard","has-post-thumbnail","category-dresden","tag-autonomes-fahren","tag-de","tag-deutschland","tag-dresden","tag-germany","tag-mahbarkeitsstudie","tag-radeberg","tag-sachsen"],"share_on_mastodon":{"url":"https:\/\/pubeurope.com\/@de\/116779981673093957","error":""},"_links":{"self":[{"href":"https:\/\/www.europesays.com\/de\/wp-json\/wp\/v2\/posts\/1107506","targetHints":{"allow":["GET"]}}],"collection":[{"href":"https:\/\/www.europesays.com\/de\/wp-json\/wp\/v2\/posts"}],"about":[{"href":"https:\/\/www.europesays.com\/de\/wp-json\/wp\/v2\/types\/post"}],"author":[{"embeddable":true,"href":"https:\/\/www.europesays.com\/de\/wp-json\/wp\/v2\/users\/2"}],"replies":[{"embeddable":true,"href":"https:\/\/www.europesays.com\/de\/wp-json\/wp\/v2\/comments?post=1107506"}],"version-history":[{"count":0,"href":"https:\/\/www.europesays.com\/de\/wp-json\/wp\/v2\/posts\/1107506\/revisions"}],"wp:featuredmedia":[{"embeddable":true,"href":"https:\/\/www.europesays.com\/de\/wp-json\/wp\/v2\/media\/1107507"}],"wp:attachment":[{"href":"https:\/\/www.europesays.com\/de\/wp-json\/wp\/v2\/media?parent=1107506"}],"wp:term":[{"taxonomy":"category","embeddable":true,"href":"https:\/\/www.europesays.com\/de\/wp-json\/wp\/v2\/categories?post=1107506"},{"taxonomy":"post_tag","embeddable":true,"href":"https:\/\/www.europesays.com\/de\/wp-json\/wp\/v2\/tags?post=1107506"}],"curies":[{"name":"wp","href":"https:\/\/api.w.org\/{rel}","templated":true}]}}