{"id":1107561,"date":"2026-06-20T02:35:34","date_gmt":"2026-06-20T02:35:34","guid":{"rendered":"https:\/\/www.europesays.com\/de\/1107561\/"},"modified":"2026-06-20T02:35:34","modified_gmt":"2026-06-20T02:35:34","slug":"ueber-den-daechern-stuttgarts-so-schoen-sind-die-balkone-im-kessel","status":"publish","type":"post","link":"https:\/\/www.europesays.com\/de\/1107561\/","title":{"rendered":"\u00dcber den D\u00e4chern Stuttgarts: So sch\u00f6n sind die Balkone im Kessel"},"content":{"rendered":"<p>Wenn der Gro\u00dfstadttrubel zu laut und das n\u00e4chste St\u00fcck Gr\u00fcn zu weit weg ist, fl\u00fcchten Stuttgarter:innen nur zu gerne auf ihren <a href=\"https:\/\/www.stuttgarter-zeitung.de\/thema\/Balkon\" title=\"Balkon\" class=\"art_thema\" rel=\"nofollow noopener\" target=\"_blank\">Balkon<\/a> \u2013 wenn sie denn einen haben. Luxus, wer einen hat, noch mehr Luxus, wer zus\u00e4tzlich mit einer sch\u00f6nen Aussicht und tollem Gartenmobiliar gesegnet ist. <\/p>\n<p>Dieses sieht auf vielen Balkonen wie folgt aus: Bunt gemusterte Kissen liegen auf geflochtenen Korbsesseln, eine bis mehrere Pflanzen daneben und fertig ist der Ort, an dem man sich auch mitten in der <a href=\"https:\/\/www.stuttgarter-zeitung.de\/thema\/Stadt\" title=\"Stadt\" class=\"art_thema\" rel=\"nofollow noopener\" target=\"_blank\">Stadt<\/a> wie im Urlaub f\u00fchlt. Arg viel mehr passt sowieso nicht auf die typisch schmalen Gro\u00dfstadt-Balkone. <\/p>\n<p>Drei junge Stuttgarter:innen haben es sich auf ihren wenigen Quadratmetern Au\u00dfenbereich besonders sch\u00f6n gemacht und uns erz\u00e4hlt, wie und warum sie sich alle so hyggelig (zu Deutsch: gem\u00fctlich) eingerichtet haben. <\/p>\n<p>Steffi verspr\u00fcht Urlaubsfeeling im Kessel <\/p>\n<p>Auf Steffis Balkon sticht einem sofort der tolle Ausblick bis zum Fernsehturm ins Auge. \u201eDas ist f\u00fcr mich jeden Tag aufs Neue ein Wow-Effekt\u201c, schw\u00e4rmt die 31-j\u00e4hrige Sachbearbeiterin. Ihr Balkon sei der wichtigste Part ihrer Wohnung in <a href=\"https:\/\/www.stuttgarter-zeitung.de\/thema\/Stuttgart\" title=\"Stuttgart\" class=\"art_thema\" rel=\"nofollow noopener\" target=\"_blank\">Stuttgart<\/a>-Mitte, gerade in den Sommermonaten. Klar also, dass sie sich bei der Einrichtung besonders viel M\u00fche gegeben hat: Steffi setzt auf selbstgemalte Bilder, Lichterketten und Pflanzen. Inspiration daf\u00fcr sammelte sie auf ihren beiden Asien-Reisen. \u201eDas ist meine kleine, sch\u00f6ne R\u00fcckzugsoase\u201c, beschreibt Steffi ihren Balkon in drei Worten. <\/p>\n<p>Am liebsten nutze sie ihren Balkon, um nach der Arbeit zu entspannen oder morgens bei gutem Wetter ausgiebig zu fr\u00fchst\u00fccken. \u201eIch bin eine kleine Sonnenanbeterin\u201c, sagt Steffi. Ihr Lieblingspiece auf dem Balkon ist das Zitronenb\u00e4umchen, das auch schon Fr\u00fcchte getragen hat und zus\u00e4tzliches Urlaubsfeeling verspr\u00fcht. Ebenfalls hoch im Kurs ist das selbstgemalte, abstrakte Kunstgem\u00e4lde, das sie von ihrer Mutter geschenkt bekommen hat. Au\u00dferdem legt Steffi Wert auf Pflanzen \u2013 das mache den Balkon sch\u00f6ner und lebhafter. <\/p>\n<p>Berno pflanzt sich auf seine gr\u00fcne Oase <\/p>\n<p>Im Stuttgarter Westen hat es sich Berno im f\u00fcnften Stock gem\u00fctlich gemacht und kostet dort den ganzen Tag die Sonne auf gleich zwei Balkonen aus. \u201eDas ist mein Happy Place, weil da nichts ist, au\u00dfer Natur und einer Sitzm\u00f6glichkeit\u201c, sagt Berno. Sein Tag startet drau\u00dfen mit einer Tasse Kaffee, geht weiter mit einer Mittagspause an der frischen Luft und endet mit einem guten Buch in der Abendsonne. Dabei zieht er stets dem Licht hinterher, das \u00fcber den Tag von einem zum anderen Balkon wandert.<\/p>\n<p>\u00c4hnlich wie seine Pflanzen: Mitten im Gro\u00dfstadtdschungel hat sich Berno sein eigenes gr\u00fcnes Reich gez\u00fcchtet. Im letzten Fr\u00fchling pflanzte er allerlei Kr\u00e4uter in Terracotta-T\u00f6pfen an. Kein Wunder also, dass er auf seinem Balkon Italien-Vibes catcht. Das ist aber noch nicht alles, Schlingpflanzen ranken sich am Gel\u00e4nder entlang, ein Efeu w\u00e4chst in der Ecke und duftenden Lavendel hat Berno f\u00fcr die Bienen auch eingetopft. Sogar an Tomaten hat sich der 31-j\u00e4hrige Social-Media-Redakteur schon versucht, die trockneten allerdings \u00fcber den Sommerurlaub ein. <\/p>\n<p>Um den wenigen Platz optimal zu nutzen, wird Berno bei seiner Einrichtung kreativ: \u201eDie Bank auf meinem Balkon habe ich mir selbst zusammengebastelt.\u201c Gem\u00fctliche Kissen darauf d\u00fcrfen nicht fehlen. Auch das halbrunde Tischchen ist von seinen Vormieter:innen handgefertigt und l\u00e4sst sich, um noch mehr Platz zu sparen, sogar einklappen. \u201eMan muss, wenn man so einen schmalen Balkon hat, einfach optimizen und am besten handwerklich aktiv werden, damit es gut wird und alles reinpasst\u201c, sagt Berno.<\/p>\n<p> Daniela setzt auf Boho-Chic und Scandi-Style <\/p>\n<p>\u201eDas ist f\u00fcr uns wie ein zweites Wohnzimmer\u201c, sagt Daniela \u00fcber ihren Balkon in Stuttgart-Mitte. Im <a href=\"https:\/\/www.stuttgarter-zeitung.de\/thema\/Sommer\" title=\"Sommer\" class=\"art_thema\" rel=\"nofollow noopener\" target=\"_blank\">Sommer<\/a> verlagere sich ihr Lebensmittelpunkt auf den Au\u00dfenteil der Wohnung. Dort sitzt die 41-J\u00e4hrige oft mit Freund:innen bei einem Aperol Spritz zusammen oder allein zum Runterkommen und Entspannen. Am liebsten schmei\u00dfen sie und ihre Familie aber den Grill an: \u201eWir grillen total viel, auch im Winter. Das geht schnell, schmeckt den Kindern und passt zu meiner Ern\u00e4hrungsform.\u201c <\/p>\n<p>Auf ihrem Instagram-Account gibt Daniela \u00fcber 25.000 Follower:innen Tipps rund um Sport, Fitness und Ern\u00e4hrung. So kam es w\u00e4hrend der Coronapandemie sogar dazu, dass sie sich ein kleines Gym f\u00fcr ihr Cardio-Training auf ihrem Balkon einrichtete. Mittlerweile hat sie Springseile und Kurzhanteln durch zusammengesammeltes Mobiliar aus dem Baumarkt und Onlineshops ausgetauscht. Es soll gem\u00fctlich sein, aber auch funktional f\u00fcr ihre beiden Kids, die sich gern mal auf den Liegestuhl fl\u00e4zen.<\/p>\n<p>Auf Danielas Balkon mischen sich Boho-Chic und moderner Scandi-Style: Traumf\u00e4nger halten schlechte Energie ab, eine Lampion-Lichterkette sorgt f\u00fcr warmes Licht und erdige T\u00f6ne f\u00fcr einen einheitlichen Look. Ein Highlight: Die Holzbank, auf der jetzt Deko steht, hat Daniela von den Vormieter:innen ihrer Eltern und f\u00fcr ihren Balkon selbst recycelt. Daniela hat es sich auf ihrem Balkon so sch\u00f6n eingerichtet, dass sie sogar schon Urlaub auf Balkonien gemacht hat: \u201eIch bin gerne zuhause, ich habe hier alles und muss nicht unbedingt wegfahren.\u201c<\/p>\n<p>Dieser Artikel erschien erstmals am 30. Mai 2025 und wurde am 19. Juni 2026 aktualisiert. <\/p>\n","protected":false},"excerpt":{"rendered":"Wenn der Gro\u00dfstadttrubel zu laut und das n\u00e4chste St\u00fcck Gr\u00fcn zu weit weg ist, fl\u00fcchten Stuttgarter:innen nur zu&hellip;\n","protected":false},"author":2,"featured_media":1107562,"comment_status":"","ping_status":"","sticky":false,"template":"","format":"standard","meta":{"footnotes":"","_share_on_mastodon":"0"},"categories":[1775],"tags":[1793,10016,29,23595,23518,214,598,30,1854,136095,1794,2715,3041,3652,1441,215],"class_list":["post-1107561","post","type-post","status-publish","format-standard","has-post-thumbnail","category-kunst-und-design","tag-art-and-design","tag-balkon","tag-deutschland","tag-draussen","tag-einrichtung","tag-entertainment","tag-garten","tag-germany","tag-homestory","tag-interior-design","tag-kunst-und-design","tag-sommer","tag-stadt","tag-stadtkind","tag-stuttgart","tag-unterhaltung"],"share_on_mastodon":{"url":"","error":""},"_links":{"self":[{"href":"https:\/\/www.europesays.com\/de\/wp-json\/wp\/v2\/posts\/1107561","targetHints":{"allow":["GET"]}}],"collection":[{"href":"https:\/\/www.europesays.com\/de\/wp-json\/wp\/v2\/posts"}],"about":[{"href":"https:\/\/www.europesays.com\/de\/wp-json\/wp\/v2\/types\/post"}],"author":[{"embeddable":true,"href":"https:\/\/www.europesays.com\/de\/wp-json\/wp\/v2\/users\/2"}],"replies":[{"embeddable":true,"href":"https:\/\/www.europesays.com\/de\/wp-json\/wp\/v2\/comments?post=1107561"}],"version-history":[{"count":0,"href":"https:\/\/www.europesays.com\/de\/wp-json\/wp\/v2\/posts\/1107561\/revisions"}],"wp:featuredmedia":[{"embeddable":true,"href":"https:\/\/www.europesays.com\/de\/wp-json\/wp\/v2\/media\/1107562"}],"wp:attachment":[{"href":"https:\/\/www.europesays.com\/de\/wp-json\/wp\/v2\/media?parent=1107561"}],"wp:term":[{"taxonomy":"category","embeddable":true,"href":"https:\/\/www.europesays.com\/de\/wp-json\/wp\/v2\/categories?post=1107561"},{"taxonomy":"post_tag","embeddable":true,"href":"https:\/\/www.europesays.com\/de\/wp-json\/wp\/v2\/tags?post=1107561"}],"curies":[{"name":"wp","href":"https:\/\/api.w.org\/{rel}","templated":true}]}}