{"id":1107666,"date":"2026-06-20T03:37:57","date_gmt":"2026-06-20T03:37:57","guid":{"rendered":"https:\/\/www.europesays.com\/de\/1107666\/"},"modified":"2026-06-20T03:37:57","modified_gmt":"2026-06-20T03:37:57","slug":"rb-leipzig-insider-packt-ueber-klopp-zoff-aus","status":"publish","type":"post","link":"https:\/\/www.europesays.com\/de\/1107666\/","title":{"rendered":"RB Leipzig: Insider packt \u00fcber Klopp-Zoff aus"},"content":{"rendered":"\n<p>Ole Werner ist bei RB Leipzig nach nur einem Jahr schon wieder Geschichte &#8211; und stolperte dem Vernehmen nach auch \u00fcber Unstimmigkeiten mit Red-Bull-Fu\u00dfballchef J\u00fcrgen Klopp. Aber wie viel Macht hat die Trainer-Ikone bei den Sachsen \u00fcberhaupt?<\/p>\n<p>&#8222;Wenn es um Trainer und gro\u00dfe Entscheidungen geht, haben\u00a0Klopp\u00a0und Co., nat\u00fcrlich auch den Segen von Red-Bull-CEO Oliver Mintzlaff. Die haben da schon ein geh\u00f6riges Mitspracherecht&#8220;, schilderte Guido Sch\u00e4fer, Ex-Fu\u00dfballer und heutiger RB-Experte der &#8222;Leipziger Volkszeitung&#8220; bei &#8222;Sport1&#8220;.<\/p>\n<p>Offiziell d\u00fcrfe der ehemalige Erfolgscoach von BVB und FC Liverpool bei RB und Co. nicht mitmischen &#8222;auch wegen 50+1&#8220;, betonte der Reporter. Aber: &#8222;Ohne\u00a0Klopp\u00a0und Co. werden keine gro\u00dfen Entscheidungen mehr getroffen, weder in Leipzig noch in Salzburg.&#8220;<\/p>\n<p>Zwischen Klopp und Werner habe es schon vor L\u00e4ngerem eine &#8222;Zerr\u00fcttung&#8220; gegeben, erz\u00e4hlte Sch\u00e4fer. &#8222;Das ist nichts, was gestern passiert ist.\u00a0Man hat vielleicht voneinander anderes erwartet.&#8220;<\/p>\n<p>Werner habe irgendwann &#8222;keine Lust mehr auf\u00a0die\u00a0Tipps und die Anweisungen&#8220; aus der Red-Bull-Firmenzentrale gehabt, sein Rauswurf habe\u00a0vor diesem Hintergrund quasi &#8222;seit Monaten&#8220; festgestanden, erkl\u00e4rte der Insider.<\/p>\n<p>RB Leipzig: Umgang mit Ole Werner &#8222;katastrophal&#8220;<\/p>\n<p>Den Umgang mit dem 38 Jahre alten Ex-Coach der Sachsen finde er &#8222;katastrophal&#8220;, monierte Sch\u00e4fer. &#8222;Irgendjemand hat diverse Medien immer wieder gef\u00fcttert mit Intimit\u00e4ten, die nichts\u00a0in der \u00d6ffentlichkeit zu suchen haben. Da ging es darum, was Ole Werner vermeintlich alles nicht kann, was Klopp und Co. an ihm\u00a0bem\u00e4ngeln. Das hat alle verletzt und besch\u00e4digt.&#8220;<\/p>\n<p>Sch\u00e4fer sieht ein grunds\u00e4tzliches &#8222;Problem&#8220; bei der Besetzung des Postens des RB-\u00dcbungsleiters: &#8222;Sie wollen einerseits Trainer haben, die Charisma haben, die Klasse haben, die \u00dcberzeugung haben, die mutig sind. Andererseits sollen sie dann auch so biegsam sein, um dann immer empf\u00e4nglich zu sein f\u00fcr die Tipps der Globalen, das bei\u00dft sich.&#8220;<\/p>\n<p>&#8222;Sehr, sehr fix&#8220; sei nach seinem Kenntnisstand, dass der fr\u00fchere Bundesliga-Profi Martin Demichelis die Nachfolge von Werner bei RB Leipzig antritt, so Sch\u00e4fer.<\/p>\n<p>Der 45 Jahre alte Argentinier steht aktuell noch beim spanischen Erstliga-Absteiger RCD Mallorca unter Vertrag.<\/p>\n","protected":false},"excerpt":{"rendered":"Ole Werner ist bei RB Leipzig nach nur einem Jahr schon wieder Geschichte &#8211; und stolperte dem Vernehmen&hellip;\n","protected":false},"author":2,"featured_media":1107667,"comment_status":"","ping_status":"","sticky":false,"template":"","format":"standard","meta":{"footnotes":"","_share_on_mastodon":"0"},"categories":[1832],"tags":[299,3364,29,347,30,234512,4665,71,14828,859,863,887],"class_list":["post-1107666","post","type-post","status-publish","format-standard","has-post-thumbnail","category-leipzig","tag-bundesliga","tag-de","tag-deutschland","tag-fussball","tag-germany","tag-guido-schaefer","tag-juergen-klopp","tag-leipzig","tag-ole-werner","tag-sachsen","tag-sport-allgemein","tag-top-fussball"],"share_on_mastodon":{"url":"https:\/\/pubeurope.com\/@de\/116780355146117946","error":""},"_links":{"self":[{"href":"https:\/\/www.europesays.com\/de\/wp-json\/wp\/v2\/posts\/1107666","targetHints":{"allow":["GET"]}}],"collection":[{"href":"https:\/\/www.europesays.com\/de\/wp-json\/wp\/v2\/posts"}],"about":[{"href":"https:\/\/www.europesays.com\/de\/wp-json\/wp\/v2\/types\/post"}],"author":[{"embeddable":true,"href":"https:\/\/www.europesays.com\/de\/wp-json\/wp\/v2\/users\/2"}],"replies":[{"embeddable":true,"href":"https:\/\/www.europesays.com\/de\/wp-json\/wp\/v2\/comments?post=1107666"}],"version-history":[{"count":0,"href":"https:\/\/www.europesays.com\/de\/wp-json\/wp\/v2\/posts\/1107666\/revisions"}],"wp:featuredmedia":[{"embeddable":true,"href":"https:\/\/www.europesays.com\/de\/wp-json\/wp\/v2\/media\/1107667"}],"wp:attachment":[{"href":"https:\/\/www.europesays.com\/de\/wp-json\/wp\/v2\/media?parent=1107666"}],"wp:term":[{"taxonomy":"category","embeddable":true,"href":"https:\/\/www.europesays.com\/de\/wp-json\/wp\/v2\/categories?post=1107666"},{"taxonomy":"post_tag","embeddable":true,"href":"https:\/\/www.europesays.com\/de\/wp-json\/wp\/v2\/tags?post=1107666"}],"curies":[{"name":"wp","href":"https:\/\/api.w.org\/{rel}","templated":true}]}}