{"id":110771,"date":"2025-05-14T20:14:13","date_gmt":"2025-05-14T20:14:13","guid":{"rendered":"https:\/\/www.europesays.com\/de\/110771\/"},"modified":"2025-05-14T20:14:13","modified_gmt":"2025-05-14T20:14:13","slug":"weitere-durchsuchungen-wegen-ex-raf-terroristen-in-berlin-nachrichten-aktuell","status":"publish","type":"post","link":"https:\/\/www.europesays.com\/de\/110771\/","title":{"rendered":"Weitere Durchsuchungen wegen Ex-RAF-Terroristen in Berlin | Nachrichten Aktuell"},"content":{"rendered":"<p>Die Polizei h\u00e4lt den Druck auf die gesuchten fr\u00fcheren Linksterroristen aufrecht. In Berlin wurden mehrere Geb\u00e4ude durchsucht. Auch eine mutma\u00dfliche Unterst\u00fctzerin wurde ins Visier genommen.<\/p>\n<p id=\"absatz1\" class=\"em_text\">Bei der Fahndung nach den Ex-RAF-Terroristen Ernst-Volker Staub und Burkhard Garweg haben Einsatzkr\u00e4ften vier Geb\u00e4ude in Berlin durchsucht. Die Beamten nahmen unter anderem die R\u00e4ume einer mutma\u00dflichen Mitt\u00e4terin unter die Lupe, wie die Staatsanwaltschaft Verden und das Landeskriminalamt Niedersachsen mitteilten. Sie ermitteln gegen die 38-J\u00e4hrige wegen Beihilfe zum schweren Raub. Ein Haftbefehl gegen die Frau liegt aber nicht vor.<\/p>\n<p id=\"absatz2\" class=\"em_text\">Die Einsatzkr\u00e4fte durchsuchten nach eigenen Angaben vormittags Geb\u00e4ude in den Berliner Stadtteilen Charlottenburg-Wilmersdorf, Sch\u00f6neberg, Reinickendorf und Westend. Ein Einsatz richtete sich gegen eine unverd\u00e4chtige Frau, wie die Beh\u00f6rden weiter mitteilten. Die Beamten beschlagnahmten mehrere Mobiltelefone, Laptops und weitere Datentr\u00e4ger, die jetzt ausgewertet werden. Von den beiden Ex-RAF-Terroristen fehlt weiter jede Spur.<\/p>\n<p>Gesucht wegen Terrorverdachts und Raub\u00fcberf\u00e4llen<\/p>\n<p id=\"absatz4\" class=\"em_text\">Die RAF war \u00fcber Jahrzehnte der Inbegriff von Terror und Mord in Deutschland. 1998 erkl\u00e4rte die Gruppe sich f\u00fcr aufgel\u00f6st. In der aktiven Terror-Zeit der sogenannten dritten Generation wurden der damalige Deutsche-Bank-Chef Alfred Herrhausen (1989) und Treuhand-Chef Detlev Karsten Rohwedder (1991) ermordet.<\/p>\n<p id=\"absatz5\" class=\"em_text\">Gegen Staub und Garweg bestehen Haftbefehle wegen des Verdachts der Beteiligung an Terroranschl\u00e4gen. Sie werden auch wegen mehrerer Raub\u00fcberf\u00e4lle und wegen versuchten Mordes gesucht. Zwischen 1999 und 2016 sollen sie Geldtransporter und Superm\u00e4rkte in Niedersachsen, Nordrhein-Westfalen und Schleswig-Holstein \u00fcberfallen haben.<\/p>\n<p id=\"absatz6\" class=\"em_text\">Die Polizei nahm ihre mutma\u00dfliche Komplizin Daniela Klette am 26. Februar 2024 in ihrer Wohnung in Berlin-Kreuzberg fest. Sie steht inzwischen wegen der Raub\u00fcberf\u00e4lle vor Gericht. <\/p>\n","protected":false},"excerpt":{"rendered":"Die Polizei h\u00e4lt den Druck auf die gesuchten fr\u00fcheren Linksterroristen aufrecht. In Berlin wurden mehrere Geb\u00e4ude durchsucht. Auch&hellip;\n","protected":false},"author":2,"featured_media":110772,"comment_status":"","ping_status":"","sticky":false,"template":"","format":"standard","meta":{"footnotes":""},"categories":[1825],"tags":[1941,1939,296,1937,32935,531,29,4417,32936,30,43258,1940,1938,1411,18295,3573,43259,1997],"class_list":{"0":"post-110771","1":"post","2":"type-post","3":"status-publish","4":"format-standard","5":"has-post-thumbnail","7":"category-berlin","8":"tag-aktuelle-nachrichten-aus-berlin","9":"tag-aktuelle-news-aus-berlin","10":"tag-berlin","11":"tag-berlin-news","12":"tag-burkhard-garweg","13":"tag-charlottenburg-wilmersdorf","14":"tag-deutschland","15":"tag-durchsuchung","16":"tag-ernst-volker-staub","17":"tag-germany","18":"tag-lka-niedersachsen","19":"tag-nachrichten-aus-berlin","20":"tag-news-aus-berlin","21":"tag-niedersachsen","22":"tag-raf","23":"tag-reinickendorf","24":"tag-schneberg","25":"tag-staatsanwaltschaft"},"share_on_mastodon":{"url":"https:\/\/pubeurope.com\/@de\/114508022832575207","error":""},"_links":{"self":[{"href":"https:\/\/www.europesays.com\/de\/wp-json\/wp\/v2\/posts\/110771","targetHints":{"allow":["GET"]}}],"collection":[{"href":"https:\/\/www.europesays.com\/de\/wp-json\/wp\/v2\/posts"}],"about":[{"href":"https:\/\/www.europesays.com\/de\/wp-json\/wp\/v2\/types\/post"}],"author":[{"embeddable":true,"href":"https:\/\/www.europesays.com\/de\/wp-json\/wp\/v2\/users\/2"}],"replies":[{"embeddable":true,"href":"https:\/\/www.europesays.com\/de\/wp-json\/wp\/v2\/comments?post=110771"}],"version-history":[{"count":0,"href":"https:\/\/www.europesays.com\/de\/wp-json\/wp\/v2\/posts\/110771\/revisions"}],"wp:featuredmedia":[{"embeddable":true,"href":"https:\/\/www.europesays.com\/de\/wp-json\/wp\/v2\/media\/110772"}],"wp:attachment":[{"href":"https:\/\/www.europesays.com\/de\/wp-json\/wp\/v2\/media?parent=110771"}],"wp:term":[{"taxonomy":"category","embeddable":true,"href":"https:\/\/www.europesays.com\/de\/wp-json\/wp\/v2\/categories?post=110771"},{"taxonomy":"post_tag","embeddable":true,"href":"https:\/\/www.europesays.com\/de\/wp-json\/wp\/v2\/tags?post=110771"}],"curies":[{"name":"wp","href":"https:\/\/api.w.org\/{rel}","templated":true}]}}