{"id":1107796,"date":"2026-06-20T04:52:25","date_gmt":"2026-06-20T04:52:25","guid":{"rendered":"https:\/\/www.europesays.com\/de\/1107796\/"},"modified":"2026-06-20T04:52:25","modified_gmt":"2026-06-20T04:52:25","slug":"ice-hamburg-hannover-blitz-legt-strecke-lahm-massive-stoerungen","status":"publish","type":"post","link":"https:\/\/www.europesays.com\/de\/1107796\/","title":{"rendered":"ICE Hamburg\u2013Hannover: Blitz legt Strecke lahm \u2013 massive St\u00f6rungen"},"content":{"rendered":"<p>Bahnverkehr im Norden <\/p>\n<p>Unwetter legt ICE-Verkehr Hamburg\u2013Hannover lahm<\/p>\n<p>19.06.2026 &#8211; 10:06 UhrLesedauer: 1 Min.<\/p>\n<p><a href=\"#focus-0\" class=\"transition-colors block text-current relative\" data-sctrack=\"FocusGalleryImage.Reference\"><img fetchpriority=\"high\" data-testid=\"Opener.Image\"   loading=\"eager\" src=\"https:\/\/www.europesays.com\/de\/wp-content\/uploads\/2026\/06\/ein-ice-zug-der-deutschen-bahn-symbolbild-am-montag-kam-es-bei-hannover-zu-einem-zwischenfall-mit-ei.jpeg\" alt=\"Ein ICE-Zug der Deutschen Bahn (Symbolbild): Am Montag kam es bei Hannover zu einem Zwischenfall mit einem Messer.\" title=\"Ein ICE-Zug der Deutschen Bahn (Symbolbild): Am Montag kam es bei Hannover zu einem Zwischenfall mit einem Messer.\" width=\"4000\" height=\"2250\" class=\"bg-[url:var(--lqipURL)] bg-cover bg-center flex h-full w-full max-w-full\" style=\"--lqipURL:url('https:\/\/images.t-online.de\/2025\/07\/VhSQB0On89lK\/0x219:4000x2250\/fit-in\/150x0\/filters:blur(25)\/ein-ice-zug-der-deutschen-bahn-symbolbild-am-montag-kam-es-bei-hannover-zu-einem-zwischenfall-mit-einem-messer.jpg')\" decoding=\"async\"\/><img loading=\"lazy\" src=\"https:\/\/hannover.t-online.de\/s\/paper\/_next\/static\/media\/zoom-in.f7dae02f.svg\" alt=\"Vergr\u00f6\u00dfern des Bildes\" title=\"Vergr\u00f6\u00dfern des Bildes\" class=\"block h-[calc(var(--height)_\/_16_*_1rem)] w-[calc(var(--width)_\/_16_*_1rem)] max-w-none absolute right-8 bottom-8 rounded-4 bg-snow p-8\" style=\"--width:32;--height:32\" decoding=\"async\"\/><\/a><\/p>\n<p>Ein ICE-Zug der Deutschen Bahn (Symbolbild): Am Montag kam es bei Hannover zu einem Zwischenfall mit einem Messer. (Quelle: IMAGO\/Ulrich Wagner)<\/p>\n<p><img loading=\"lazy\" src=\"https:\/\/hannover.t-online.de\/s\/paper\/_next\/static\/media\/audio-volume.6689034c.svg\" alt=\"\" title=\"\" class=\"block h-[calc(var(--height)_\/_16_*_1rem)] w-[calc(var(--width)_\/_16_*_1rem)] max-w-none group-hover:brightness-0 group-hover:invert\" style=\"--width:16;--height:16\" decoding=\"async\"\/>Vorlesen<\/p>\n<p>Aktuelle Zeit:0:00Gesamtdauer:0:00<\/p>\n<p>1x<\/p>\n<p class=\"text-center\">Jetzt neu bei t-online:<\/p>\n<p class=\"text-center\">Schriftgr\u00f6\u00dfe anpassen!<\/p>\n<p><img loading=\"lazy\" src=\"https:\/\/hannover.t-online.de\/s\/paper\/_next\/static\/media\/font-sizes.32942e33.svg\" alt=\"\" title=\"\" class=\"block h-[calc(var(--height)_\/_16_*_1rem)] w-[calc(var(--width)_\/_16_*_1rem)] max-w-none group-hover:hidden group-aria-expanded:hidden\" style=\"--width:16;--height:16\" decoding=\"async\"\/><img loading=\"lazy\" src=\"https:\/\/hannover.t-online.de\/s\/paper\/_next\/static\/media\/font-sizes-dark-mode.e382645c.svg\" alt=\"\" title=\"\" class=\"block h-[calc(var(--height)_\/_16_*_1rem)] w-[calc(var(--width)_\/_16_*_1rem)] max-w-none hidden group-hover:block group-aria-expanded:block\" style=\"--width:16;--height:16\" decoding=\"async\"\/><img loading=\"lazy\" src=\"https:\/\/hannover.t-online.de\/s\/paper\/_next\/static\/media\/sharing-menu-icon.1eb71368.svg\" alt=\"\" title=\"\" class=\"block h-[calc(var(--height)_\/_16_*_1rem)] w-[calc(var(--width)_\/_16_*_1rem)] max-w-none group-hover:brightness-0 group-hover:invert\" style=\"--width:16;--height:16\" decoding=\"async\"\/>Artikel teilen<\/p>\n<p class=\"font-bold text-18 leading-17 user-text-lg:text-22 user-text-xl:text-24\">Die Strecke Hamburg\u2013Hannover war zeitweise massiv eingeschr\u00e4nkt, viele ICE fielen aus. Zwar ist sie wieder frei, doch der Betrieb l\u00e4uft weiter noch nicht rund.<\/p>\n<p class=\"text-18 leading-17 user-text-lg:text-22 user-text-xl:text-24\">Ein Blitzeinschlag hat auf der Bahnstrecke zwischen Hamburg und Hannover Signale und Weichen gest\u00f6rt und nach Angaben der Deutschen Bahn eine Stellwerksst\u00f6rung zwischen Hamburg und Bremen ausgel\u00f6st. Die Folgen trafen den Fern- und Nahverkehr.<\/p>\n<p class=\"text-18 leading-17 user-text-lg:text-22 user-text-xl:text-24\">Im Fernverkehr fielen nach Bahnangaben fast alle ICE-Z\u00fcge zwischen Hamburg und Hannover sowie zwischen Hamburg und Bremen aus. Fernz\u00fcge auf der Verbindung Hamburg\u2013Hannover\u2013Kassel\u2013Frankfurt\u2013Karlsruhe\u2013Schweiz wurden zwischen Hamburg und Hannover umgeleitet und versp\u00e4teten sich den Angaben zufolge um etwa 90 Minuten.<\/p>\n<p>Blitzeinschlag trifft auch Regionalz\u00fcge<\/p>\n<p class=\"text-18 leading-17 user-text-lg:text-22 user-text-xl:text-24\">Auch Regionalz\u00fcge waren betroffen. Der Betreiber der Metronom-Regionalz\u00fcge teilte mit, witterungsbedingte Einfl\u00fcsse wie ein Blitzeinschlag h\u00e4tten zu St\u00f6rungen bei Signalen und Weichen gef\u00fchrt. Ein Zugverkehr sei nach und nach mit angeordneter Langsamfahrt m\u00f6glich gewesen.<\/p>\n<p class=\"text-18 leading-17 user-text-lg:text-22 user-text-xl:text-24\">Die Bahnstrecke zwischen Hamburg und Hannover ist nach Unwettersch\u00e4den seit kurz nach 9.00 Uhr wieder voll befahrbar. Der Betrieb habe sich zu diesem Zeitpunkt aber noch nicht vollst\u00e4ndig normalisiert, teilte eine Sprecherin der Deutschen Bahn mit.<\/p>\n","protected":false},"excerpt":{"rendered":"Bahnverkehr im Norden Unwetter legt ICE-Verkehr Hamburg\u2013Hannover lahm 19.06.2026 &#8211; 10:06 UhrLesedauer: 1 Min. Ein ICE-Zug der Deutschen&hellip;\n","protected":false},"author":2,"featured_media":1107797,"comment_status":"","ping_status":"","sticky":false,"template":"","format":"standard","meta":{"footnotes":"","_share_on_mastodon":"0"},"categories":[1836],"tags":[722,17161,2227,35731,2420,3364,2030,29,30,692,46,2229,1981,1411],"class_list":["post-1107796","post","type-post","status-publish","format-standard","has-post-thumbnail","category-hannover","tag-722","tag-17161","tag-bahnverkehr","tag-blitzeinschlag","tag-bremen","tag-de","tag-deutsche-bahn","tag-deutschland","tag-germany","tag-hamburg","tag-hannover","tag-ice","tag-messer","tag-niedersachsen"],"share_on_mastodon":{"url":"https:\/\/pubeurope.com\/@de\/116780648242211742","error":""},"_links":{"self":[{"href":"https:\/\/www.europesays.com\/de\/wp-json\/wp\/v2\/posts\/1107796","targetHints":{"allow":["GET"]}}],"collection":[{"href":"https:\/\/www.europesays.com\/de\/wp-json\/wp\/v2\/posts"}],"about":[{"href":"https:\/\/www.europesays.com\/de\/wp-json\/wp\/v2\/types\/post"}],"author":[{"embeddable":true,"href":"https:\/\/www.europesays.com\/de\/wp-json\/wp\/v2\/users\/2"}],"replies":[{"embeddable":true,"href":"https:\/\/www.europesays.com\/de\/wp-json\/wp\/v2\/comments?post=1107796"}],"version-history":[{"count":0,"href":"https:\/\/www.europesays.com\/de\/wp-json\/wp\/v2\/posts\/1107796\/revisions"}],"wp:featuredmedia":[{"embeddable":true,"href":"https:\/\/www.europesays.com\/de\/wp-json\/wp\/v2\/media\/1107797"}],"wp:attachment":[{"href":"https:\/\/www.europesays.com\/de\/wp-json\/wp\/v2\/media?parent=1107796"}],"wp:term":[{"taxonomy":"category","embeddable":true,"href":"https:\/\/www.europesays.com\/de\/wp-json\/wp\/v2\/categories?post=1107796"},{"taxonomy":"post_tag","embeddable":true,"href":"https:\/\/www.europesays.com\/de\/wp-json\/wp\/v2\/tags?post=1107796"}],"curies":[{"name":"wp","href":"https:\/\/api.w.org\/{rel}","templated":true}]}}