{"id":1107964,"date":"2026-06-20T06:29:17","date_gmt":"2026-06-20T06:29:17","guid":{"rendered":"https:\/\/www.europesays.com\/de\/1107964\/"},"modified":"2026-06-20T06:29:17","modified_gmt":"2026-06-20T06:29:17","slug":"drk-sucht-dringend-eine-neue-bleibe-erkrath-jetzt","status":"publish","type":"post","link":"https:\/\/www.europesays.com\/de\/1107964\/","title":{"rendered":"DRK sucht dringend eine neue Bleibe | erkrath.jetzt"},"content":{"rendered":"<p> <img fetchpriority=\"high\" width=\"678\" height=\"381\" class=\"attachment-mh-magazine-content size-mh-magazine-content wp-post-image lazyload\" alt=\"\" title=\"DRK-Ortsverein-Erkrath-C\u00fcppers-Meier-Foto-nic\" loading=\"eager\" decoding=\"async\" src=\"https:\/\/www.europesays.com\/de\/wp-content\/uploads\/2026\/06\/DRK-Ortsverein-Erkrath-Cueppers-Meier-Foto-nic-678x381.jpeg\" data-eio-rwidth=\"678\" data-eio-rheight=\"381\"\/>Vorstandsvorsitzender Wolfgang C\u00fcppers (li.) und Schatzmeister Maximilian Meier w\u00fcrden sich freuen, wenn sie vom aktuellen DRK-Hauptquartier in Unterfeldhaus zeitnah in eine eigene Unterkunft ziehen k\u00f6nnten, um der Last steigender Mietkosten zu entgehen. Foto: nicSeit einigen Jahren hat das DRK einen angemieteten Standort in der Heinrich-Hertz-Stra\u00dfe 34 in Unterfeldhaus, doch die Staffel-Miete belastet die Vereinsfinanzen. Die Suche nach einem neuen Quartier gestaltet sich schwer, deshalb bittet der Ortsverein nun nocheinmal um Mithilfe.<\/p>\n<p class=\"wp-block-paragraph\">\u201eWir sind dankbar f\u00fcr jeden Hinweis auf ein passendes Objekt\u201c, erkl\u00e4rt Wolfgang C\u00fcppers, Vorstandsvorsitzender und Abteilungsleitung Information und Kommunikation bei DRK Ortsverein Erkrath. Gesucht wird ein etwa 1.250 Quadratmeter gro\u00dfes Grundst\u00fcck, auf dem der Ortsverein bauen kann. Alternativ gerne auch mit vorhandener Halle, die f\u00fcr Einsatzfahrzeuge, Rettungsausr\u00fcstung und Materialien genutzt werden kann und R\u00e4ume f\u00fcr Schulungen und Veranstaltungen sowie die Installation von Sanierr\u00e4umen mit Duschen bieten. Sollte sich kein Grundst\u00fcck mit umnutzbarer Halle anbieten, setzt das DRK bei Bau einer Halle auf nachhaltiges Bauen, um den \u00f6kologischen Fu\u00dfabdruck so gering wie m\u00f6glich zu halten.<\/p>\n<p class=\"wp-block-paragraph\">Der DRK Ortsverein Erkrath, der in der Vergangenheit noch in der Schimmelbuschstra\u00dfe R\u00e4ume hatte und eine Halle im heutigen Forum Sandheide, war mit dem entstehen des Forums Sandheide gezwungen ein anderes Quartier zu suchen und ist damals auf die heute genutzte Halle an der Heinrich-Hertz-Stra\u00dfe ausgewichen. Aber die rasant steigenden Mietkosten bei gleichzeitig sinkenden Einnahmen aus Spenden und Mitgliedsbeitr\u00e4gen stellen den Ortsverein vor gro\u00dfe Herausforderungen. Deshalb ist er schon seit einigen Jahren auf der Suche nach einem eigenen Grundst\u00fcck.<\/p>\n<p class=\"wp-block-paragraph\">\u201eDie zahlreichen Eins\u00e4tze w\u00e4hrend der Corona-Pandemie haben es uns erm\u00f6glicht ein finanzielles Polster anzusparen. Dieses Geld m\u00f6chten wir nun in eine eigene Halle investieren, um langfristig handlungsf\u00e4hig zu bleiben\u201c, so C\u00fcppers. Als rein ehrenamtlich Organisation erh\u00e4lt der DRK Ortsverein keinerlei finanzielle Unterst\u00fctzung von Land oder Bund, der Kommune oder von \u00fcbergeordneten DRK-Stellen. Das DRK in Erkrath finanziert sich allein aus Spenden, Mitgliedsbeitr\u00e4ge und Erl\u00f6se aus ehrenamtlich durchgef\u00fchrten Dienstleistungen. Auch Einsatzfahrzeuge, medizinische Hilfsmittel sowie Ausr\u00fcstung und Schulung der ehrenamtlichen DRK\u2019ler werden vom Ortsverein auf eigene Kosten beschafft und getragen. Kosten entstehen auch durch die strengen Vorgaben des Medizinproduktegesetzes, das die regelm\u00e4\u00dfige und kostenintensive Wartung vorschreibt.<\/p>\n<p class=\"wp-block-paragraph\">Damit der DRK Ortsverein Erkrath all das auch in Zukunft stemmen kann, sollte sich m\u00f6glichst zeitnah ein passendes Grundst\u00fcck finden, denn bei einer im kommenden Jahr notwendigen Verl\u00e4ngerung des aktuellen Mietvertrags d\u00fcrfte es noch teurer werden. Der Aufruf richtet sich an Grundst\u00fcckseigent\u00fcmer in Erkrath, die eine geeignete Fl\u00e4che zum Kauf oder auch zur Pacht anbieten k\u00f6nnen. Sie k\u00f6nnen sich telefonisch unter 0211 \/ 280 489 30 oder per Mail an vorstand@drk-erkrath.de direkt an das DRK Erkrath wenden.<\/p>\n<p class=\"wp-block-paragraph\">Wer den Ortsverein Erkrath des DRK mit Spenden unterst\u00fctzen oder selbst bei DRK ehrenamtlich aktiv werden m\u00f6chte, findet alle wichtigen Infos hier: <a href=\"https:\/\/www.drkerkrath.de\/spenden.html\" target=\"_blank\" rel=\"noopener nofollow\" title=\"\">https:\/\/www.drkerkrath.de\/spenden.html<\/a><\/p>\n<p>   28<\/p>\n","protected":false},"excerpt":{"rendered":"Vorstandsvorsitzender Wolfgang C\u00fcppers (li.) und Schatzmeister Maximilian Meier w\u00fcrden sich freuen, wenn sie vom aktuellen DRK-Hauptquartier in Unterfeldhaus&hellip;\n","protected":false},"author":2,"featured_media":1107965,"comment_status":"","ping_status":"","sticky":false,"template":"","format":"standard","meta":{"footnotes":"","_share_on_mastodon":"0"},"categories":[1831],"tags":[29287,3364,29,3405,23697,30,1209,7195],"class_list":["post-1107964","post","type-post","status-publish","format-standard","has-post-thumbnail","category-duesseldorf","tag-autoren","tag-de","tag-deutschland","tag-duesseldorf","tag-erkrath","tag-germany","tag-nordrhein-westfalen","tag-vereine"],"share_on_mastodon":{"url":"https:\/\/pubeurope.com\/@de\/116781029001132483","error":""},"_links":{"self":[{"href":"https:\/\/www.europesays.com\/de\/wp-json\/wp\/v2\/posts\/1107964","targetHints":{"allow":["GET"]}}],"collection":[{"href":"https:\/\/www.europesays.com\/de\/wp-json\/wp\/v2\/posts"}],"about":[{"href":"https:\/\/www.europesays.com\/de\/wp-json\/wp\/v2\/types\/post"}],"author":[{"embeddable":true,"href":"https:\/\/www.europesays.com\/de\/wp-json\/wp\/v2\/users\/2"}],"replies":[{"embeddable":true,"href":"https:\/\/www.europesays.com\/de\/wp-json\/wp\/v2\/comments?post=1107964"}],"version-history":[{"count":0,"href":"https:\/\/www.europesays.com\/de\/wp-json\/wp\/v2\/posts\/1107964\/revisions"}],"wp:featuredmedia":[{"embeddable":true,"href":"https:\/\/www.europesays.com\/de\/wp-json\/wp\/v2\/media\/1107965"}],"wp:attachment":[{"href":"https:\/\/www.europesays.com\/de\/wp-json\/wp\/v2\/media?parent=1107964"}],"wp:term":[{"taxonomy":"category","embeddable":true,"href":"https:\/\/www.europesays.com\/de\/wp-json\/wp\/v2\/categories?post=1107964"},{"taxonomy":"post_tag","embeddable":true,"href":"https:\/\/www.europesays.com\/de\/wp-json\/wp\/v2\/tags?post=1107964"}],"curies":[{"name":"wp","href":"https:\/\/api.w.org\/{rel}","templated":true}]}}