{"id":1107968,"date":"2026-06-20T06:31:21","date_gmt":"2026-06-20T06:31:21","guid":{"rendered":"https:\/\/www.europesays.com\/de\/1107968\/"},"modified":"2026-06-20T06:31:21","modified_gmt":"2026-06-20T06:31:21","slug":"patenschaften-in-der-wilhelma-warum-eine-stuttgarter-kinderarztpraxis-gorilla-pate-wird","status":"publish","type":"post","link":"https:\/\/www.europesays.com\/de\/1107968\/","title":{"rendered":"Patenschaften in der Wilhelma: Warum eine Stuttgarter Kinderarztpraxis Gorilla-Pate wird"},"content":{"rendered":"<p>Der Stuttgarter Kinderarzt \u00d6zg\u00fcr Dogan hat eine besondere Begegnung mit Gorillas gehabt. Jetzt hat seine Praxis offiziell die Patenschaft f\u00fcr eines der Tiere in der Wilhelma \u00fcbernommen.<\/p>\n<p> \u00d6zg\u00fcr Dogan ist der Wilhelma und den <a href=\"https:\/\/www.stuttgarter-zeitung.de\/inhalt.fehlendes-puzzlestueck-gefunden-fruehester-bekannter-vorfahre-aller-menschenaffen-entdeckt.fa72d556-156f-458b-b279-931add0ff470.html\" target=\"_blank\" rel=\"nofollow noopener\">dortigen Gorillas<\/a> auf besondere Weise verbunden. Der Vater von drei Kindern im Alter von sechs, vier und einem Jahr geht dort gerne mit der Familie hin f\u00fcr einen Besuch und hat dabei stets besondere Erinnerungen, denn er hat einst auch schon einmal ehrenamtlich an einer Operation bei einem der Tiere mitgewirkt. Nun engagiert er sich erneut, indem seine Kinderarztpraxis die <a href=\"https:\/\/www.stuttgarter-nachrichten.de\/thema\/Patenschaft\" title=\"Patenschaft\" class=\"art_thema\" rel=\"nofollow noopener\" target=\"_blank\">Patenschaft<\/a> f\u00fcr einen Gorilla \u00fcbernahm.<\/p>\n<p>Dogan hatte vor Jahren sogar hinter die Kulissen des Stuttgarter Zoos schauen k\u00f6nnen &#8211; bei den Affen und dort eine besondere Erfahrung gemacht. Das war 2014. Damals war er am Olgahospital als Kinderarzt t\u00e4tig und wurde auserkoren, in der Wilhelma einen Einsatz zu machen. \u201eDas war spannend und ich habe mich sehr gefreut\u201c, berichtet er. <\/p>\n<p>Als er in der Klinik gefragt worden sei, habe er gleich zugesagt: \u201eEs war mir eine Ehre.\u201c<\/p>\n<p>  <img decoding=\"async\" loading=\"lazy\" src=\"https:\/\/www.stuttgarter-nachrichten.de\/media.media.id:.original1024.media\"\/>     2014 hat Kinderarzt Dogan die Wilhelma ehrenamtlich bei einem medizinischen Eingriff bei einem Gorilla unterst\u00fctzt.    Foto: Dr. \u00d6zg\u00fcr Dogan    Eingriff gemeinsam mit dem Wilhelma-Tierarzt <\/p>\n<p>Dogan hatte ehrenamtlich bei einem medizinischen Eingriff gemeinsam mit dem Wilhelma-Tierarzt Tobias Knauf-Witzens an einem Gorilla-Jungtier mitgeholfen. \u201eEs war schon bet\u00e4ubt\u201c, erinnert er sich. Er habe das Tier beim R\u00f6ntgenbild gehalten. Er war dazugesto\u00dfen, als der Gorilla bereits in Narkose war. Die Aufgabe war, eine Lymphknotenbiopsie beim Gorilla-Jungtier Okanda durchzuf\u00fchren: \u201eIch habe die Biopsie gemacht.\u201c Dabei wurde eine Gewebeprobe aus den Lymphknoten entnommen.<\/p>\n<p>Dogan kann sich noch gut an die \u201erecht raue Behaarung\u201c erinnern und die \u201edickere Haut\u201c des Tieres. Und dass der Gorilla \u201erecht schwer\u201c war. \u201eDa habe ich mir \u00fcberlegt, wie schwer sie sind, wenn sie ausgewachsen sind.\u201c Die Biopsie im schlafenden Zustand des Tieres sei eine \u201eschnelle Sache\u201c gewesen. Der Eingriff habe nur zur Diagnose gedient. Denn die Mediziner wollten der Ursache auf den Grund gehen, weil Lymphknoten des Affen vergr\u00f6\u00dfert waren.<\/p>\n<p>Affe hatte Pfeiffersches Dr\u00fcsenfieber <\/p>\n<p>Heraus kam, dass der Affe am Epstein Barr-<a href=\"https:\/\/www.stuttgarter-nachrichten.de\/thema\/Virus\" title=\"Virus\" class=\"art_thema\" rel=\"nofollow noopener\" target=\"_blank\">Virus<\/a> erkrankt war, auch Pfeiffersches Dr\u00fcsenfieber genannt. Eine Krankheit, die auch Menschen bekommen k\u00f6nnen. Kinder seien da eher empfindlich, bei Erwachsenen sei die Krankheit eher hartn\u00e4ckig, wei\u00df Dogan. Das Pfeiffersche Dr\u00fcsenfieber ist eine Virusinfektion, die durch den Epstein-Barr-Virus ausgel\u00f6st wird. Die Krankheit verl\u00e4uft in der Regel harmlos und heilt meist innerhalb weniger Wochen von selbst. Typische Symptome sind leichtes Fieber, geschwollene Lymphknoten, M\u00fcdigkeit und Halsweh. Aber dem Affen ging es gut. \u201eMan kann da nicht gro\u00df was machen. Es gab keinen Handlungsbedarf\u201c, erinnert sich Dogan. Es sei durch diese Untersuchung nur eine Erkl\u00e4rung f\u00fcr die geschwollenen Lymphknoten gefunden worden.<\/p>\n<p>  <img decoding=\"async\" loading=\"lazy\" src=\"https:\/\/www.europesays.com\/de\/wp-content\/uploads\/2026\/06\/media.media.04d5d3bc-9dc2-4226-8252-349d28a884b5.original1024.media.jpeg\"\/>     Die Kinderarztpraxis von \u00d6zg\u00fcr Dogan hat ein Herz f\u00fcr Gorillas in der Wilhelma und die Patenschaft \u00fcbernommen.    Foto: Wilhelma    <\/p>\n<p>Doch das Erlebnis war vor \u00fcber zehn Jahren ganz einschneidend f\u00fcr den Kinderarzt. Im Jahr 2019 hat er eine eigene Kinderarzt-Praxis in <a href=\"https:\/\/www.stuttgarter-nachrichten.de\/thema\/Stuttgart\" title=\"Stuttgart\" class=\"art_thema\" rel=\"nofollow noopener\" target=\"_blank\">Stuttgart<\/a> er\u00f6ffnet und dort auch die Fotos vom Eingriff bei dem Gorilla in seiner Praxis ausgeh\u00e4ngt. \u201eIch werde immer wieder darauf angesprochen\u201c, sagt er. Und als er nun wieder mal in der Wilhelma war, hat er sich beim Betrachten einer Tafel zu einer Patenschaft \u00fcberlegt, das Thema aufzugreifen und mit dem Praxisteam zusammen etwas Gutes zu tun.<\/p>\n<p>   <img decoding=\"async\" loading=\"lazy\" src=\"https:\/\/www.europesays.com\/de\/wp-content\/uploads\/2026\/06\/media.media.538479a2-770a-4173-aea7-3d11cc333385.original1024.media.jpeg\"\/>     Wilhelma-Direktor   <a href=\"https:\/\/www.stuttgarter-nachrichten.de\/thema\/Thomas_K%C3%B6lpin\" title=\"Thomas K\u00f6lpin\" class=\"art_thema\" rel=\"nofollow noopener\" target=\"_blank\">Thomas K\u00f6lpin<\/a> (li.) \u00fcberreichte in der Wilhelma die Patenschaftsurkunde an \u00d6zg\u00fcr Dogan vor der Anlage der Gorillas.    Foto: Wilhelma    Patenschaften helfen der Wilhelma enorm <\/p>\n<p>Der 42-j\u00e4hrige geborene Frankfurter, der auch dort Medizin studiert hat, war 2009 ins Stuttgarter Kinderkrankenhaus Olgahospital gewechselt. Die \u00dcbernahme der Gorilla-Patenschaft hat auch Wilhelma-Direktor Thomas K\u00f6lpin gefreut: \u201ePatenschaften sind ein wichtiger Baustein, um die Weiterentwicklung der Wilhelma zu unterst\u00fctzen\u201c betont K\u00f6lpin. \u201eGleichzeitig helfen sie dabei, auf die Bedrohung von Arten aufmerksam zu machen und f\u00fcr ihren Schutz zu werben.\u201c<\/p>\n<p>Der 2014 operierte Gorilla Okanda ist \u00fcbrigens im Jahr 2015 in den M\u00fcnchner Tierpark Hellabrunn gewechselt, wie Wilhelma-Sprecher Birger Meierjohann erkl\u00e4rt. Okanda war den Angaben zufolge im April 2011 in England geboren worden und 2012 nach Stuttgart gekommen.<\/p>\n<p>In der Wilhelma werden aktuell westliche Flachlandgorillas gehalten, die aus den tropischen Regenw\u00e4ldern Zentralafrikas stammen. Das \u00e4lteste der Tiere ist die \u00fcber 60 Jahre alte Gorilla-Dame Mimi. Durch Abholzung der Regenw\u00e4lder, Wilderei und Krankheiten ist ihre Art bedroht. Die Wilhelma beteiligt sich nicht nur an internationalen Erhaltungszuchtprogrammen, auch an Schutzma\u00dfnahmen in den nat\u00fcrlichen Habitaten der Menschenaffen.<\/p>\n","protected":false},"excerpt":{"rendered":"Der Stuttgarter Kinderarzt \u00d6zg\u00fcr Dogan hat eine besondere Begegnung mit Gorillas gehabt. Jetzt hat seine Praxis offiziell die&hellip;\n","protected":false},"author":2,"featured_media":1107969,"comment_status":"","ping_status":"","sticky":false,"template":"","format":"standard","meta":{"footnotes":"","_share_on_mastodon":"0"},"categories":[1830],"tags":[1634,3364,29,30,233998,46126,234583,234581,45556,234582,1441,58799,234584,637],"class_list":["post-1107968","post","type-post","status-publish","format-standard","has-post-thumbnail","category-stuttgart","tag-baden-wuerttemberg","tag-de","tag-deutschland","tag-germany","tag-iris-frey","tag-kinderarztpraxis","tag-menschenaffenhaus","tag-oezguer-dogan","tag-patenschaft","tag-patenschaftstafel","tag-stuttgart","tag-thomas-koelpin","tag-tobias-knauf-witzens","tag-virus"],"share_on_mastodon":{"url":"https:\/\/pubeurope.com\/@de\/116781037010579450","error":""},"_links":{"self":[{"href":"https:\/\/www.europesays.com\/de\/wp-json\/wp\/v2\/posts\/1107968","targetHints":{"allow":["GET"]}}],"collection":[{"href":"https:\/\/www.europesays.com\/de\/wp-json\/wp\/v2\/posts"}],"about":[{"href":"https:\/\/www.europesays.com\/de\/wp-json\/wp\/v2\/types\/post"}],"author":[{"embeddable":true,"href":"https:\/\/www.europesays.com\/de\/wp-json\/wp\/v2\/users\/2"}],"replies":[{"embeddable":true,"href":"https:\/\/www.europesays.com\/de\/wp-json\/wp\/v2\/comments?post=1107968"}],"version-history":[{"count":0,"href":"https:\/\/www.europesays.com\/de\/wp-json\/wp\/v2\/posts\/1107968\/revisions"}],"wp:featuredmedia":[{"embeddable":true,"href":"https:\/\/www.europesays.com\/de\/wp-json\/wp\/v2\/media\/1107969"}],"wp:attachment":[{"href":"https:\/\/www.europesays.com\/de\/wp-json\/wp\/v2\/media?parent=1107968"}],"wp:term":[{"taxonomy":"category","embeddable":true,"href":"https:\/\/www.europesays.com\/de\/wp-json\/wp\/v2\/categories?post=1107968"},{"taxonomy":"post_tag","embeddable":true,"href":"https:\/\/www.europesays.com\/de\/wp-json\/wp\/v2\/tags?post=1107968"}],"curies":[{"name":"wp","href":"https:\/\/api.w.org\/{rel}","templated":true}]}}