{"id":110821,"date":"2025-05-14T20:41:10","date_gmt":"2025-05-14T20:41:10","guid":{"rendered":"https:\/\/www.europesays.com\/de\/110821\/"},"modified":"2025-05-14T20:41:10","modified_gmt":"2025-05-14T20:41:10","slug":"feuerwehr-rettet-radfahrerinnen-aus-unwegsamen-gelaende","status":"publish","type":"post","link":"https:\/\/www.europesays.com\/de\/110821\/","title":{"rendered":"Feuerwehr rettet Radfahrerinnen aus unwegsamen Gel\u00e4nde"},"content":{"rendered":"<p class=\"paragraph --regular --color\" data-v-a4a747d8=\"\" data-v-0c32301e=\"\"><strong>Wie die Feuerwehr am Mittwoch mitteilte, ereignete sich der erste Einsatz gegen 16.15 Uhr:<\/strong> Eine 66-j\u00e4hrige Radfahrerin st\u00fcrzte im Wald an der L3038 Richtung Georgenborn. Der Unfallort war weder per Fahrzeug noch \u00fcber befestigte Wege erreichbar. Die Frau erlitt eine Oberschenkelfraktur und wurde mit einem gel\u00e4ndetauglichen ATV der Feuerwehr zum Rettungswagen gebracht, anschlie\u00dfend ins Krankenhaus transportiert.<\/p>\n","protected":false},"excerpt":{"rendered":"Wie die Feuerwehr am Mittwoch mitteilte, ereignete sich der erste Einsatz gegen 16.15 Uhr: Eine 66-j\u00e4hrige Radfahrerin st\u00fcrzte&hellip;\n","protected":false},"author":2,"featured_media":106842,"comment_status":"","ping_status":"","sticky":false,"template":"","format":"standard","meta":{"footnotes":""},"categories":[1847],"tags":[3364,29,548,663,3934,30,13,2052,11188,14,15,10236,11189,12,11190,4544],"class_list":{"0":"post-110821","1":"post","2":"type-post","3":"status-publish","4":"format-standard","5":"has-post-thumbnail","7":"category-wiesbaden","8":"tag-de","9":"tag-deutschland","10":"tag-eu","11":"tag-europa","12":"tag-europe","13":"tag-germany","14":"tag-headlines","15":"tag-hessen","16":"tag-main-taunus","17":"tag-nachrichten","18":"tag-news","19":"tag-rhein-main","20":"tag-rheingau","21":"tag-schlagzeilen","22":"tag-untertaunus","23":"tag-wiesbaden"},"share_on_mastodon":{"url":"https:\/\/pubeurope.com\/@de\/114508128787351307","error":""},"_links":{"self":[{"href":"https:\/\/www.europesays.com\/de\/wp-json\/wp\/v2\/posts\/110821","targetHints":{"allow":["GET"]}}],"collection":[{"href":"https:\/\/www.europesays.com\/de\/wp-json\/wp\/v2\/posts"}],"about":[{"href":"https:\/\/www.europesays.com\/de\/wp-json\/wp\/v2\/types\/post"}],"author":[{"embeddable":true,"href":"https:\/\/www.europesays.com\/de\/wp-json\/wp\/v2\/users\/2"}],"replies":[{"embeddable":true,"href":"https:\/\/www.europesays.com\/de\/wp-json\/wp\/v2\/comments?post=110821"}],"version-history":[{"count":0,"href":"https:\/\/www.europesays.com\/de\/wp-json\/wp\/v2\/posts\/110821\/revisions"}],"wp:featuredmedia":[{"embeddable":true,"href":"https:\/\/www.europesays.com\/de\/wp-json\/wp\/v2\/media\/106842"}],"wp:attachment":[{"href":"https:\/\/www.europesays.com\/de\/wp-json\/wp\/v2\/media?parent=110821"}],"wp:term":[{"taxonomy":"category","embeddable":true,"href":"https:\/\/www.europesays.com\/de\/wp-json\/wp\/v2\/categories?post=110821"},{"taxonomy":"post_tag","embeddable":true,"href":"https:\/\/www.europesays.com\/de\/wp-json\/wp\/v2\/tags?post=110821"}],"curies":[{"name":"wp","href":"https:\/\/api.w.org\/{rel}","templated":true}]}}