{"id":1108314,"date":"2026-06-20T10:01:12","date_gmt":"2026-06-20T10:01:12","guid":{"rendered":"https:\/\/www.europesays.com\/de\/1108314\/"},"modified":"2026-06-20T10:01:12","modified_gmt":"2026-06-20T10:01:12","slug":"stadtteilfest-silberhoehe-bringt-menschen-zusammen","status":"publish","type":"post","link":"https:\/\/www.europesays.com\/de\/1108314\/","title":{"rendered":"Stadtteilfest Silberh\u00f6he bringt Menschen zusammen"},"content":{"rendered":"<p>\t\tMusik, Mitmachaktionen und Begegnungen rund um das E-Center<\/p>\n<p class=\"caps\">\u00a0<\/p>\n<p style=\"font-weight: normal;\">Die Silberh\u00f6he in Halle (Saale) feiert wieder ihr traditionelles Stadtteilfest \u201eMenschen f\u00fcr Menschen\u201c. Am Samstag, dem 4. Juli 2026, verwandelt sich die Fl\u00e4che rund um das E-Center an der Ecke Wei\u00dfenfelser Stra\u00dfe\/Silbertaler Stra\u00dfe von 11 bis 17 Uhr in einen bunten Treffpunkt f\u00fcr die gesamte Nachbarschaft.<\/p>\n<p style=\"font-weight: normal;\">Besucherinnen und Besucher d\u00fcrfen sich auf ein abwechslungsreiches Programm mit Musik, Unterhaltung und zahlreichen Aktionen f\u00fcr Gro\u00df und Klein freuen. Auf der B\u00fchne sorgen unter anderem die Dieskauer Spritzenhaus Combo, die Bornstedter Ritterschaft sowie das Duo Together Rewind f\u00fcr beste Stimmung. Auch die Sch\u00fclerband der Korczak-Schule und der Hort der Jessenser Stra\u00dfe gestalten das Programm mit.<\/p>\n<p style=\"font-weight: normal;\">Neben den kulturellen Beitr\u00e4gen laden zahlreiche Vereine, Initiativen und Einrichtungen aus dem Stadtteil zum Kennenlernen und Mitmachen ein. Kinder k\u00f6nnen sich auf Spiel- und Mitmachangebote freuen, w\u00e4hrend Besucherinnen und Besucher an verschiedenen St\u00e4nden ins Gespr\u00e4ch kommen und die Vielfalt der Silberh\u00f6he erleben k\u00f6nnen.<\/p>\n<p style=\"font-weight: normal;\">Auch verschiedene Wohnungsunternehmen und Einrichtungen aus dem Stadtteil, darunter u.a. die HWF Freiheit eG und die Wohnungsgesellschaft Frohe Zukunft, sind mit eigenen St\u00e4nden vor Ort vertreten und laden die Besucherinnen und Besucher herzlich zum Austausch, Kennenlernen und zu interessanten Gespr\u00e4chen ein.<\/p>\n<p style=\"font-weight: normal;\">Das Stadtteilfest steht ganz im Zeichen seines Mottos \u201eMenschen f\u00fcr Menschen\u201c und m\u00f6chte Nachbarschaft, Zusammenhalt und gemeinsames Engagement auf der Silberh\u00f6he st\u00e4rken.<\/p>\n<p>Veranstaltungsinformationen<\/p>\n<p style=\"font-weight: normal;\"><strong>Was:<\/strong> Stadtteilfest \u201eMenschen f\u00fcr Menschen\u201c<br \/><strong>Wann:<\/strong> Samstag, 4. Juli 2026, 11:00 bis 17:00 Uhr<br \/><strong>Wo:<\/strong> Rund um das E-Center, Ecke Wei\u00dfenfelser Stra\u00dfe\/Silbertaler Stra\u00dfe, Halle (Saale)<br \/><strong>Eintritt:<\/strong> kostenfrei<\/p>\n<p style=\"font-weight: normal;\">Ein Fest f\u00fcr die ganze Familie \u2013 die Silberh\u00f6he freut sich auf zahlreiche G\u00e4ste.<\/p>\n","protected":false},"excerpt":{"rendered":"Musik, Mitmachaktionen und Begegnungen rund um das E-Center \u00a0 Die Silberh\u00f6he in Halle (Saale) feiert wieder ihr traditionelles&hellip;\n","protected":false},"author":2,"featured_media":1108315,"comment_status":"","ping_status":"","sticky":false,"template":"","format":"standard","meta":{"footnotes":"","_share_on_mastodon":"0"},"categories":[1860],"tags":[3364,29,548,663,3934,30,4062,17332,13,14,15,17331,860,12,65636],"class_list":["post-1108314","post","type-post","status-publish","format-standard","has-post-thumbnail","category-halle-saale","tag-de","tag-deutschland","tag-eu","tag-europa","tag-europe","tag-germany","tag-halle","tag-halle-saale","tag-headlines","tag-nachrichten","tag-news","tag-saale","tag-sachsen-anhalt","tag-schlagzeilen","tag-silberhoehe"],"share_on_mastodon":{"url":"https:\/\/pubeurope.com\/@de\/116781861138731146","error":""},"_links":{"self":[{"href":"https:\/\/www.europesays.com\/de\/wp-json\/wp\/v2\/posts\/1108314","targetHints":{"allow":["GET"]}}],"collection":[{"href":"https:\/\/www.europesays.com\/de\/wp-json\/wp\/v2\/posts"}],"about":[{"href":"https:\/\/www.europesays.com\/de\/wp-json\/wp\/v2\/types\/post"}],"author":[{"embeddable":true,"href":"https:\/\/www.europesays.com\/de\/wp-json\/wp\/v2\/users\/2"}],"replies":[{"embeddable":true,"href":"https:\/\/www.europesays.com\/de\/wp-json\/wp\/v2\/comments?post=1108314"}],"version-history":[{"count":0,"href":"https:\/\/www.europesays.com\/de\/wp-json\/wp\/v2\/posts\/1108314\/revisions"}],"wp:featuredmedia":[{"embeddable":true,"href":"https:\/\/www.europesays.com\/de\/wp-json\/wp\/v2\/media\/1108315"}],"wp:attachment":[{"href":"https:\/\/www.europesays.com\/de\/wp-json\/wp\/v2\/media?parent=1108314"}],"wp:term":[{"taxonomy":"category","embeddable":true,"href":"https:\/\/www.europesays.com\/de\/wp-json\/wp\/v2\/categories?post=1108314"},{"taxonomy":"post_tag","embeddable":true,"href":"https:\/\/www.europesays.com\/de\/wp-json\/wp\/v2\/tags?post=1108314"}],"curies":[{"name":"wp","href":"https:\/\/api.w.org\/{rel}","templated":true}]}}