{"id":1108350,"date":"2026-06-20T10:29:35","date_gmt":"2026-06-20T10:29:35","guid":{"rendered":"https:\/\/www.europesays.com\/de\/1108350\/"},"modified":"2026-06-20T10:29:35","modified_gmt":"2026-06-20T10:29:35","slug":"dieter-bohlen-dsds-juror-fuerchtet-ukraine-sieg-ueber-russland","status":"publish","type":"post","link":"https:\/\/www.europesays.com\/de\/1108350\/","title":{"rendered":"Dieter Bohlen: DSDS-Juror f\u00fcrchtet Ukraine-Sieg \u00fcber Russland"},"content":{"rendered":"<p>&#8222;W\u00e4re ja der Worst Case&#8220; <\/p>\n<p>Dieter Bohlen f\u00fcrchtet Ukraine-Sieg \u00fcber Russland<\/p>\n<p>20.06.2026 &#8211; 11:00 UhrLesedauer: 2 Min.<\/p>\n<p><a href=\"#focus-0\" class=\"transition-colors block text-current relative\" data-sctrack=\"FocusGalleryImage.Reference\"><img fetchpriority=\"high\" data-testid=\"Opener.Image\"   loading=\"eager\" src=\"https:\/\/www.europesays.com\/de\/wp-content\/uploads\/2026\/06\/dieter-bohlen-er-ist-juror-bei-deutschland-sucht-den-superstar.jpg\" alt=\"Dieter Bohlen: Er ist Juror bei &quot;Deutschland sucht den Superstar&quot;.\" title=\"Dieter Bohlen: Er ist Juror bei &quot;Deutschland sucht den Superstar&quot;.\" width=\"2578\" height=\"1450\" class=\"bg-[url:var(--lqipURL)] bg-cover bg-center flex h-full w-full max-w-full\" style=\"--lqipURL:url('https:\/\/images.t-online.de\/2026\/05\/wFXASR9nAb87\/1081x354:2578x1450\/fit-in\/150x0\/filters:blur(25)\/dieter-bohlen-er-ist-juror-bei-deutschland-sucht-den-superstar.jpg')\" decoding=\"async\"\/><img loading=\"lazy\" src=\"https:\/\/www.t-online.de\/s\/paper\/_next\/static\/media\/zoom-in.f7dae02f.svg\" alt=\"Vergr\u00f6\u00dfern des Bildes\" title=\"Vergr\u00f6\u00dfern des Bildes\" class=\"block h-[calc(var(--height)_\/_16_*_1rem)] w-[calc(var(--width)_\/_16_*_1rem)] max-w-none absolute right-8 bottom-8 rounded-4 bg-snow p-8\" style=\"--width:32;--height:32\" decoding=\"async\"\/><\/a><\/p>\n<p>Dieter Bohlen: Er ist Juror bei &#8222;Deutschland sucht den Superstar&#8220;. (Quelle: IMAGO\/Christoph Hardt)<\/p>\n<p><img loading=\"lazy\" src=\"https:\/\/www.t-online.de\/s\/paper\/_next\/static\/media\/audio-volume.6689034c.svg\" alt=\"\" title=\"\" class=\"block h-[calc(var(--height)_\/_16_*_1rem)] w-[calc(var(--width)_\/_16_*_1rem)] max-w-none group-hover:brightness-0 group-hover:invert\" style=\"--width:16;--height:16\" decoding=\"async\"\/>Vorlesen<\/p>\n<p>Aktuelle Zeit:0:00Gesamtdauer:0:00<\/p>\n<p>1x<\/p>\n<p class=\"text-center\">Jetzt neu bei t-online:<\/p>\n<p class=\"text-center\">Schriftgr\u00f6\u00dfe anpassen!<\/p>\n<p><img loading=\"lazy\" src=\"https:\/\/www.t-online.de\/s\/paper\/_next\/static\/media\/font-sizes.32942e33.svg\" alt=\"\" title=\"\" class=\"block h-[calc(var(--height)_\/_16_*_1rem)] w-[calc(var(--width)_\/_16_*_1rem)] max-w-none group-hover:hidden group-aria-expanded:hidden\" style=\"--width:16;--height:16\" decoding=\"async\"\/><img loading=\"lazy\" src=\"https:\/\/www.t-online.de\/s\/paper\/_next\/static\/media\/font-sizes-dark-mode.e382645c.svg\" alt=\"\" title=\"\" class=\"block h-[calc(var(--height)_\/_16_*_1rem)] w-[calc(var(--width)_\/_16_*_1rem)] max-w-none hidden group-hover:block group-aria-expanded:block\" style=\"--width:16;--height:16\" decoding=\"async\"\/><img loading=\"lazy\" src=\"https:\/\/www.t-online.de\/s\/paper\/_next\/static\/media\/sharing-menu-icon.1eb71368.svg\" alt=\"\" title=\"\" class=\"block h-[calc(var(--height)_\/_16_*_1rem)] w-[calc(var(--width)_\/_16_*_1rem)] max-w-none group-hover:brightness-0 group-hover:invert\" style=\"--width:16;--height:16\" decoding=\"async\"\/>Artikel teilen<\/p>\n<p class=\"font-bold text-18 leading-17 user-text-lg:text-22 user-text-xl:text-24\">Im Podcast &#8222;Hopf &amp; Kettner&#8220; spricht Dieter Bohlen unter anderem \u00fcber die politische Lage. Einen Sieg der Ukraine h\u00e4lt er f\u00fcr fatal.<\/p>\n<p class=\"text-18 leading-17 user-text-lg:text-22 user-text-xl:text-24\">Wiederholt polarisierte <a href=\"https:\/\/www.t-online.de\/themen\/dieter-bohlen\/\" class=\"transition-colors cursor-pointer no-underline md:hover:text-magenta md:focus:text-magenta border-b border-solid border-current text-salemsfur md:hover:border-magenta\" data-tracking=\"{&quot;action&quot;:&quot;click&quot;,&quot;category&quot;:&quot;intextLink&quot;,&quot;label&quot;:&quot;\/themen\/dieter-bohlen\/&quot;}\" data-sctrack=\"BodyAnchor\" rel=\"nofollow noopener\" target=\"_blank\">Dieter Bohlen<\/a> mit seinen politischen Aussagen. Nun war er zu Gast im Podcast &#8222;Hopf &amp; Kettner&#8220;. Dort diskutierte er mit dem Goldh\u00e4ndler Dominik Kettner und dem Finanzinfluencer Philip Hopf \u00fcber das Weltgeschehen. Beide gelten als umstritten und haben bereits mit Verschw\u00f6rungstheorien und AfD-N\u00e4he von sich reden gemacht.<\/p>\n<p class=\"text-18 leading-17 user-text-lg:text-22 user-text-xl:text-24\">Im Podcast kam unter anderem der Krieg der <a href=\"https:\/\/www.t-online.de\/themen\/ukraine\/\" class=\"transition-colors cursor-pointer no-underline md:hover:text-magenta md:focus:text-magenta border-b border-solid border-current text-salemsfur md:hover:border-magenta\" data-tracking=\"{&quot;action&quot;:&quot;click&quot;,&quot;category&quot;:&quot;intextLink&quot;,&quot;label&quot;:&quot;\/themen\/ukraine\/&quot;}\" data-sctrack=\"BodyAnchor\" rel=\"nofollow noopener\" target=\"_blank\">Ukraine<\/a> mit <a href=\"https:\/\/www.t-online.de\/themen\/russland\/\" class=\"transition-colors cursor-pointer no-underline md:hover:text-magenta md:focus:text-magenta border-b border-solid border-current text-salemsfur md:hover:border-magenta\" data-tracking=\"{&quot;action&quot;:&quot;click&quot;,&quot;category&quot;:&quot;intextLink&quot;,&quot;label&quot;:&quot;\/themen\/russland\/&quot;}\" data-sctrack=\"BodyAnchor\" rel=\"nofollow noopener\" target=\"_blank\">Russland<\/a> auf. Dabei r\u00e4umte Bohlen ein, dass er &#8222;zunehmend Angst&#8220; habe. Bundeskanzler <a href=\"https:\/\/www.t-online.de\/themen\/friedrich-merz\/\" class=\"transition-colors cursor-pointer no-underline md:hover:text-magenta md:focus:text-magenta border-b border-solid border-current text-salemsfur md:hover:border-magenta\" data-tracking=\"{&quot;action&quot;:&quot;click&quot;,&quot;category&quot;:&quot;intextLink&quot;,&quot;label&quot;:&quot;\/themen\/friedrich-merz\/&quot;}\" data-sctrack=\"BodyAnchor\" rel=\"nofollow noopener\" target=\"_blank\">Friedrich Merz<\/a> w\u00fcrde &#8222;nur das Wort &#8218;Krieg'&#8220; kennen. &#8222;Warum m\u00fcssen jetzt Bunker gebaut werden? Was haben die da vor? Da kriege ich doch Angst. Ich baue doch keine Bunker einfach so aus Jux, sondern ich baue Bunker, wenn ich antizipiere, dass die Krieg wollen&#8220;, so Bohlen.<\/p>\n<ul class=\"text-18 leading-17 block pl-24 *:pb-16 *:before:inline-block *:before:size-8 *:before:bg-magenta *:before:mt-0 *:before:mr-12 *:before:mb-2 *:before:-ml-[20px]\">\n<li><strong class=\"font-bold\">Dieter Bohlen:<\/strong> <a href=\"https:\/\/www.t-online.de\/unterhaltung\/stars\/id_100799014\/dieter-bohlen-und-das-millionendilemma-daher-kommt-seine-angst.html\" class=\"transition-colors cursor-pointer no-underline md:hover:text-magenta md:focus:text-magenta border-b border-solid border-current text-salemsfur md:hover:border-magenta\" data-tracking=\"{&quot;action&quot;:&quot;click&quot;,&quot;category&quot;:&quot;intextLink&quot;,&quot;label&quot;:&quot;\/unterhaltung\/stars\/id_100799014\/dieter-bohlen-und-das-millionendilemma-daher-kommt-seine-angst.html&quot;}\" data-sctrack=\"BodyAnchor\" rel=\"nofollow noopener\" target=\"_blank\">Er bangt um Reichtum \u2013 und umgibt sich mit Rechten?<\/a><\/li>\n<\/ul>\n<p class=\"text-18 leading-17 user-text-lg:text-22 user-text-xl:text-24\">Er selbst hat in der Vergangenheit mehrfach mit Merz telefoniert. Sein Eindruck: &#8222;Er glaubt fest daran, dass die Ukraine das gewinnen kann. Und auch gar nicht mit dem Fazit: Wenn sie das gewinnen w\u00fcrden, was passiert denn dann?&#8220;<\/p>\n<p><img loading=\"lazy\" src=\"https:\/\/www.t-online.de\/s\/paper\/_next\/static\/media\/video-carousel-play.6f25714b.svg\" alt=\"\" title=\"\" class=\"block h-[calc(var(--height)_\/_16_*_1rem)] w-[calc(var(--width)_\/_16_*_1rem)] max-w-none undefined\" style=\"--height:12\" decoding=\"async\"\/><\/p>\n<p>&#8222;Dann w\u00e4re der Weltkrieg da&#8220;<\/p>\n<p class=\"text-18 leading-17 user-text-lg:text-22 user-text-xl:text-24\">Bohlen selbst f\u00fcrchtet einen Sieg der Ukraine \u00fcber Russland. &#8222;Das w\u00e4re ja der Worst Case&#8220;, meint Bohlen. Immerhin w\u00fcrde sich eine Atommacht nicht kampflos ergeben und Putin w\u00fcrde sich nicht &#8222;einfach so&#8220; der Ukraine unterwerfen. &#8222;Wenn die Ukraine \u00fcber Russland gewinnen w\u00fcrde, dann w\u00e4re der Weltkrieg da&#8220;, glaubt Bohlen.<\/p>\n<p class=\"text-18 leading-17 user-text-lg:text-22 user-text-xl:text-24\">Generell beobachte er eine sehr einseitige Berichterstattung in Deutschland. &#8222;Wenn eine Drohne von der Ukraine nach <a href=\"https:\/\/www.t-online.de\/themen\/moskau\/\" class=\"transition-colors cursor-pointer no-underline md:hover:text-magenta md:focus:text-magenta border-b border-solid border-current text-salemsfur md:hover:border-magenta\" data-tracking=\"{&quot;action&quot;:&quot;click&quot;,&quot;category&quot;:&quot;intextLink&quot;,&quot;label&quot;:&quot;\/themen\/moskau\/&quot;}\" data-sctrack=\"BodyAnchor\" rel=\"nofollow noopener\" target=\"_blank\">Moskau<\/a> fliegt, dann ist das okay \u2013 und umgekehrt \u00fcberhaupt nicht&#8220;, beschwert er sich. Er selbst bedauert, dass Russland inzwischen so boykottiert wird. Er habe dort viele Fans, w\u00e4re aber gleich &#8222;kaputt&#8220;, wenn er dort auftreten w\u00fcrde.<\/p>\n","protected":false},"excerpt":{"rendered":"&#8222;W\u00e4re ja der Worst Case&#8220; Dieter Bohlen f\u00fcrchtet Ukraine-Sieg \u00fcber Russland 20.06.2026 &#8211; 11:00 UhrLesedauer: 2 Min. Dieter&hellip;\n","protected":false},"author":2,"featured_media":1108351,"comment_status":"","ping_status":"","sticky":false,"template":"","format":"standard","meta":{"footnotes":"","_share_on_mastodon":"0"},"categories":[4013],"tags":[186,331,332,29,10062,209935,11704,13,14,15,4043,4044,850,307,12,317],"class_list":["post-1108350","post","type-post","status-publish","format-standard","has-post-thumbnail","category-russland","tag-afd","tag-aktuelle-nachrichten","tag-aktuelle-news","tag-deutschland","tag-dieter-bohlen","tag-dominik-kettner","tag-dsds","tag-headlines","tag-nachrichten","tag-news","tag-russia","tag-russian-federation","tag-russische-foederation","tag-russland","tag-schlagzeilen","tag-ukraine"],"share_on_mastodon":{"url":"https:\/\/pubeurope.com\/@de\/116781971909127410","error":""},"_links":{"self":[{"href":"https:\/\/www.europesays.com\/de\/wp-json\/wp\/v2\/posts\/1108350","targetHints":{"allow":["GET"]}}],"collection":[{"href":"https:\/\/www.europesays.com\/de\/wp-json\/wp\/v2\/posts"}],"about":[{"href":"https:\/\/www.europesays.com\/de\/wp-json\/wp\/v2\/types\/post"}],"author":[{"embeddable":true,"href":"https:\/\/www.europesays.com\/de\/wp-json\/wp\/v2\/users\/2"}],"replies":[{"embeddable":true,"href":"https:\/\/www.europesays.com\/de\/wp-json\/wp\/v2\/comments?post=1108350"}],"version-history":[{"count":0,"href":"https:\/\/www.europesays.com\/de\/wp-json\/wp\/v2\/posts\/1108350\/revisions"}],"wp:featuredmedia":[{"embeddable":true,"href":"https:\/\/www.europesays.com\/de\/wp-json\/wp\/v2\/media\/1108351"}],"wp:attachment":[{"href":"https:\/\/www.europesays.com\/de\/wp-json\/wp\/v2\/media?parent=1108350"}],"wp:term":[{"taxonomy":"category","embeddable":true,"href":"https:\/\/www.europesays.com\/de\/wp-json\/wp\/v2\/categories?post=1108350"},{"taxonomy":"post_tag","embeddable":true,"href":"https:\/\/www.europesays.com\/de\/wp-json\/wp\/v2\/tags?post=1108350"}],"curies":[{"name":"wp","href":"https:\/\/api.w.org\/{rel}","templated":true}]}}