{"id":1108454,"date":"2026-06-20T11:30:22","date_gmt":"2026-06-20T11:30:22","guid":{"rendered":"https:\/\/www.europesays.com\/de\/1108454\/"},"modified":"2026-06-20T11:30:22","modified_gmt":"2026-06-20T11:30:22","slug":"trump-greift-meloni-italiens-rechte-stellt-sich-gegen-us-praesident","status":"publish","type":"post","link":"https:\/\/www.europesays.com\/de\/1108454\/","title":{"rendered":"Trump greift Meloni: Italiens Rechte stellt sich gegen US-Pr\u00e4sident"},"content":{"rendered":"<p>Pr\u00e4sident legt nach <\/p>\n<p>Melonis Streit mit Trump eskaliert<\/p>\n<p>20.06.2026 &#8211; 10:59 UhrLesedauer: 3 Min.<\/p>\n<p><a href=\"#focus-0\" class=\"transition-colors block text-current relative\" data-sctrack=\"FocusGalleryImage.Reference\"><img fetchpriority=\"high\" data-testid=\"Opener.Image\"   loading=\"eager\" src=\"https:\/\/www.europesays.com\/de\/wp-content\/uploads\/2026\/06\/ceremony-for-the-signing-of-the-middle-east-peace-plan-13-10-2025-sharm-el-sheikh-signing-ceremony-o.jpeg\" alt=\"Giorgia Meloni und Donald Trump: Eigenlich haben die beiden ein gutes Verh\u00e4ltnis. Jetzt wies die Italienerin aber Aussagen des Pr\u00e4sidenten zur\u00fcck. (Archivbild)\" title=\"Giorgia Meloni und Donald Trump: Eigenlich haben die beiden ein gutes Verh\u00e4ltnis. Jetzt wies die Italienerin aber Aussagen des Pr\u00e4sidenten zur\u00fcck. (Archivbild)\" width=\"3000\" height=\"1688\" class=\"bg-[url:var(--lqipURL)] bg-cover bg-center flex h-full w-full max-w-full\" style=\"--lqipURL:url('https:\/\/images.t-online.de\/2026\/01\/27gCe41hNQXQ\/0x212:3000x1688\/fit-in\/150x0\/filters:blur(25)\/ceremony-for-the-signing-of-the-middle-east-peace-plan-13-10-2025-sharm-el-sheikh-signing-ceremony-of-the-middle-east-peace-plan-pictured-is-prime-minister-giorgia-meloni-with-us-president-donald-trump-credit-ufficio-stampa-avalon-egypt-sharm-el-sheikh-publicationxnotxinxukxfraxusa-copyright-xufficioxstampax-xavalonx-1045387896.jpg')\" decoding=\"async\"\/><img loading=\"lazy\" src=\"https:\/\/www.t-online.de\/s\/paper\/_next\/static\/media\/zoom-in.f7dae02f.svg\" alt=\"Vergr\u00f6\u00dfern des Bildes\" title=\"Vergr\u00f6\u00dfern des Bildes\" class=\"block h-[calc(var(--height)_\/_16_*_1rem)] w-[calc(var(--width)_\/_16_*_1rem)] max-w-none absolute right-8 bottom-8 rounded-4 bg-snow p-8\" style=\"--width:32;--height:32\" decoding=\"async\"\/><\/a><\/p>\n<p>Giorgia Meloni und Donald Trump (Archivbild): Es gibt Streit zwischen den beiden. (Quelle: IMAGO\/Ufficio Stampa \/ Avalon\/imago)<\/p>\n<p><img loading=\"lazy\" src=\"https:\/\/www.t-online.de\/s\/paper\/_next\/static\/media\/audio-volume.6689034c.svg\" alt=\"\" title=\"\" class=\"block h-[calc(var(--height)_\/_16_*_1rem)] w-[calc(var(--width)_\/_16_*_1rem)] max-w-none group-hover:brightness-0 group-hover:invert\" style=\"--width:16;--height:16\" decoding=\"async\"\/>Vorlesen<\/p>\n<p>Aktuelle Zeit:0:00Gesamtdauer:0:00<\/p>\n<p>1x<\/p>\n<p class=\"text-center\">Jetzt neu bei t-online:<\/p>\n<p class=\"text-center\">Schriftgr\u00f6\u00dfe anpassen!<\/p>\n<p><img loading=\"lazy\" src=\"https:\/\/www.t-online.de\/s\/paper\/_next\/static\/media\/font-sizes.32942e33.svg\" alt=\"\" title=\"\" class=\"block h-[calc(var(--height)_\/_16_*_1rem)] w-[calc(var(--width)_\/_16_*_1rem)] max-w-none group-hover:hidden group-aria-expanded:hidden\" style=\"--width:16;--height:16\" decoding=\"async\"\/><img loading=\"lazy\" src=\"https:\/\/www.t-online.de\/s\/paper\/_next\/static\/media\/font-sizes-dark-mode.e382645c.svg\" alt=\"\" title=\"\" class=\"block h-[calc(var(--height)_\/_16_*_1rem)] w-[calc(var(--width)_\/_16_*_1rem)] max-w-none hidden group-hover:block group-aria-expanded:block\" style=\"--width:16;--height:16\" decoding=\"async\"\/><img loading=\"lazy\" src=\"https:\/\/www.t-online.de\/s\/paper\/_next\/static\/media\/sharing-menu-icon.1eb71368.svg\" alt=\"\" title=\"\" class=\"block h-[calc(var(--height)_\/_16_*_1rem)] w-[calc(var(--width)_\/_16_*_1rem)] max-w-none group-hover:brightness-0 group-hover:invert\" style=\"--width:16;--height:16\" decoding=\"async\"\/>Artikel teilen<\/p>\n<p class=\"font-bold text-18 leading-17 user-text-lg:text-22 user-text-xl:text-24\">Eine Zeit lang schw\u00e4rmte Donald Trump von Giorgia Meloni. Nun greift er die Italienerin wiederholt an und ver\u00e4rgert ihre Verb\u00fcndeten.<\/p>\n<p class=\"text-18 leading-17 user-text-lg:text-22 user-text-xl:text-24\">Der Streit zwischen der italienischen Ministerpr\u00e4sidentin Giorgia Meloni und dem US-Pr\u00e4sidenten <a href=\"https:\/\/www.t-online.de\/themen\/donald-trump\/\" class=\"transition-colors cursor-pointer no-underline md:hover:text-magenta md:focus:text-magenta border-b border-solid border-current text-salemsfur md:hover:border-magenta\" data-tracking=\"{&quot;action&quot;:&quot;click&quot;,&quot;category&quot;:&quot;intextLink&quot;,&quot;label&quot;:&quot;\/themen\/donald-trump\/&quot;}\" data-sctrack=\"BodyAnchor\" rel=\"nofollow noopener\" target=\"_blank\">Donald Trump<\/a> eskaliert weiter. Nun hat sich Trump erneut ge\u00e4u\u00dfert. W\u00e4hrenddessen solidarisieren sich in <a href=\"https:\/\/www.t-online.de\/themen\/italien\/\" class=\"transition-colors cursor-pointer no-underline md:hover:text-magenta md:focus:text-magenta border-b border-solid border-current text-salemsfur md:hover:border-magenta\" data-tracking=\"{&quot;action&quot;:&quot;click&quot;,&quot;category&quot;:&quot;intextLink&quot;,&quot;label&quot;:&quot;\/themen\/italien\/&quot;}\" data-sctrack=\"BodyAnchor\" rel=\"nofollow noopener\" target=\"_blank\">Italien<\/a> auch einstige Trump-Anh\u00e4nger mit Meloni.<\/p>\n<p class=\"text-18 leading-17 user-text-lg:text-22 user-text-xl:text-24\">Ausl\u00f6ser war ein Aufeinandertreffen der beiden Regierungschefs beim G7-Gipfel im franz\u00f6sischen \u00c9vian sowie die anschlie\u00dfenden \u00c4u\u00dferungen Trumps dar\u00fcber. So hatte Trump bereits in den vergangenen Monaten wiederholt gegen Meloni und Italien gestichelt. Dabei ging es insbesondere um den Beitrag Italiens zur <a href=\"https:\/\/www.t-online.de\/themen\/nato\/\" class=\"transition-colors cursor-pointer no-underline md:hover:text-magenta md:focus:text-magenta border-b border-solid border-current text-salemsfur md:hover:border-magenta\" data-tracking=\"{&quot;action&quot;:&quot;click&quot;,&quot;category&quot;:&quot;intextLink&quot;,&quot;label&quot;:&quot;\/themen\/nato\/&quot;}\" data-sctrack=\"BodyAnchor\" rel=\"nofollow noopener\" target=\"_blank\">Nato<\/a> und die fehlende Unterst\u00fctzung beim Vorgehen in der <a href=\"https:\/\/www.t-online.de\/themen\/strasse-von-hormus\/\" class=\"transition-colors cursor-pointer no-underline md:hover:text-magenta md:focus:text-magenta border-b border-solid border-current text-salemsfur md:hover:border-magenta\" data-tracking=\"{&quot;action&quot;:&quot;click&quot;,&quot;category&quot;:&quot;intextLink&quot;,&quot;label&quot;:&quot;\/themen\/strasse-von-hormus\/&quot;}\" data-sctrack=\"BodyAnchor\" rel=\"nofollow noopener\" target=\"_blank\">Stra\u00dfe von Hormus<\/a>.<\/p>\n<ul class=\"text-18 leading-17 block pl-24 *:pb-16 *:before:inline-block *:before:size-8 *:before:bg-magenta *:before:mt-0 *:before:mr-12 *:before:mb-2 *:before:-ml-[20px]\">\n<li><strong class=\"font-bold\">Meloni gegen Trump:<\/strong> <a href=\"https:\/\/www.t-online.de\/nachrichten\/ausland\/internationale-politik\/id_101222092\/streit-mit-donald-trump-darum-geht-giorgia-meloni-zu-den-usa-auf-distanz.html\" class=\"transition-colors cursor-pointer no-underline md:hover:text-magenta md:focus:text-magenta border-b border-solid border-current text-salemsfur md:hover:border-magenta\" data-tracking=\"{&quot;action&quot;:&quot;click&quot;,&quot;category&quot;:&quot;intextLink&quot;,&quot;label&quot;:&quot;\/nachrichten\/ausland\/internationale-politik\/id_101222092\/streit-mit-donald-trump-darum-geht-giorgia-meloni-zu-den-usa-auf-distanz.html&quot;}\" data-sctrack=\"BodyAnchor\" rel=\"nofollow noopener\" target=\"_blank\">Das Fass l\u00e4uft \u00fcber<\/a><\/li>\n<li><strong class=\"font-bold\">&#8222;Sie behandelt ihn schlecht&#8220;:<\/strong> <a href=\"https:\/\/www.t-online.de\/nachrichten\/ausland\/eu\/id_101298594\/-gouverneur-das-sagt-trump-ueber-die-teilnehmer-des-g7-gipfel-in-evian.html\" class=\"transition-colors cursor-pointer no-underline md:hover:text-magenta md:focus:text-magenta border-b border-solid border-current text-salemsfur md:hover:border-magenta\" data-tracking=\"{&quot;action&quot;:&quot;click&quot;,&quot;category&quot;:&quot;intextLink&quot;,&quot;label&quot;:&quot;\/nachrichten\/ausland\/eu\/id_101298594\/-gouverneur-das-sagt-trump-ueber-die-teilnehmer-des-g7-gipfel-in-evian.html&quot;}\" data-sctrack=\"BodyAnchor\" rel=\"nofollow noopener\" target=\"_blank\">Was Trump \u00fcber die G7-Gipfel-Teilnehmer sagt<\/a><\/li>\n<\/ul>\n<p class=\"text-18 leading-17 user-text-lg:text-22 user-text-xl:text-24\">In dieser Woche kam es dann am Rande des G7-Gipfels laut der italienischen Regierung zu einem &#8222;kl\u00e4renden Gespr\u00e4ch&#8220;. Dazu ver\u00f6ffentlichte man ein Foto von beiden w\u00e4hrend eines Gespr\u00e4chs. Dabei soll die &#8222;Einheit des Westens&#8220; von beiden bekr\u00e4ftigt worden sein, berichteten diplomatische Kreise.<\/p>\n<p>Trump greift Meloni an<\/p>\n<p class=\"text-18 leading-17 user-text-lg:text-22 user-text-xl:text-24\">Doch die vers\u00f6hnliche Stimmung hielt nicht lange. Denn Trump legte nach. In einem Telefoninterview mit dem italienischen TV-Sender La7 sagte der US-Pr\u00e4sident: &#8222;Sie hat mich angefleht, ein Foto mit ihr zu machen.&#8220; Er habe dieser Bitte entsprochen, da sie ihm leidgetan habe. Er sagte zudem: &#8222;Wahrscheinlich ist sie froh, dass ich mit ihr gesprochen habe. Ich h\u00e4tte nicht mit ihr sprechen m\u00fcssen.&#8220;<\/p>\n<p class=\"text-18 leading-17 user-text-lg:text-22 user-text-xl:text-24\">Meloni reagierte prompt in einer Videobotschaft bei Instagram und erkl\u00e4rte dort: &#8222;Die Aussagen von Donald Trump sind v\u00f6llig erfunden. Ich bin, ehrlich gesagt, fassungslos.&#8220; Sie f\u00fcgte hinzu: &#8222;Ich und Italien flehen niemals.&#8220; Sie wisse nicht, wieso der US-Pr\u00e4sident sich so gegen\u00fcber Verb\u00fcndeten verhalte.<\/p>\n<p class=\"text-18 leading-17 user-text-lg:text-22 user-text-xl:text-24\">Darauf antwortete nun wiederum Trump. In einem Interview mit NBC sagte er: &#8222;Meloni? Du warst eine gro\u00dfartige Unterst\u00fctzerin. Aber ich m\u00f6chte sie nicht als Fan haben, denn weder sie noch die Nato waren da, als es um die Meerenge ging.&#8220;<\/p>\n<p>R\u00fcckendeckung f\u00fcr Meloni in Italien<\/p>\n<p class=\"text-18 leading-17 user-text-lg:text-22 user-text-xl:text-24\">Trumps permanentes Sticheln gegen die Regierungschefin bleibt in Italien nicht ohne Folgen. Und so stellt sich die gesamte politische Rechte trotz fr\u00fcherer Sympathien f\u00fcr Trump hinter Meloni. Giovanbattista Fazzolari, Staatssekret\u00e4r und Kommunikationschef in Melonis Partei Fratelli d&#8217;Italia, fand deutliche Worte f\u00fcr Trump, obwohl er lange Zeit Anh\u00e4nger des Pr\u00e4sidenten war. &#8222;Trumps Tiraden gegen Giorgia Meloni sind nur die j\u00fcngste Episode seiner Angriffe und Beleidigungen gegen europ\u00e4ische Staats- und Regierungschefs. Es ist unklar, ob er absichtlich oder aus Inkompetenz die historischen Beziehungen zwischen den Vereinigten Staaten und Europa zerst\u00f6rt.&#8220;<\/p>\n","protected":false},"excerpt":{"rendered":"Pr\u00e4sident legt nach Melonis Streit mit Trump eskaliert 20.06.2026 &#8211; 10:59 UhrLesedauer: 3 Min. Giorgia Meloni und Donald&hellip;\n","protected":false},"author":2,"featured_media":1108455,"comment_status":"","ping_status":"","sticky":false,"template":"","format":"standard","meta":{"footnotes":"","_share_on_mastodon":"0"},"categories":[5],"tags":[326,106,19104,9236,13,152,355,91996,14,1159,15,12,29839,10,8,9,11],"class_list":["post-1108454","post","type-post","status-publish","format-standard","has-post-thumbnail","category-nachrichten","tag-326","tag-donald-trump","tag-g7","tag-giorgia-meloni","tag-headlines","tag-instagram","tag-italien","tag-matteo-salvini","tag-nachrichten","tag-nato","tag-news","tag-schlagzeilen","tag-strasse-von-hormus","tag-top-news","tag-top-meldungen","tag-topmeldungen","tag-topnews"],"share_on_mastodon":{"url":"https:\/\/pubeurope.com\/@de\/116782211855025575","error":""},"_links":{"self":[{"href":"https:\/\/www.europesays.com\/de\/wp-json\/wp\/v2\/posts\/1108454","targetHints":{"allow":["GET"]}}],"collection":[{"href":"https:\/\/www.europesays.com\/de\/wp-json\/wp\/v2\/posts"}],"about":[{"href":"https:\/\/www.europesays.com\/de\/wp-json\/wp\/v2\/types\/post"}],"author":[{"embeddable":true,"href":"https:\/\/www.europesays.com\/de\/wp-json\/wp\/v2\/users\/2"}],"replies":[{"embeddable":true,"href":"https:\/\/www.europesays.com\/de\/wp-json\/wp\/v2\/comments?post=1108454"}],"version-history":[{"count":0,"href":"https:\/\/www.europesays.com\/de\/wp-json\/wp\/v2\/posts\/1108454\/revisions"}],"wp:featuredmedia":[{"embeddable":true,"href":"https:\/\/www.europesays.com\/de\/wp-json\/wp\/v2\/media\/1108455"}],"wp:attachment":[{"href":"https:\/\/www.europesays.com\/de\/wp-json\/wp\/v2\/media?parent=1108454"}],"wp:term":[{"taxonomy":"category","embeddable":true,"href":"https:\/\/www.europesays.com\/de\/wp-json\/wp\/v2\/categories?post=1108454"},{"taxonomy":"post_tag","embeddable":true,"href":"https:\/\/www.europesays.com\/de\/wp-json\/wp\/v2\/tags?post=1108454"}],"curies":[{"name":"wp","href":"https:\/\/api.w.org\/{rel}","templated":true}]}}