{"id":1108466,"date":"2026-06-20T11:37:26","date_gmt":"2026-06-20T11:37:26","guid":{"rendered":"https:\/\/www.europesays.com\/de\/1108466\/"},"modified":"2026-06-20T11:37:26","modified_gmt":"2026-06-20T11:37:26","slug":"moenchengladbach-industriestandort-muss-sich-neu-erfinden","status":"publish","type":"post","link":"https:\/\/www.europesays.com\/de\/1108466\/","title":{"rendered":"M\u00f6nchengladbach: Industriestandort muss sich neu erfinden"},"content":{"rendered":"<p class=\"text_ohne_einzug richtext text-em-55 !leading-serif mx-6 desktop:mx-0\">Es war ein Paukenschlag f\u00fcr den Wirtschaftsstandort: Wieder verabschiedet sich ein Traditionsunternehmen mit einem wirklich wichtigen Bereich aus <a href=\"https:\/\/rp-online.de\/thema\/moenchengladbach\/\" rel=\"nofollow noopener\" target=\"_blank\">M\u00f6nchengladbach<\/a>. Tr\u00fctzschler, ein inzwischen als Group weltweit agierendes Unternehmen, das aber seit 1948 seine Zentrale in Odenkirchen hat, Kostenpflichtiger Inhalt <a href=\"https:\/\/rp-online.de\/nrw\/staedte\/moenchengladbach\/truetzschler-stellt-produktion-in-moenchengladbach-ein-riesenkatastrophe_aid-150095649\" rel=\"nofollow noopener\" target=\"_blank\">beendet die Produktion in M\u00f6nchengladbach<\/a>. 200 Stellen sollen wegfallen. Das allein ist schon bitter, auch wenn die Besch\u00e4ftigten vermutlich \u00fcber Sozialpl\u00e4ne wirtschaftlich aufgefangen werden.<\/p>\n","protected":false},"excerpt":{"rendered":"Es war ein Paukenschlag f\u00fcr den Wirtschaftsstandort: Wieder verabschiedet sich ein Traditionsunternehmen mit einem wirklich wichtigen Bereich aus&hellip;\n","protected":false},"author":2,"featured_media":1108467,"comment_status":"","ping_status":"","sticky":false,"template":"","format":"standard","meta":{"footnotes":"","_share_on_mastodon":"0"},"categories":[1849],"tags":[82159,127194,5054,3364,29,548,663,3934,30,13,22745,4455,14,15,1209,842,12,11060,28947,234648,184878,53689,10958],"class_list":["post-1108466","post","type-post","status-publish","format-standard","has-post-thumbnail","category-moenchengladbach","tag-textilien","tag-bitter","tag-branche","tag-de","tag-deutschland","tag-eu","tag-europa","tag-europe","tag-germany","tag-headlines","tag-hoffnung","tag-moenchengladbach","tag-nachrichten","tag-news","tag-nordrhein-westfalen","tag-produktion","tag-schlagzeilen","tag-textil","tag-textilindustrie","tag-textilstandort","tag-truetzschler","tag-weltweit","tag-zentrale"],"share_on_mastodon":{"url":"https:\/\/pubeurope.com\/@de\/116782238657874611","error":""},"_links":{"self":[{"href":"https:\/\/www.europesays.com\/de\/wp-json\/wp\/v2\/posts\/1108466","targetHints":{"allow":["GET"]}}],"collection":[{"href":"https:\/\/www.europesays.com\/de\/wp-json\/wp\/v2\/posts"}],"about":[{"href":"https:\/\/www.europesays.com\/de\/wp-json\/wp\/v2\/types\/post"}],"author":[{"embeddable":true,"href":"https:\/\/www.europesays.com\/de\/wp-json\/wp\/v2\/users\/2"}],"replies":[{"embeddable":true,"href":"https:\/\/www.europesays.com\/de\/wp-json\/wp\/v2\/comments?post=1108466"}],"version-history":[{"count":0,"href":"https:\/\/www.europesays.com\/de\/wp-json\/wp\/v2\/posts\/1108466\/revisions"}],"wp:featuredmedia":[{"embeddable":true,"href":"https:\/\/www.europesays.com\/de\/wp-json\/wp\/v2\/media\/1108467"}],"wp:attachment":[{"href":"https:\/\/www.europesays.com\/de\/wp-json\/wp\/v2\/media?parent=1108466"}],"wp:term":[{"taxonomy":"category","embeddable":true,"href":"https:\/\/www.europesays.com\/de\/wp-json\/wp\/v2\/categories?post=1108466"},{"taxonomy":"post_tag","embeddable":true,"href":"https:\/\/www.europesays.com\/de\/wp-json\/wp\/v2\/tags?post=1108466"}],"curies":[{"name":"wp","href":"https:\/\/api.w.org\/{rel}","templated":true}]}}