{"id":1108472,"date":"2026-06-20T11:40:22","date_gmt":"2026-06-20T11:40:22","guid":{"rendered":"https:\/\/www.europesays.com\/de\/1108472\/"},"modified":"2026-06-20T11:40:22","modified_gmt":"2026-06-20T11:40:22","slug":"d-mission-is-possible-in-augsburg","status":"publish","type":"post","link":"https:\/\/www.europesays.com\/de\/1108472\/","title":{"rendered":"D: \u201eMission is possible\u201c in Augsburg"},"content":{"rendered":"<p>Der Augsburger Bischof Bertram Meier hat die Einheit der Christen \u00fcber Konfessionsgrenzen hinweg betont. Das, was Christinnen und Christen verbinde, sei viel st\u00e4rker als das, was sie trenne, sagte Meier am Freitagabend in Augsburg.<\/p>\n<p>     <a href=\"https:\/\/www.vaticannews.va\/de\/kirche\/news\/2026-05\/bischof-bertram-meier-katholikentag-wuerzburg-kirche-glaube-mut.html\" title=\"Bischof Meier: \u201eNicht die K\u00f6pfe h\u00e4ngen lassen\u201c\" rel=\"nofollow noopener\" target=\"_blank\"><\/p>\n<p>        <img decoding=\"async\" src=\"data:image\/gif;base64,R0lGODlhAQABAIAAAAAAAP\/\/\/yH5BAEAAAAALAAAAAABAAEAAAIBRAA7\" data-original=\"https:\/\/www.vaticannews.va\/content\/dam\/vaticannews\/multimedia\/2026\/maggio\/14\/WhatsApp-Image-2026-05-14-at-12.46.11aem.jpg\/_jcr_content\/renditions\/cq5dam.thumbnail.cropped.500.281.jpeg\" alt=\"Bischof Meier: \u201eNicht die K\u00f6pfe h\u00e4ngen lassen\u201c\"\/><\/p>\n<p>      <\/a><\/p>\n<p>\n      \u201eHab Mut, steh auf!\u201c Das ist das Leitwort des 104. Deutschen Katholikentags, der am Mittwochabend in W\u00fcrzburg begonnen hat.\n     <\/p>\n<p>Er f\u00fcgte hinzu: \u201eIch w\u00fcnsche mir, dass wir gemeinsam den Blick auf Jesus Christus richten, der uns alle vereint.\u201c Meier \u00e4u\u00dferte sich zum Auftakt des neuen Missions-Kongresses \u201eMission is possible\u201c. Hinter dem zweit\u00e4gigen Programm aus Vortr\u00e4gen, Workshops, Musik und Gebet im Augsburger Kongress am Park steht das Augsburger Gebetshaus unter der Leitung des katholischen Theologen <b>Johannes Hartl<\/b>. Die Konferenz richtet sich nach Angaben der Veranstalter an Personen, die sich mit der Frage auseinandersetzen, wie Kirche in der Gegenwart Menschen unabh\u00e4ngig von Konfession und Alter erreichen kann. Das Organisationsteam sprach von rund 1.000 Besuchenden.<\/p>\n<p>Bedeutung des Betens <\/p>\n<p>Unter den Teilnehmenden befand sich neben dem Augsburger <b>Weihbischof Florian W\u00f6rner<\/b> auch der Passauer <b>Di\u00f6zesanbischof Stefan Oster<\/b>, welcher \u00fcber die Bedeutung des Betens sprach. Wer sich mit dem Thema Mission auseinandersetze, wisse um den Umstand, dass ohne Gebet nichts real sei. Oster definierte das Gebet als Ausdrucksform f\u00fcr die Beziehung mit Gott. Auf die Frage nach der praktischen Umsetzung f\u00fchrte der Bischof aus, man m\u00fcsse darum bitten, der g\u00f6ttlichen Gegenwart vertrauen zu k\u00f6nnen. Dieser Gegenwart gelte es sich schweigend und wartend auszusetzen, bis sie sich von sich her zeige. Auch das innerliche Niederknien bezeichnete Oster als wichtig, damit sich das kontrollierende Ego nicht st\u00e4ndig einmische. Der Mensch halte sich von Natur aus f\u00fcr den Mittelpunkt der Welt und ben\u00f6tige daher eine Neuzentrierung auf Gott. Wenn dies gelinge, ereignen sich laut Oster die wesentlichen Dinge meistens in den leisen, inneren Regungen der Seele und weniger in gro\u00dfen Gef\u00fchlswallungen.<\/p>\n<p>Aktueller Zustand der Kirche <\/p>\n<p>Der Theologe Johannes Hartl \u00fcbte Kritik am aktuellen Zustand der Kirche und verglich die Situation mit einem Restaurant, dessen Personal sich auf interne Abl\u00e4ufe, Jahresgespr\u00e4che und Tischdekorationen spezialisiert habe, aber auf die Bestellung eines hungrigen Gastes nicht vorbereitet sei. Hartl erkl\u00e4rte, er habe das Gef\u00fchl, dass Kirchen oft in dieser Weise agieren und davon ausgehen, dass alle Menschen versorgt seien, weil die Verantwortlichen selbst an reich gedeckten Tischen sitzen. Dabei werde \u00fcbersehen, dass Personen au\u00dferhalb dieser Strukturen spirituellen Hunger leiden. Das Wesentliche an der Kirche sei nicht die Institution selbst, sondern Jesus Christus.<\/p>\n<p>(kna &#8211; mg)<\/p>\n","protected":false},"excerpt":{"rendered":"Der Augsburger Bischof Bertram Meier hat die Einheit der Christen \u00fcber Konfessionsgrenzen hinweg betont. Das, was Christinnen und&hellip;\n","protected":false},"author":2,"featured_media":1108473,"comment_status":"","ping_status":"","sticky":false,"template":"","format":"standard","meta":{"footnotes":"","_share_on_mastodon":"0"},"categories":[1846],"tags":[680,772,234651,3364,29,548,663,3934,234650,30,234653,13,158480,234649,14,15,37957,12,234652],"class_list":["post-1108472","post","type-post","status-publish","format-standard","has-post-thumbnail","category-augsburg","tag-augsburg","tag-bayern","tag-bertram-meier","tag-de","tag-deutschland","tag-eu","tag-europa","tag-europe","tag-gebetshaus","tag-germany","tag-glaubensvermittlung","tag-headlines","tag-johannes-hartl","tag-missions-kongress","tag-nachrichten","tag-news","tag-oekumene","tag-schlagzeilen","tag-stefan-oster"],"share_on_mastodon":{"url":"https:\/\/pubeurope.com\/@de\/116782250516530376","error":""},"_links":{"self":[{"href":"https:\/\/www.europesays.com\/de\/wp-json\/wp\/v2\/posts\/1108472","targetHints":{"allow":["GET"]}}],"collection":[{"href":"https:\/\/www.europesays.com\/de\/wp-json\/wp\/v2\/posts"}],"about":[{"href":"https:\/\/www.europesays.com\/de\/wp-json\/wp\/v2\/types\/post"}],"author":[{"embeddable":true,"href":"https:\/\/www.europesays.com\/de\/wp-json\/wp\/v2\/users\/2"}],"replies":[{"embeddable":true,"href":"https:\/\/www.europesays.com\/de\/wp-json\/wp\/v2\/comments?post=1108472"}],"version-history":[{"count":0,"href":"https:\/\/www.europesays.com\/de\/wp-json\/wp\/v2\/posts\/1108472\/revisions"}],"wp:featuredmedia":[{"embeddable":true,"href":"https:\/\/www.europesays.com\/de\/wp-json\/wp\/v2\/media\/1108473"}],"wp:attachment":[{"href":"https:\/\/www.europesays.com\/de\/wp-json\/wp\/v2\/media?parent=1108472"}],"wp:term":[{"taxonomy":"category","embeddable":true,"href":"https:\/\/www.europesays.com\/de\/wp-json\/wp\/v2\/categories?post=1108472"},{"taxonomy":"post_tag","embeddable":true,"href":"https:\/\/www.europesays.com\/de\/wp-json\/wp\/v2\/tags?post=1108472"}],"curies":[{"name":"wp","href":"https:\/\/api.w.org\/{rel}","templated":true}]}}